{"id":93212,"date":"2026-09-05T00:01:00","date_gmt":"2026-09-05T06:01:00","guid":{"rendered":"https:\/\/www.opinionpublica.tv\/portada\/?p=93212"},"modified":"2026-09-04T20:38:10","modified_gmt":"2026-09-05T02:38:10","slug":"fox-se-reune-con-alito-analizan-construir-una-alianza-opositora-contra-morena","status":"publish","type":"post","link":"https:\/\/www.opinionpublica.tv\/portada\/fox-se-reune-con-alito-analizan-construir-una-alianza-opositora-contra-morena\/","title":{"rendered":"Fox se re\u00fane con Alito; analizan construir una alianza opositora contra Morena"},"content":{"rendered":"\n<figure class=\"wp-block-image size-large\"><img fetchpriority=\"high\" decoding=\"async\" width=\"1024\" height=\"683\" src=\"https:\/\/www.opinionpublica.tv\/portada\/wp-content\/uploads\/2026\/09\/Fox-se-reune-con-Alito-analizan-construir-una-alianza-opositora-contra-Morena-1024x683.webp\" alt=\"Fox se reu\u0301ne con Alito; analizan construir una alianza opositora contra Morena\" class=\"wp-image-93215\" srcset=\"https:\/\/www.opinionpublica.tv\/portada\/wp-content\/uploads\/2026\/09\/Fox-se-reune-con-Alito-analizan-construir-una-alianza-opositora-contra-Morena-1024x683.webp 1024w, https:\/\/www.opinionpublica.tv\/portada\/wp-content\/uploads\/2026\/09\/Fox-se-reune-con-Alito-analizan-construir-una-alianza-opositora-contra-Morena-300x200.webp 300w, https:\/\/www.opinionpublica.tv\/portada\/wp-content\/uploads\/2026\/09\/Fox-se-reune-con-Alito-analizan-construir-una-alianza-opositora-contra-Morena-768x512.webp 768w, https:\/\/www.opinionpublica.tv\/portada\/wp-content\/uploads\/2026\/09\/Fox-se-reune-con-Alito-analizan-construir-una-alianza-opositora-contra-Morena.webp 1200w\" sizes=\"(max-width: 1024px) 100vw, 1024px\" \/><\/figure>\n\n\n\n<p class=\"wp-block-paragraph\"><em>Ciudad de M\u00e9xico<\/em>.- El ex presidente Vicente Fox se reuni\u00f3 este viernes con el dirigente nacional del Partido Revolucionario (PRI), Alejandro Moreno, con quien dialog\u00f3 sobre la posibilidad de crear un frente de oposici\u00f3n.<\/p>\n\n\n\n<p class=\"wp-block-paragraph\">Unos d\u00edas despu\u00e9s de que Alito llamara desde la tribuna de la C\u00e1mara de Diputados a crear una alianza opositora para derrotar a Morena, el senador con licencia y el ex mandatario panista se reunieron en la sede nacional del PRI.<\/p>\n\n\n\n<p class=\"wp-block-paragraph\">En el encuentro, seg\u00fan un comunicado del tricolor, ambos \u201cdialogaron sobre la situaci\u00f3n pol\u00edtica que atraviesa M\u00e9xico, los desaf\u00edos para la democracia, la defensa de las instituciones y las libertades, as\u00ed como la importancia de fortalecer los contrapesos y la participaci\u00f3n ciudadana\u201d.<\/p>\n\n\n\n<p class=\"wp-block-paragraph\">Moreno C\u00e1rdenas \u201cexpres\u00f3 su reconocimiento a la trayectoria democr\u00e1tica del ex presidente Vicente Fox y destac\u00f3 la importancia de construir espacios de di\u00e1logo entre fuerzas pol\u00edticas, organizaciones de la sociedad civil y ciudadanos que coinciden en la defensa de la democracia, las libertades y las instituciones\u201d.<\/p>\n\n\n\n<p class=\"wp-block-paragraph\">Seg\u00fan el bolet\u00edn del PRI, Alito afirm\u00f3 que \u201cM\u00e9xico requiere una oposici\u00f3n firme, responsable y con capacidad para sumar a quienes quieren un pa\u00eds democr\u00e1tico, plural y con instituciones s\u00f3lidas\u201d, y subray\u00f3 que \u201clas diferencias pol\u00edticas son naturales, pero existen causas que requieren coordinaci\u00f3n y apertura para construir acuerdos\u201d.<\/p>\n\n\n\n<p class=\"wp-block-paragraph\">Moreno y Fox \u201chicieron un llamado a sumar esfuerzos y voluntades entre ciudadanos, organizaciones y fuerzas pol\u00edticas democr\u00e1ticas, y plantearon la necesidad de ampliar la participaci\u00f3n de la sociedad y generar coincidencias que permitan construir una alternativa para M\u00e9xico, poniendo por delante la defensa de la democracia y las libertades\u201d.<\/p>\n\n\n\n<p class=\"wp-block-paragraph\">Seg\u00fan el comunicado del PRI, Fox \u201cdestac\u00f3 la importancia de mantener el di\u00e1logo y de convocar a m\u00e1s mexicanos a participar activamente en la vida p\u00fablica del pa\u00eds\u201d. En ese sentido, subray\u00f3 que la asociaci\u00f3n civil \u201cAlma de M\u00e9xico\u201d, que \u00e9l encabeza, \u201ccontinuar\u00e1 impulsando la organizaci\u00f3n y participaci\u00f3n ciudadana, as\u00ed como el encuentro con distintos actores pol\u00edticos y sociales\u201d.<\/p>\n\n\n\n<p class=\"wp-block-paragraph\">La dirigencia nacional del PRI agradeci\u00f3 la visita del ex presidente Vicente Fox \u201cy reiter\u00f3 su disposici\u00f3n para mantener el di\u00e1logo con organizaciones civiles, ciudadanos y liderazgos pol\u00edticos comprometidos con la Constituci\u00f3n, las instituciones, las libertades y la democracia\u201d.<\/p>\n\n\n\n<p class=\"wp-block-paragraph\">Adem\u00e1s de Fox, participaron en la reuni\u00f3n integrantes de \u201cAlma de M\u00e9xico\u201d, entre ellos Juan Carlos Romero Hicks; Jos\u00e9 Luis Salas Cacho; Rodolfo Elizondo; Jos\u00e9 Espina; V\u00edctor Guerrero Ch\u00e1vez, y Juan Hern\u00e1ndez.<\/p>\n\n\n\n<p class=\"wp-block-paragraph\">Por el lado del PRI, estuvieron Moreno C\u00e1rdenas, y los coordinadores del tricolor en el Senado y la C\u00e1mara de Diputados, Manuel A\u00f1orve y Rub\u00e9n Moreita, respectivamente.<\/p>\n\n\n\n<p class=\"wp-block-paragraph\"><em>Con informaci\u00f3n de El Universal<\/em>.<\/p>\n","protected":false},"excerpt":{"rendered":"<p>Ciudad de M\u00e9xico.- El ex presidente Vicente Fox se reuni\u00f3 este viernes con el dirigente nacional del Partido Revolucionario (PRI), Alejandro Moreno, con quien dialog\u00f3 sobre la posibilidad de crear un frente de oposici\u00f3n. Unos d\u00edas despu\u00e9s de que Alito llamara desde la tribuna de la C\u00e1mara de Diputados a crear una alianza opositora para [&hellip;]<\/p>\n","protected":false},"author":6,"featured_media":93215,"comment_status":"closed","ping_status":"closed","sticky":false,"template":"","format":"standard","meta":{"_acf_changed":false,"_monsterinsights_skip_tracking":false,"slim_seo":{"title":"Fox se re\u00fane con Alito; analizan construir una alianza opositora contra Morena - Opini\u00f3n P\u00fablica","description":"Ciudad de M\u00e9xico .- El ex presidente Vicente Fox se reuni\u00f3 este viernes con el dirigente nacional del Partido Revolucionario (PRI), Alejandro Moreno, con quien"},"footnotes":""},"categories":[4],"tags":[583,1063,85,816],"class_list":["post-93212","post","type-post","status-publish","format-standard","has-post-thumbnail","hentry","category-pulsopolitico","tag-alito-moreno","tag-elecciones-2027","tag-morena","tag-vicente-fox"],"acf":[],"_links":{"self":[{"href":"https:\/\/www.opinionpublica.tv\/portada\/wp-json\/wp\/v2\/posts\/93212","targetHints":{"allow":["GET"]}}],"collection":[{"href":"https:\/\/www.opinionpublica.tv\/portada\/wp-json\/wp\/v2\/posts"}],"about":[{"href":"https:\/\/www.opinionpublica.tv\/portada\/wp-json\/wp\/v2\/types\/post"}],"author":[{"embeddable":true,"href":"https:\/\/www.opinionpublica.tv\/portada\/wp-json\/wp\/v2\/users\/6"}],"replies":[{"embeddable":true,"href":"https:\/\/www.opinionpublica.tv\/portada\/wp-json\/wp\/v2\/comments?post=93212"}],"version-history":[{"count":3,"href":"https:\/\/www.opinionpublica.tv\/portada\/wp-json\/wp\/v2\/posts\/93212\/revisions"}],"predecessor-version":[{"id":93216,"href":"https:\/\/www.opinionpublica.tv\/portada\/wp-json\/wp\/v2\/posts\/93212\/revisions\/93216"}],"wp:featuredmedia":[{"embeddable":true,"href":"https:\/\/www.opinionpublica.tv\/portada\/wp-json\/wp\/v2\/media\/93215"}],"wp:attachment":[{"href":"https:\/\/www.opinionpublica.tv\/portada\/wp-json\/wp\/v2\/media?parent=93212"}],"wp:term":[{"taxonomy":"category","embeddable":true,"href":"https:\/\/www.opinionpublica.tv\/portada\/wp-json\/wp\/v2\/categories?post=93212"},{"taxonomy":"post_tag","embeddable":true,"href":"https:\/\/www.opinionpublica.tv\/portada\/wp-json\/wp\/v2\/tags?post=93212"}],"curies":[{"name":"wp","href":"https:\/\/api.w.org\/{rel}","templated":true}]}}