{"id":9321,"date":"2016-12-04T07:00:00","date_gmt":"2016-12-04T06:00:00","guid":{"rendered":"https:\/\/www.opinionpublica.tv\/portada\/2016\/12\/04\/rescatan-a-pasajeros-de-ruta-en-paso-a-desnivel-inundado\/"},"modified":"2016-12-04T07:00:00","modified_gmt":"2016-12-04T06:00:00","slug":"rescatan-a-pasajeros-de-ruta-en-paso-a-desnivel-inundado","status":"publish","type":"post","link":"https:\/\/www.opinionpublica.tv\/portada\/rescatan-a-pasajeros-de-ruta-en-paso-a-desnivel-inundado\/","title":{"rendered":"Rescatan a pasajeros de ruta en paso a desnivel inundado"},"content":{"rendered":"<p><img fetchpriority=\"high\" decoding=\"async\" class=\" size-full wp-image-9320\" src=\"https:\/\/www.opinionpublica.tv\/portada\/wp-content\/uploads\/2016\/12\/d09ec4d164a8ab0b893ebb1cca09fc8f.jpg\" alt=\"\" width=\"1426\" height=\"697\" srcset=\"https:\/\/www.opinionpublica.tv\/portada\/wp-content\/uploads\/2016\/12\/d09ec4d164a8ab0b893ebb1cca09fc8f.jpg 1426w, https:\/\/www.opinionpublica.tv\/portada\/wp-content\/uploads\/2016\/12\/d09ec4d164a8ab0b893ebb1cca09fc8f-300x147.jpg 300w, https:\/\/www.opinionpublica.tv\/portada\/wp-content\/uploads\/2016\/12\/d09ec4d164a8ab0b893ebb1cca09fc8f-1024x501.jpg 1024w, https:\/\/www.opinionpublica.tv\/portada\/wp-content\/uploads\/2016\/12\/d09ec4d164a8ab0b893ebb1cca09fc8f-768x375.jpg 768w\" sizes=\"(max-width: 1426px) 100vw, 1426px\" \/><br \/>\n<!--more--><\/p>\n<p style=\"text-align: justify;\">Esta ma\u00f1ana, elementos del Cuerpo de Bomberos y de la Secretaria de la Seguridad P\u00fablica Municipal ayudaron a rescatar a m\u00e1s de 20 pasajeros atrapados en un cami\u00f3n varado en un paso a desnivel, luego de ignorar las advertencias de que estaba inundado.<\/p>\n<p style=\"text-align: justify;\">A pesar de que agentes de Tr\u00e1nsito estaban bloqueando la calle para evitar la entrada de autos al paso inundado, el chofer de la Ruta 1-B Express condujo hasta el lugar, poniendo en p\u00e1nico a quienes iban a bordo de la unidad.<\/p>\n<p style=\"text-align: justify;\">Entre los pasajeros se encontraban 6 ni\u00f1os menores, quienes estuvieron en riesgo debido a la profundidad del agua. Para el rescate fue necesario el uso de lancha inflable.<\/p>\n<p style=\"text-align: justify;\">Luego de evacuar a todas las personas a bordo, los agentes de tr\u00e1nsito detuvieron al chofer del cami\u00f3n por haber omitido las se\u00f1ales de vialidad y poner en riesgo la vida de civiles.<\/p>\n","protected":false},"excerpt":{"rendered":"","protected":false},"author":4,"featured_media":9320,"comment_status":"open","ping_status":"open","sticky":false,"template":"","format":"standard","meta":{"_acf_changed":false,"_monsterinsights_skip_tracking":false,"slim_seo":{"title":"Rescatan a pasajeros de ruta en paso a desnivel inundado - Opini\u00f3n P\u00fablica","description":"Esta ma\u00f1ana, elementos del Cuerpo de Bomberos y de la Secretaria de la Seguridad P\u00fablica Municipal ayudaron a rescatar a m\u00e1s de 20 pasajeros atrapados en un cam"},"footnotes":""},"categories":[5],"tags":[],"class_list":["post-9321","post","type-post","status-publish","format-standard","has-post-thumbnail","hentry","category-frontera"],"acf":[],"_links":{"self":[{"href":"https:\/\/www.opinionpublica.tv\/portada\/wp-json\/wp\/v2\/posts\/9321","targetHints":{"allow":["GET"]}}],"collection":[{"href":"https:\/\/www.opinionpublica.tv\/portada\/wp-json\/wp\/v2\/posts"}],"about":[{"href":"https:\/\/www.opinionpublica.tv\/portada\/wp-json\/wp\/v2\/types\/post"}],"author":[{"embeddable":true,"href":"https:\/\/www.opinionpublica.tv\/portada\/wp-json\/wp\/v2\/users\/4"}],"replies":[{"embeddable":true,"href":"https:\/\/www.opinionpublica.tv\/portada\/wp-json\/wp\/v2\/comments?post=9321"}],"version-history":[{"count":0,"href":"https:\/\/www.opinionpublica.tv\/portada\/wp-json\/wp\/v2\/posts\/9321\/revisions"}],"wp:featuredmedia":[{"embeddable":true,"href":"https:\/\/www.opinionpublica.tv\/portada\/wp-json\/wp\/v2\/media\/9320"}],"wp:attachment":[{"href":"https:\/\/www.opinionpublica.tv\/portada\/wp-json\/wp\/v2\/media?parent=9321"}],"wp:term":[{"taxonomy":"category","embeddable":true,"href":"https:\/\/www.opinionpublica.tv\/portada\/wp-json\/wp\/v2\/categories?post=9321"},{"taxonomy":"post_tag","embeddable":true,"href":"https:\/\/www.opinionpublica.tv\/portada\/wp-json\/wp\/v2\/tags?post=9321"}],"curies":[{"name":"wp","href":"https:\/\/api.w.org\/{rel}","templated":true}]}}