{"id":93202,"date":"2026-09-05T00:01:00","date_gmt":"2026-09-05T06:01:00","guid":{"rendered":"https:\/\/www.opinionpublica.tv\/portada\/?p=93202"},"modified":"2026-09-04T20:27:28","modified_gmt":"2026-09-05T02:27:28","slug":"mexico-no-tiene-nada-que-ofrecer-a-eu-solo-tamales-calientes-y-tomates-trump","status":"publish","type":"post","link":"https:\/\/www.opinionpublica.tv\/portada\/mexico-no-tiene-nada-que-ofrecer-a-eu-solo-tamales-calientes-y-tomates-trump\/","title":{"rendered":"M\u00e9xico no tiene nada que ofrecer a EU, s\u00f3lo \u00abtamales calientes y tomates\u00bb: Trump"},"content":{"rendered":"\n<figure class=\"wp-block-image size-large\"><img fetchpriority=\"high\" decoding=\"async\" width=\"1024\" height=\"643\" src=\"https:\/\/www.opinionpublica.tv\/portada\/wp-content\/uploads\/2026\/09\/Mexico-no-tiene-nada-que-ofrecer-a-EU-solo-22tamales-calientes-y-tomates22-Trump-1024x643.png\" alt=\"Me\u0301xico no tiene nada que ofrecer a EU, so\u0301lo %22tamales calientes y tomates%22 Trump\" class=\"wp-image-93205\" srcset=\"https:\/\/www.opinionpublica.tv\/portada\/wp-content\/uploads\/2026\/09\/Mexico-no-tiene-nada-que-ofrecer-a-EU-solo-22tamales-calientes-y-tomates22-Trump-1024x643.png 1024w, https:\/\/www.opinionpublica.tv\/portada\/wp-content\/uploads\/2026\/09\/Mexico-no-tiene-nada-que-ofrecer-a-EU-solo-22tamales-calientes-y-tomates22-Trump-300x188.png 300w, https:\/\/www.opinionpublica.tv\/portada\/wp-content\/uploads\/2026\/09\/Mexico-no-tiene-nada-que-ofrecer-a-EU-solo-22tamales-calientes-y-tomates22-Trump-768x482.png 768w, https:\/\/www.opinionpublica.tv\/portada\/wp-content\/uploads\/2026\/09\/Mexico-no-tiene-nada-que-ofrecer-a-EU-solo-22tamales-calientes-y-tomates22-Trump-1536x964.png 1536w, https:\/\/www.opinionpublica.tv\/portada\/wp-content\/uploads\/2026\/09\/Mexico-no-tiene-nada-que-ofrecer-a-EU-solo-22tamales-calientes-y-tomates22-Trump.png 1972w\" sizes=\"(max-width: 1024px) 100vw, 1024px\" \/><\/figure>\n\n\n\n<p class=\"wp-block-paragraph\"><em>Washington, DC, EU<\/em>.- El presidente de Estados Unidos, Donald Trump, asegur\u00f3 que M\u00e9xico no tiene nada que ofrecer a su pa\u00eds, m\u00e1s que \u00abtamales calientes y tomates\u00bb, aunque explic\u00f3 que no piensa interrumpir la relaci\u00f3n comercial porque se lleva \u00abmuy bien\u00bb con su hom\u00f3loga mexicana, Claudia Sheinbaum.<\/p>\n\n\n\n<p class=\"wp-block-paragraph\">Trump se refiri\u00f3 a su vecino del sur mientras respond\u00eda preguntas de periodistas en la Oficina Oval sobre su amenaza de cortar el comercio con las naciones que mantienen un super\u00e1vit comercial con Estados Unidos.<\/p>\n\n\n\n<p class=\"wp-block-paragraph\">\u00abSi dejara de comerciar con ellos, no perder\u00edamos nada. Bastar\u00eda con una sola firma. Perdemos 195 mil millones de d\u00f3lares al a\u00f1o con M\u00e9xico. Ellos no tienen nada que nosotros realmente necesitemos. Es decir (tienen) tamales picantes, tomates, un par de cosas&#8230; pero, b\u00e1sicamente, no tienen nada que nosotros necesitemos\u00bb, afirm\u00f3.Disfruta Eventos Latinos<\/p>\n\n\n\n<p class=\"wp-block-paragraph\">El mandatario insisti\u00f3 en que Estados Unidos posee todos los recursos necesarios: \u00abTenemos petr\u00f3leo, lo tenemos todo\u00bb, dijo.<\/p>\n\n\n\n<p class=\"wp-block-paragraph\">Tambi\u00e9n presumi\u00f3 de su buena relaci\u00f3n con Sheinbaum y asegur\u00f3 que no piensa romper los lazos comerciales hist\u00f3ricos con M\u00e9xico.<\/p>\n\n\n\n<p class=\"wp-block-paragraph\">\u00abNo quiero hacer eso porque nos llevamos muy bien con la presidenta. Nos cae bien la presidenta, la respetamos mucho\u00bb, agreg\u00f3 el republicano.<\/p>\n\n\n\n<p class=\"wp-block-paragraph\">Aludi\u00f3 adem\u00e1s a la tensi\u00f3n entre EU y Canad\u00e1, avivada por la ruptura del di\u00e1logo comercial bilateral, la imposici\u00f3n de grav\u00e1menes estadounidenses del 50% sobre 20 mil millones de d\u00f3lares en productos canadienses y la respuesta de Ottawa con aranceles similares, que entrar\u00e1n en vigor la semana pr\u00f3xima.<\/p>\n\n\n\n<p class=\"wp-block-paragraph\">Esta situaci\u00f3n pone en entredicho el futuro del tratado de libre comercio T-MEC firmado por los tres pa\u00edses norteamericanos en 2018, uno de los principales marcos de la relaci\u00f3n econ\u00f3mica bilateral entre M\u00e9xico y EU.EU y M\u00e9xico mantienen di\u00e1logo comercial.<\/p>\n\n\n\n<p class=\"wp-block-paragraph\">El pasado martes la presidenta mexicana asegur\u00f3 que, aunque la relaci\u00f3n con Washington ha tenido \u00absus dificultades\u00bb, conf\u00eda en alcanzar un \u00abentendimiento\u00bb en las \u00e1reas de seguridad y comercio.<\/p>\n\n\n\n<p class=\"wp-block-paragraph\">\u00abEn materia comercial tenemos di\u00e1logo permanente con el gobierno de los Estados Unidos y esperamos llegar a un entendimiento\u201d, afirm\u00f3 Sheinbaum desde el Palacio Nacional.<\/p>\n\n\n\n<p class=\"wp-block-paragraph\">La ronda comercial m\u00e1s reciente de revisi\u00f3n del T-MEC se celebr\u00f3 en julio en Ciudad de M\u00e9xico, donde representantes comerciales de ambas naciones abordaron temas como los aranceles a la industria automotriz, acero y aluminio, adem\u00e1s de la agricultura y otros temas como seguridad econ\u00f3mica.<\/p>\n\n\n\n<p class=\"wp-block-paragraph\">Tras ese encuentro, el representante comercial de Estados Unidos, Jamieson Greer, y el secretario mexicano de Econom\u00eda, Marcelo Ebrard, acordaron continuar las conversaciones en septiembre.<\/p>\n\n\n\n<p class=\"wp-block-paragraph\"><em>Con informaci\u00f3n de El Universal<\/em>.<\/p>\n","protected":false},"excerpt":{"rendered":"<p>Washington, DC, EU.- El presidente de Estados Unidos, Donald Trump, asegur\u00f3 que M\u00e9xico no tiene nada que ofrecer a su pa\u00eds, m\u00e1s que \u00abtamales calientes y tomates\u00bb, aunque explic\u00f3 que no piensa interrumpir la relaci\u00f3n comercial porque se lleva \u00abmuy bien\u00bb con su hom\u00f3loga mexicana, Claudia Sheinbaum. Trump se refiri\u00f3 a su vecino del sur [&hellip;]<\/p>\n","protected":false},"author":6,"featured_media":93205,"comment_status":"closed","ping_status":"closed","sticky":false,"template":"","format":"standard","meta":{"_acf_changed":false,"_monsterinsights_skip_tracking":false,"slim_seo":{"title":"M\u00e9xico no tiene nada que ofrecer a EU, s\u00f3lo \"tamales calientes y tomates\": Trump - Opini\u00f3n P\u00fablica","description":"Washington, DC, EU .- El presidente de Estados Unidos, Donald Trump, asegur\u00f3 que M\u00e9xico no tiene nada que ofrecer a su pa\u00eds, m\u00e1s que \"tamales calientes y tomate"},"footnotes":""},"categories":[4],"tags":[102],"class_list":["post-93202","post","type-post","status-publish","format-standard","has-post-thumbnail","hentry","category-pulsopolitico","tag-donald-trump"],"acf":[],"_links":{"self":[{"href":"https:\/\/www.opinionpublica.tv\/portada\/wp-json\/wp\/v2\/posts\/93202","targetHints":{"allow":["GET"]}}],"collection":[{"href":"https:\/\/www.opinionpublica.tv\/portada\/wp-json\/wp\/v2\/posts"}],"about":[{"href":"https:\/\/www.opinionpublica.tv\/portada\/wp-json\/wp\/v2\/types\/post"}],"author":[{"embeddable":true,"href":"https:\/\/www.opinionpublica.tv\/portada\/wp-json\/wp\/v2\/users\/6"}],"replies":[{"embeddable":true,"href":"https:\/\/www.opinionpublica.tv\/portada\/wp-json\/wp\/v2\/comments?post=93202"}],"version-history":[{"count":2,"href":"https:\/\/www.opinionpublica.tv\/portada\/wp-json\/wp\/v2\/posts\/93202\/revisions"}],"predecessor-version":[{"id":93206,"href":"https:\/\/www.opinionpublica.tv\/portada\/wp-json\/wp\/v2\/posts\/93202\/revisions\/93206"}],"wp:featuredmedia":[{"embeddable":true,"href":"https:\/\/www.opinionpublica.tv\/portada\/wp-json\/wp\/v2\/media\/93205"}],"wp:attachment":[{"href":"https:\/\/www.opinionpublica.tv\/portada\/wp-json\/wp\/v2\/media?parent=93202"}],"wp:term":[{"taxonomy":"category","embeddable":true,"href":"https:\/\/www.opinionpublica.tv\/portada\/wp-json\/wp\/v2\/categories?post=93202"},{"taxonomy":"post_tag","embeddable":true,"href":"https:\/\/www.opinionpublica.tv\/portada\/wp-json\/wp\/v2\/tags?post=93202"}],"curies":[{"name":"wp","href":"https:\/\/api.w.org\/{rel}","templated":true}]}}