{"id":93173,"date":"2026-09-04T00:01:00","date_gmt":"2026-09-04T06:01:00","guid":{"rendered":"https:\/\/www.opinionpublica.tv\/portada\/?p=93173"},"modified":"2026-09-03T20:58:57","modified_gmt":"2026-09-04T02:58:57","slug":"reconoce-maru-resultados-del-proyecto-para-atender-desnutricion-infantil-en-el-estado","status":"publish","type":"post","link":"https:\/\/www.opinionpublica.tv\/portada\/reconoce-maru-resultados-del-proyecto-para-atender-desnutricion-infantil-en-el-estado\/","title":{"rendered":"Reconoce Maru resultados del proyecto contra desnutrici\u00f3n infantil en la entidad"},"content":{"rendered":"\n<figure class=\"wp-block-image size-large\"><img fetchpriority=\"high\" decoding=\"async\" width=\"1024\" height=\"682\" src=\"https:\/\/www.opinionpublica.tv\/portada\/wp-content\/uploads\/2026\/09\/Reconoce-Maru-resultados-del-proyecto-contra-desnutricion-infantil-en-la-entidad-1024x682.jpeg\" alt=\"Reconoce Maru resultados del proyecto contra desnutricio\u0301n infantil en la entidad\" class=\"wp-image-93178\" srcset=\"https:\/\/www.opinionpublica.tv\/portada\/wp-content\/uploads\/2026\/09\/Reconoce-Maru-resultados-del-proyecto-contra-desnutricion-infantil-en-la-entidad-1024x682.jpeg 1024w, https:\/\/www.opinionpublica.tv\/portada\/wp-content\/uploads\/2026\/09\/Reconoce-Maru-resultados-del-proyecto-contra-desnutricion-infantil-en-la-entidad-300x200.jpeg 300w, https:\/\/www.opinionpublica.tv\/portada\/wp-content\/uploads\/2026\/09\/Reconoce-Maru-resultados-del-proyecto-contra-desnutricion-infantil-en-la-entidad-768x511.jpeg 768w, https:\/\/www.opinionpublica.tv\/portada\/wp-content\/uploads\/2026\/09\/Reconoce-Maru-resultados-del-proyecto-contra-desnutricion-infantil-en-la-entidad-1536x1022.jpeg 1536w, https:\/\/www.opinionpublica.tv\/portada\/wp-content\/uploads\/2026\/09\/Reconoce-Maru-resultados-del-proyecto-contra-desnutricion-infantil-en-la-entidad.jpeg 1600w\" sizes=\"(max-width: 1024px) 100vw, 1024px\" \/><\/figure>\n\n\n\n<p class=\"wp-block-paragraph\"><em>Chihuahua, Chih<\/em>.- La gobernadora Maru Campos se reuni\u00f3 en Palacio de Gobierno con el equipo responsable del Programa Intersectorial para la Atenci\u00f3n a la Desnutrici\u00f3n Infantil, al que reconoci\u00f3 por los resultados favorables que se han obtenido mediante esta iniciativa, distinguida con el Premio de Innovaci\u00f3n P\u00fablica NovaGob M\u00e9xico 2026.<\/p>\n\n\n\n<p class=\"wp-block-paragraph\">Indic\u00f3 que el \u00e9xito alcanzado con este proyecto es gracias al trabajo interinstitucional de todo el personal que lo conforma, y que ha logrado consolidar un modelo que ya es referente a nivel nacional, orientado a mejorar la salud, el desarrollo y la calidad de vida de las ni\u00f1as y ni\u00f1os.<\/p>\n\n\n\n<p class=\"wp-block-paragraph\">Sandra Caraveo, directora del Hospital Infantil de Especialidades de Chihuahua, as\u00ed como las doctoras Alejandra Garc\u00eda y Diana Manzanera, cuya experiencia permiti\u00f3 estructurar el esquema, agradecieron a la mandataria por su inter\u00e9s en impulsar esfuerzos transversales para identificar y atender esta problem\u00e1tica, sobre todo en la regi\u00f3n serrana.<\/p>\n\n\n\n<p class=\"wp-block-paragraph\">Este programa coordina las capacidades institucionales y el conocimiento especializado para reforzar la detecci\u00f3n, intervenci\u00f3n y seguimiento de infancias con este diagn\u00f3stico, con la finalidad de unir voluntades para combatir la desnutrici\u00f3n en menores de edad en situaci\u00f3n de vulnerabilidad.<\/p>\n\n\n\n<p class=\"wp-block-paragraph\">La titular del Ejecutivo dialog\u00f3 con el equipo para conocer los avances de la estrategia, y refrend\u00f3 su respaldo a continuar con el fortalecimiento del trabajo para llegar a las zonas que m\u00e1s lo necesitan.<\/p>\n\n\n\n<p class=\"wp-block-paragraph\">Posteriormente, Maru Campos sostuvo una reuni\u00f3n con el secretario de Salud, Gilberto Baeza, con el objetivo de revisar los pormenores de esta y otras iniciativas que se implementan en la entidad, incluida MediChihuahua, para garantizar que las familias cuenten con atenci\u00f3n integral y de calidad.<\/p>\n","protected":false},"excerpt":{"rendered":"<p>Chihuahua, Chih.- La gobernadora Maru Campos se reuni\u00f3 en Palacio de Gobierno con el equipo responsable del Programa Intersectorial para la Atenci\u00f3n a la Desnutrici\u00f3n Infantil, al que reconoci\u00f3 por los resultados favorables que se han obtenido mediante esta iniciativa, distinguida con el Premio de Innovaci\u00f3n P\u00fablica NovaGob M\u00e9xico 2026. Indic\u00f3 que el \u00e9xito alcanzado [&hellip;]<\/p>\n","protected":false},"author":6,"featured_media":93178,"comment_status":"closed","ping_status":"closed","sticky":false,"template":"","format":"standard","meta":{"_acf_changed":false,"_monsterinsights_skip_tracking":false,"slim_seo":{"title":"Reconoce Maru resultados del proyecto contra desnutrici\u00f3n infantil en la entidad - Opini\u00f3n P\u00fablica","description":"Chihuahua, Chih .- La gobernadora Maru Campos se reuni\u00f3 en Palacio de Gobierno con el equipo responsable del Programa Intersectorial para la Atenci\u00f3n a la Desnu"},"footnotes":""},"categories":[11],"tags":[88,3406,199],"class_list":["post-93173","post","type-post","status-publish","format-standard","has-post-thumbnail","hentry","category-tendencias","tag-chihuahua","tag-desnutricion-infantil","tag-maru-campos"],"acf":[],"_links":{"self":[{"href":"https:\/\/www.opinionpublica.tv\/portada\/wp-json\/wp\/v2\/posts\/93173","targetHints":{"allow":["GET"]}}],"collection":[{"href":"https:\/\/www.opinionpublica.tv\/portada\/wp-json\/wp\/v2\/posts"}],"about":[{"href":"https:\/\/www.opinionpublica.tv\/portada\/wp-json\/wp\/v2\/types\/post"}],"author":[{"embeddable":true,"href":"https:\/\/www.opinionpublica.tv\/portada\/wp-json\/wp\/v2\/users\/6"}],"replies":[{"embeddable":true,"href":"https:\/\/www.opinionpublica.tv\/portada\/wp-json\/wp\/v2\/comments?post=93173"}],"version-history":[{"count":4,"href":"https:\/\/www.opinionpublica.tv\/portada\/wp-json\/wp\/v2\/posts\/93173\/revisions"}],"predecessor-version":[{"id":93179,"href":"https:\/\/www.opinionpublica.tv\/portada\/wp-json\/wp\/v2\/posts\/93173\/revisions\/93179"}],"wp:featuredmedia":[{"embeddable":true,"href":"https:\/\/www.opinionpublica.tv\/portada\/wp-json\/wp\/v2\/media\/93178"}],"wp:attachment":[{"href":"https:\/\/www.opinionpublica.tv\/portada\/wp-json\/wp\/v2\/media?parent=93173"}],"wp:term":[{"taxonomy":"category","embeddable":true,"href":"https:\/\/www.opinionpublica.tv\/portada\/wp-json\/wp\/v2\/categories?post=93173"},{"taxonomy":"post_tag","embeddable":true,"href":"https:\/\/www.opinionpublica.tv\/portada\/wp-json\/wp\/v2\/tags?post=93173"}],"curies":[{"name":"wp","href":"https:\/\/api.w.org\/{rel}","templated":true}]}}