{"id":9317,"date":"2016-12-04T07:00:00","date_gmt":"2016-12-04T06:00:00","guid":{"rendered":"https:\/\/www.opinionpublica.tv\/portada\/2016\/12\/04\/eu-cobraria-el-muro-mediante-el-tlc\/"},"modified":"2016-12-04T07:00:00","modified_gmt":"2016-12-04T06:00:00","slug":"eu-cobraria-el-muro-mediante-el-tlc","status":"publish","type":"post","link":"https:\/\/www.opinionpublica.tv\/portada\/eu-cobraria-el-muro-mediante-el-tlc\/","title":{"rendered":"Trump buscar\u00e1 cobrar el muro mediante TLC"},"content":{"rendered":"<p><img fetchpriority=\"high\" decoding=\"async\" class=\" size-full wp-image-9316\" src=\"https:\/\/www.opinionpublica.tv\/portada\/wp-content\/uploads\/2016\/12\/2ab71722d1d3823cf3feaea737295854.jpg\" alt=\"\" width=\"2000\" height=\"1000\" srcset=\"https:\/\/www.opinionpublica.tv\/portada\/wp-content\/uploads\/2016\/12\/2ab71722d1d3823cf3feaea737295854.jpg 2000w, https:\/\/www.opinionpublica.tv\/portada\/wp-content\/uploads\/2016\/12\/2ab71722d1d3823cf3feaea737295854-300x150.jpg 300w, https:\/\/www.opinionpublica.tv\/portada\/wp-content\/uploads\/2016\/12\/2ab71722d1d3823cf3feaea737295854-1024x512.jpg 1024w, https:\/\/www.opinionpublica.tv\/portada\/wp-content\/uploads\/2016\/12\/2ab71722d1d3823cf3feaea737295854-768x384.jpg 768w, https:\/\/www.opinionpublica.tv\/portada\/wp-content\/uploads\/2016\/12\/2ab71722d1d3823cf3feaea737295854-1536x768.jpg 1536w\" sizes=\"(max-width: 2000px) 100vw, 2000px\" \/><br \/>\n<!--more--><\/p>\n<p style=\"text-align: justify;\">El muro anunciado durante la campa\u00f1a del presidente electo, Donald Trump, podr\u00eda volverse realidad mediante una renegociaci\u00f3n del Tratado de Libre Comercio de Am\u00e9rica del Norte (TLCAN), seg\u00fan expreso el Vicepresidente electo de los Estados Unidos, Mike Pence.<\/p>\n<p style=\"text-align: justify;\">Seg\u00fan expreso pens\u00e9 este domingo, existe una gran variedad de formas en que se puede lograr este proyecto, y una de ella ser\u00e1 a trav\u00e9s de la negociaci\u00f3n con M\u00e9xico. \u201c(Trump) encontrar\u00e1 la mejor forma de c\u00f3mo avanzar\u201d agreg\u00f3.<\/p>\n<p style=\"text-align: justify;\">El actual gobernador de Indiana aclar\u00f3 que cuando se acord\u00f3 renegociar el TLCAN, se acord\u00f3 que la seguridad en la frontera ser\u00eda un punto importante, y la manera de lograrla tendr\u00eda que conversarse con M\u00e9xico.<\/p>\n<p style=\"text-align: justify;\">\u00abEstoy seguro que nuestro presidente electo mantendr\u00e1 su promesa al pueblo estadounidense: protegeremos la frontera, construiremos un muro, terminaremos la inmigraci\u00f3n ilegal de una vez por todas y encontraremos una manera de que nuestros vecinos paguen por ello\u00bb, declar\u00f3.<\/p>\n","protected":false},"excerpt":{"rendered":"","protected":false},"author":4,"featured_media":9316,"comment_status":"open","ping_status":"open","sticky":false,"template":"","format":"standard","meta":{"_acf_changed":false,"_monsterinsights_skip_tracking":false,"slim_seo":{"title":"Trump buscar\u00e1 cobrar el muro mediante TLC - Opini\u00f3n P\u00fablica","description":"El muro anunciado durante la campa\u00f1a del presidente electo, Donald Trump, podr\u00eda volverse realidad mediante una renegociaci\u00f3n del Tratado de Libre Comercio de A"},"footnotes":""},"categories":[3],"tags":[],"class_list":["post-9317","post","type-post","status-publish","format-standard","has-post-thumbnail","hentry","category-principal"],"acf":[],"_links":{"self":[{"href":"https:\/\/www.opinionpublica.tv\/portada\/wp-json\/wp\/v2\/posts\/9317","targetHints":{"allow":["GET"]}}],"collection":[{"href":"https:\/\/www.opinionpublica.tv\/portada\/wp-json\/wp\/v2\/posts"}],"about":[{"href":"https:\/\/www.opinionpublica.tv\/portada\/wp-json\/wp\/v2\/types\/post"}],"author":[{"embeddable":true,"href":"https:\/\/www.opinionpublica.tv\/portada\/wp-json\/wp\/v2\/users\/4"}],"replies":[{"embeddable":true,"href":"https:\/\/www.opinionpublica.tv\/portada\/wp-json\/wp\/v2\/comments?post=9317"}],"version-history":[{"count":0,"href":"https:\/\/www.opinionpublica.tv\/portada\/wp-json\/wp\/v2\/posts\/9317\/revisions"}],"wp:featuredmedia":[{"embeddable":true,"href":"https:\/\/www.opinionpublica.tv\/portada\/wp-json\/wp\/v2\/media\/9316"}],"wp:attachment":[{"href":"https:\/\/www.opinionpublica.tv\/portada\/wp-json\/wp\/v2\/media?parent=9317"}],"wp:term":[{"taxonomy":"category","embeddable":true,"href":"https:\/\/www.opinionpublica.tv\/portada\/wp-json\/wp\/v2\/categories?post=9317"},{"taxonomy":"post_tag","embeddable":true,"href":"https:\/\/www.opinionpublica.tv\/portada\/wp-json\/wp\/v2\/tags?post=9317"}],"curies":[{"name":"wp","href":"https:\/\/api.w.org\/{rel}","templated":true}]}}