{"id":93166,"date":"2026-09-04T00:01:00","date_gmt":"2026-09-04T06:01:00","guid":{"rendered":"https:\/\/www.opinionpublica.tv\/portada\/?p=93166"},"modified":"2026-09-03T20:46:39","modified_gmt":"2026-09-04T02:46:39","slug":"alcalde-ortiz-orpinel-presentara-su-segundo-informe-el-sabado-5-de-septiembre","status":"publish","type":"post","link":"https:\/\/www.opinionpublica.tv\/portada\/alcalde-ortiz-orpinel-presentara-su-segundo-informe-el-sabado-5-de-septiembre\/","title":{"rendered":"Alcalde Ortiz presentar\u00e1 el segundo informe de gobierno este s\u00e1bado 5 de septiembre"},"content":{"rendered":"\n<figure class=\"wp-block-image size-large\"><img fetchpriority=\"high\" decoding=\"async\" width=\"1024\" height=\"683\" src=\"https:\/\/www.opinionpublica.tv\/portada\/wp-content\/uploads\/2026\/09\/Alcalde-Ortiz-presentara-el-segundo-informe-de-gobierno-este-sabado-5-de-septiembre-1024x683.jpeg\" alt=\"Alcalde Ortiz presentara\u0301 el segundo informe de gobierno este sa\u0301bado 5 de septiembre\" class=\"wp-image-93171\" srcset=\"https:\/\/www.opinionpublica.tv\/portada\/wp-content\/uploads\/2026\/09\/Alcalde-Ortiz-presentara-el-segundo-informe-de-gobierno-este-sabado-5-de-septiembre-1024x683.jpeg 1024w, https:\/\/www.opinionpublica.tv\/portada\/wp-content\/uploads\/2026\/09\/Alcalde-Ortiz-presentara-el-segundo-informe-de-gobierno-este-sabado-5-de-septiembre-300x200.jpeg 300w, https:\/\/www.opinionpublica.tv\/portada\/wp-content\/uploads\/2026\/09\/Alcalde-Ortiz-presentara-el-segundo-informe-de-gobierno-este-sabado-5-de-septiembre-767x512.jpeg 767w, https:\/\/www.opinionpublica.tv\/portada\/wp-content\/uploads\/2026\/09\/Alcalde-Ortiz-presentara-el-segundo-informe-de-gobierno-este-sabado-5-de-septiembre.jpeg 1280w\" sizes=\"(max-width: 1024px) 100vw, 1024px\" \/><\/figure>\n\n\n\n<p class=\"wp-block-paragraph\"><em>Ciudad Ju\u00e1rez, Chih<\/em>.- Este s\u00e1bado 5 de septiembre, a las 12:00 del mediod\u00eda, el presidente municipal, H\u00e9ctor Ortiz Orpinel, dar\u00e1 el Segundo Informe de Gobierno, en la sala Francisco I. Madero, ubicada en la Unidad Administrativa Lic. Benito Ju\u00e1rez (presidencia municipal).<\/p>\n\n\n\n<p class=\"wp-block-paragraph\">El alcalde mencion\u00f3 que el 90 por ciento del informe corresponde al presidente municipal con licencia, Cruz P\u00e9rez Cu\u00e9llar.<\/p>\n\n\n\n<p class=\"wp-block-paragraph\">\u201cEn este caso es muy importante cumplir, yo como presidente municipal actualmente, el informe lo vamos a cumplir legalmente, el c\u00f3digo municipal, la propia constituci\u00f3n nos marca que cada a\u00f1o se tiene que dar un informe de la situaci\u00f3n que guarda la administraci\u00f3n p\u00fablica municipal y la obligaci\u00f3n es ante el Ayuntamiento\u201d, coment\u00f3.<\/p>\n\n\n\n<p class=\"wp-block-paragraph\">Indic\u00f3 que no se va hacer un evento masivo, ya que no es un informe que corresponde al actual alcalde, pero se va a cumplir dentro de este marco, que ser\u00e1 en una Sesi\u00f3n Solemne dentro del municipio.<\/p>\n\n\n\n<p class=\"wp-block-paragraph\">\u201cVan a estar presentes regidoras y regidores, as\u00ed como directores del Gobierno Municipal, entre otras personas\u201d, mencion\u00f3.<\/p>\n\n\n\n<p class=\"wp-block-paragraph\">A\u00f1adi\u00f3 que habr\u00e1 algunas reuniones comunitarias para informar del trabajo del Gobierno Municipal a la ciudadan\u00eda, donde se amplifique los resultados del alcalde con licencia Cruz P\u00e9rez Cu\u00e9llar, hasta donde dej\u00f3 la Presidencia.<\/p>\n\n\n\n<p class=\"wp-block-paragraph\">En otro tema, el alcalde dio a conocer que ya se est\u00e1 trabajando en la log\u00edstica para la ceremonia del Grito de Independencia.<\/p>\n\n\n\n<p class=\"wp-block-paragraph\">\u201cLo \u00fanico que les puedo dar de avance es que ser\u00e1 en el mismo lugar del a\u00f1o pasado, en el cruce cercano al puente internacional C\u00f3rdova-Am\u00e9ricas, porque ya se tiene claro el camino y sobre todo, de los permisos que se tienen que solicitar\u201d, mencion\u00f3.<\/p>\n\n\n\n<p class=\"wp-block-paragraph\">Dijo que vieron otras v\u00edas alternas, pero se decidi\u00f3 que ese es el mejor lugar para llevar a cabo esta celebraci\u00f3n; resalt\u00f3 que m\u00e1s adelante se dar\u00e1 a conocer el artista que estar\u00e1 invitado al evento.<\/p>\n\n\n\n<p class=\"wp-block-paragraph\">Respecto al tema del Desfile de la Ciudad, indic\u00f3 que ya se empez\u00f3 a trabajar en el desarrollo, pues en este evento se requiere de una preparaci\u00f3n m\u00e1s larga.<\/p>\n\n\n\n<p class=\"wp-block-paragraph\">\u201cHay voluntarios que se juntan para poder participar y estamos listos para poder hacerlo, por lo que ya se est\u00e1 preparando todo y al parecer la tem\u00e1tica ser\u00e1 de China\u201d, detall\u00f3.<\/p>\n\n\n\n<p class=\"wp-block-paragraph\">Expres\u00f3 que el Desfile de la Ciudad ya es toda una tradici\u00f3n que lleg\u00f3 para quedarse en Ciudad Ju\u00e1rez.<\/p>\n","protected":false},"excerpt":{"rendered":"<p>Ciudad Ju\u00e1rez, Chih.- Este s\u00e1bado 5 de septiembre, a las 12:00 del mediod\u00eda, el presidente municipal, H\u00e9ctor Ortiz Orpinel, dar\u00e1 el Segundo Informe de Gobierno, en la sala Francisco I. Madero, ubicada en la Unidad Administrativa Lic. Benito Ju\u00e1rez (presidencia municipal). El alcalde mencion\u00f3 que el 90 por ciento del informe corresponde al presidente municipal [&hellip;]<\/p>\n","protected":false},"author":6,"featured_media":93171,"comment_status":"closed","ping_status":"closed","sticky":false,"template":"","format":"standard","meta":{"_acf_changed":false,"_monsterinsights_skip_tracking":false,"slim_seo":{"title":"Alcalde Ortiz presentar\u00e1 el segundo informe de gobierno este s\u00e1bado 5 de septiembre - Opini\u00f3n P\u00fablica","description":"Ciudad Ju\u00e1rez, Chih .- Este s\u00e1bado 5 de septiembre, a las 12:00 del mediod\u00eda, el presidente municipal, H\u00e9ctor Ortiz Orpinel, dar\u00e1 el Segundo Informe de Gobierno"},"footnotes":""},"categories":[41],"tags":[608,2319,4427],"class_list":["post-93166","post","type-post","status-publish","format-standard","has-post-thumbnail","hentry","category-juarez","tag-ciudad-juarez","tag-hector-ortiz-orpinel","tag-informe-de-gobierno"],"acf":[],"_links":{"self":[{"href":"https:\/\/www.opinionpublica.tv\/portada\/wp-json\/wp\/v2\/posts\/93166","targetHints":{"allow":["GET"]}}],"collection":[{"href":"https:\/\/www.opinionpublica.tv\/portada\/wp-json\/wp\/v2\/posts"}],"about":[{"href":"https:\/\/www.opinionpublica.tv\/portada\/wp-json\/wp\/v2\/types\/post"}],"author":[{"embeddable":true,"href":"https:\/\/www.opinionpublica.tv\/portada\/wp-json\/wp\/v2\/users\/6"}],"replies":[{"embeddable":true,"href":"https:\/\/www.opinionpublica.tv\/portada\/wp-json\/wp\/v2\/comments?post=93166"}],"version-history":[{"count":5,"href":"https:\/\/www.opinionpublica.tv\/portada\/wp-json\/wp\/v2\/posts\/93166\/revisions"}],"predecessor-version":[{"id":93172,"href":"https:\/\/www.opinionpublica.tv\/portada\/wp-json\/wp\/v2\/posts\/93166\/revisions\/93172"}],"wp:featuredmedia":[{"embeddable":true,"href":"https:\/\/www.opinionpublica.tv\/portada\/wp-json\/wp\/v2\/media\/93171"}],"wp:attachment":[{"href":"https:\/\/www.opinionpublica.tv\/portada\/wp-json\/wp\/v2\/media?parent=93166"}],"wp:term":[{"taxonomy":"category","embeddable":true,"href":"https:\/\/www.opinionpublica.tv\/portada\/wp-json\/wp\/v2\/categories?post=93166"},{"taxonomy":"post_tag","embeddable":true,"href":"https:\/\/www.opinionpublica.tv\/portada\/wp-json\/wp\/v2\/tags?post=93166"}],"curies":[{"name":"wp","href":"https:\/\/api.w.org\/{rel}","templated":true}]}}