{"id":93160,"date":"2026-09-04T00:01:00","date_gmt":"2026-09-04T06:01:00","guid":{"rendered":"https:\/\/www.opinionpublica.tv\/portada\/?p=93160"},"modified":"2026-09-03T20:37:51","modified_gmt":"2026-09-04T02:37:51","slug":"todo-listo-para-la-gran-carrera-de-la-amistad-2026-este-4-y-5-de-septiembre","status":"publish","type":"post","link":"https:\/\/www.opinionpublica.tv\/portada\/todo-listo-para-la-gran-carrera-de-la-amistad-2026-este-4-y-5-de-septiembre\/","title":{"rendered":"Todo listo para la Carrera Internacional de la Amistad 2026 este 4 y 5 de septiembre"},"content":{"rendered":"\n<figure class=\"wp-block-image size-large\"><img fetchpriority=\"high\" decoding=\"async\" width=\"1024\" height=\"1024\" src=\"https:\/\/www.opinionpublica.tv\/portada\/wp-content\/uploads\/2026\/09\/Todo-listo-para-la-Carrera-Internacional-de-la-Amistad-2026-este-4-y-5-de-septiembre-1024x1024.jpeg\" alt=\"Todo listo para la Carrera Internacional de la Amistad 2026 este 4 y 5 de septiembre\" class=\"wp-image-93164\" srcset=\"https:\/\/www.opinionpublica.tv\/portada\/wp-content\/uploads\/2026\/09\/Todo-listo-para-la-Carrera-Internacional-de-la-Amistad-2026-este-4-y-5-de-septiembre-1024x1024.jpeg 1024w, https:\/\/www.opinionpublica.tv\/portada\/wp-content\/uploads\/2026\/09\/Todo-listo-para-la-Carrera-Internacional-de-la-Amistad-2026-este-4-y-5-de-septiembre-150x150.jpeg 150w, https:\/\/www.opinionpublica.tv\/portada\/wp-content\/uploads\/2026\/09\/Todo-listo-para-la-Carrera-Internacional-de-la-Amistad-2026-este-4-y-5-de-septiembre-300x300.jpeg 300w, https:\/\/www.opinionpublica.tv\/portada\/wp-content\/uploads\/2026\/09\/Todo-listo-para-la-Carrera-Internacional-de-la-Amistad-2026-este-4-y-5-de-septiembre-768x768.jpeg 768w, https:\/\/www.opinionpublica.tv\/portada\/wp-content\/uploads\/2026\/09\/Todo-listo-para-la-Carrera-Internacional-de-la-Amistad-2026-este-4-y-5-de-septiembre-1536x1536.jpeg 1536w, https:\/\/www.opinionpublica.tv\/portada\/wp-content\/uploads\/2026\/09\/Todo-listo-para-la-Carrera-Internacional-de-la-Amistad-2026-este-4-y-5-de-septiembre.jpeg 1600w\" sizes=\"(max-width: 1024px) 100vw, 1024px\" \/><\/figure>\n\n\n\n<p class=\"wp-block-paragraph\"><em>Ciudad Ju\u00e1rez, Chih<\/em>.- Se acerca el evento atl\u00e9tico con mayor arraigo en nuestra frontera, la edici\u00f3n 57 de la Tradicional Carrera Internacional de la Amistad 2026.<\/p>\n\n\n\n<p class=\"wp-block-paragraph\">Organizada por el Instituto Municipal del Deporte y Cultura F\u00edsica de Ju\u00e1rez (IMDEJ), esta justa espera reunir a m\u00e1s de 10 mil corredores este 5 y 6 de septiembre, ofreciendo una espectacular bolsa a repartir de 360 mil pesos y la rifa de cuatro motocicletas de reciente modelo.<\/p>\n\n\n\n<p class=\"wp-block-paragraph\">Para formar parte de cualquiera de las categor\u00edas, competitiva de 10 kil\u00f3metro, recreativa de 4.5 kil\u00f3metros y en la infantil se debe presentar.<\/p>\n\n\n\n<p class=\"wp-block-paragraph\">La Clave \u00danica del Registro de Poblaci\u00f3n (CURP), que es indispensable para el registro digital.<\/p>\n\n\n\n<p class=\"wp-block-paragraph\">Identificaci\u00f3n oficial vigente con fotograf\u00eda.<\/p>\n\n\n\n<p class=\"wp-block-paragraph\">Tarjeta de cr\u00e9dito o d\u00e9bito, ya que \u00fanicamente se aceptar\u00e1n pagos electr\u00f3nicos para las modalidades con costo.<\/p>\n\n\n\n<p class=\"wp-block-paragraph\">N\u00famero de circuito y chip, si ya se cuenta con ellos de etapas previas del circuito.<\/p>\n\n\n\n<p class=\"wp-block-paragraph\">Los modos de Inscripci\u00f3n<\/p>\n\n\n\n<p class=\"wp-block-paragraph\">Modalidad En L\u00ednea (24\/7), puede ser el registro digital de forma r\u00e1pida ingresando directamente a https:\/\/www.ca2026.deportecdjuarez.gob.mx\/indexcap2026.php<\/p>\n\n\n\n<p class=\"wp-block-paragraph\">Modalidad presencial, \u00e9sta es en las oficinas del Estadio 20 de Noviembre. El horario de atenci\u00f3n es de lunes a viernes, de 9:00 de la ma\u00f1ana a 3:00 de la tarde.<\/p>\n\n\n\n<p class=\"wp-block-paragraph\">Paso 1, se elige la modalidad. Define si va por el reto de los 10 kil\u00f3metros competitivos, la convivencia familiar en los 4.5 kil\u00f3metros recreativos o si vas a inscribir a los m\u00e1s peque\u00f1os para las carreras infantiles del s\u00e1bado 5 en el Parque Extremo.<\/p>\n\n\n\n<p class=\"wp-block-paragraph\">Paso 2, se llena el formulario, captura los datos personales, introduce la CURP y selecciona categor\u00eda por edad.<\/p>\n\n\n\n<p class=\"wp-block-paragraph\">Paso 3, se hace el pago, para lo cual se procesa el costo de la inscripci\u00f3n con tarjeta bancaria.<\/p>\n\n\n\n<p class=\"wp-block-paragraph\">Paso 4, se recoge el kit el s\u00e1bado 5 de septiembre.<\/p>\n\n\n\n<p class=\"wp-block-paragraph\">El IMDEJ tiene listas playeras conmemorativas para las primeras 2 mil personas que recojan su paquete recreativo y 3 mil kits especiales para la prueba competitiva.<\/p>\n\n\n\n<p class=\"wp-block-paragraph\">Horarios del evento<\/p>\n\n\n\n<p class=\"wp-block-paragraph\">S\u00e1bado 5 a las 7:00 de la ma\u00f1ana las carreras infantiles en el Parque Extremo.<\/p>\n\n\n\n<p class=\"wp-block-paragraph\">El domingo 6, a la misma hora es el banderazo de salida general para las distancias de 4.5 y 10 kil\u00f3metros.<\/p>\n","protected":false},"excerpt":{"rendered":"<p>Ciudad Ju\u00e1rez, Chih.- Se acerca el evento atl\u00e9tico con mayor arraigo en nuestra frontera, la edici\u00f3n 57 de la Tradicional Carrera Internacional de la Amistad 2026. Organizada por el Instituto Municipal del Deporte y Cultura F\u00edsica de Ju\u00e1rez (IMDEJ), esta justa espera reunir a m\u00e1s de 10 mil corredores este 5 y 6 de septiembre, [&hellip;]<\/p>\n","protected":false},"author":6,"featured_media":93164,"comment_status":"closed","ping_status":"closed","sticky":false,"template":"","format":"standard","meta":{"_acf_changed":false,"_monsterinsights_skip_tracking":false,"slim_seo":{"title":"Todo listo para la Carrera Internacional de la Amistad 2026 este 4 y 5 de septiembre - Opini\u00f3n P\u00fablica","description":"Ciudad Ju\u00e1rez, Chih .- Se acerca el evento atl\u00e9tico con mayor arraigo en nuestra frontera, la edici\u00f3n 57 de la Tradicional Carrera Internacional de la Amistad 2"},"footnotes":""},"categories":[41],"tags":[4426,608],"class_list":["post-93160","post","type-post","status-publish","format-standard","has-post-thumbnail","hentry","category-juarez","tag-carrera-internacional-de-la-amistad","tag-ciudad-juarez"],"acf":[],"_links":{"self":[{"href":"https:\/\/www.opinionpublica.tv\/portada\/wp-json\/wp\/v2\/posts\/93160","targetHints":{"allow":["GET"]}}],"collection":[{"href":"https:\/\/www.opinionpublica.tv\/portada\/wp-json\/wp\/v2\/posts"}],"about":[{"href":"https:\/\/www.opinionpublica.tv\/portada\/wp-json\/wp\/v2\/types\/post"}],"author":[{"embeddable":true,"href":"https:\/\/www.opinionpublica.tv\/portada\/wp-json\/wp\/v2\/users\/6"}],"replies":[{"embeddable":true,"href":"https:\/\/www.opinionpublica.tv\/portada\/wp-json\/wp\/v2\/comments?post=93160"}],"version-history":[{"count":3,"href":"https:\/\/www.opinionpublica.tv\/portada\/wp-json\/wp\/v2\/posts\/93160\/revisions"}],"predecessor-version":[{"id":93165,"href":"https:\/\/www.opinionpublica.tv\/portada\/wp-json\/wp\/v2\/posts\/93160\/revisions\/93165"}],"wp:featuredmedia":[{"embeddable":true,"href":"https:\/\/www.opinionpublica.tv\/portada\/wp-json\/wp\/v2\/media\/93164"}],"wp:attachment":[{"href":"https:\/\/www.opinionpublica.tv\/portada\/wp-json\/wp\/v2\/media?parent=93160"}],"wp:term":[{"taxonomy":"category","embeddable":true,"href":"https:\/\/www.opinionpublica.tv\/portada\/wp-json\/wp\/v2\/categories?post=93160"},{"taxonomy":"post_tag","embeddable":true,"href":"https:\/\/www.opinionpublica.tv\/portada\/wp-json\/wp\/v2\/tags?post=93160"}],"curies":[{"name":"wp","href":"https:\/\/api.w.org\/{rel}","templated":true}]}}