{"id":93149,"date":"2026-09-04T00:01:00","date_gmt":"2026-09-04T06:01:00","guid":{"rendered":"https:\/\/www.opinionpublica.tv\/portada\/?p=93149"},"modified":"2026-09-03T19:17:57","modified_gmt":"2026-09-04T01:17:57","slug":"diputados-aclaran-no-hay-acuerdo-para-subir-ieps-a-cerveza-y-alimentos-con-sodio","status":"publish","type":"post","link":"https:\/\/www.opinionpublica.tv\/portada\/diputados-aclaran-no-hay-acuerdo-para-subir-ieps-a-cerveza-y-alimentos-con-sodio\/","title":{"rendered":"Diputados aclaran: no hay acuerdo para subir IEPS a cerveza y alimentos con sodio"},"content":{"rendered":"\n<figure class=\"wp-block-image size-large\"><img fetchpriority=\"high\" decoding=\"async\" width=\"1024\" height=\"683\" src=\"https:\/\/www.opinionpublica.tv\/portada\/wp-content\/uploads\/2026\/09\/Diputados-aclaran-no-hay-acuerdo-para-subir-IEPS-a-cerveza-y-alimentos-con-sodio-1024x683.webp\" alt=\"Diputados aclaran no hay acuerdo para subir IEPS a cerveza y alimentos con sodio\" class=\"wp-image-93151\" srcset=\"https:\/\/www.opinionpublica.tv\/portada\/wp-content\/uploads\/2026\/09\/Diputados-aclaran-no-hay-acuerdo-para-subir-IEPS-a-cerveza-y-alimentos-con-sodio-1024x683.webp 1024w, https:\/\/www.opinionpublica.tv\/portada\/wp-content\/uploads\/2026\/09\/Diputados-aclaran-no-hay-acuerdo-para-subir-IEPS-a-cerveza-y-alimentos-con-sodio-768x512.webp 768w, https:\/\/www.opinionpublica.tv\/portada\/wp-content\/uploads\/2026\/09\/Diputados-aclaran-no-hay-acuerdo-para-subir-IEPS-a-cerveza-y-alimentos-con-sodio-300x200.webp 300w, https:\/\/www.opinionpublica.tv\/portada\/wp-content\/uploads\/2026\/09\/Diputados-aclaran-no-hay-acuerdo-para-subir-IEPS-a-cerveza-y-alimentos-con-sodio.webp 1200w\" sizes=\"(max-width: 1024px) 100vw, 1024px\" \/><\/figure>\n\n\n\n<p class=\"wp-block-paragraph\"><em>Ciudad de M\u00e9xico<\/em>.- La Comisi\u00f3n de Hacienda de la C\u00e1mara de Diputados aclar\u00f3 que \u201chasta el momento no existe acuerdo alguno\u201d con respecto a la posibilidad de elevar el Impuesto Especial sobre Producci\u00f3n y Servicios (IEPS) a la cerveza, y aplicarlo en los alimentos con alto contenido de sodio, sino \u00fanicamente \u201cpropuestas\u201d que se mencionaron en ese sentido en foros de an\u00e1lisis sobre el tema.<\/p>\n\n\n\n<p class=\"wp-block-paragraph\">Luego de que comenzaran a generarse reacciones por dicha posibilidad, el presidente de la mencionada comisi\u00f3n legislativa, Carol Antonio Altamirano (Morena), dio a conocer un comunicado.<\/p>\n\n\n\n<p class=\"wp-block-paragraph\">En \u00e9l, explic\u00f3 que en meses recientes \u201cse conformaron grupos de trabajo que sostuvieron di\u00e1logos con actores econ\u00f3micos, autoridades, especialistas y representantes de diversos sectores, a fin de conocer planteamientos y propuestas sobre temas de inter\u00e9s p\u00fablico vinculados con la pol\u00edtica fiscal y hacendaria del pa\u00eds\u201d.<\/p>\n\n\n\n<p class=\"wp-block-paragraph\">\u201cSe presentaron las relator\u00edas y conclusiones de dichos grupos de trabajo\u201d, en las cuales \u201cse recogen las opiniones de organizaciones de la sociedad civil, productores, usuarios de bienes y servicios, representantes de sectores econ\u00f3micos y expertos, as\u00ed como las consideraciones formuladas por las y los legisladores participantes\u201d.<\/p>\n\n\n\n<p class=\"wp-block-paragraph\">En ese tono, recalc\u00f3 que la iniciativa de Ley de Ingresos de la Federaci\u00f3n \u201ccorresponde de manera exclusiva al Ejecutivo Federal\u201d, y que \u201cuna vez recibido y turnado el paquete econ\u00f3mico (el 8 se septiembre) a las comisiones correspondientes, la Comisi\u00f3n de Hacienda llevar\u00e1 a cabo un an\u00e1lisis abierto, transparente, plural y t\u00e9cnicamente sustentado de las propuestas presentadas\u201d.<\/p>\n\n\n\n<p class=\"wp-block-paragraph\">Tras puntualizar que la C\u00e1mara de Diputados \u201canalizar\u00e1, discutir\u00e1 y, en su caso, realizar\u00e1 las modificaciones que considere pertinentes\u201d al paquete econ\u00f3mico, el legislador oaxaque\u00f1o subray\u00f3 que \u201chasta este momento no existe acuerdo alguno respecto de posibles modificaciones fiscales en materia de alcohol o de alimentos con alto contenido de sodio\u201d.<\/p>\n\n\n\n<p class=\"wp-block-paragraph\">Antonio Altamirano enfatiz\u00f3 que \u201clo que existe son propuestas formuladas por organizaciones, representantes de sectores productivos y especialistas, las cuales fueron recibidas, sistematizadas e incorporadas a las relator\u00edas y conclusiones de los grupos de trabajo para su eventual consideraci\u00f3n durante el proceso legislativo\u201d.<\/p>\n\n\n\n<p class=\"wp-block-paragraph\">Bancada guinda llama a esperar el paquete econ\u00f3mico<\/p>\n\n\n\n<p class=\"wp-block-paragraph\">Consultado sobre el tema, el coordinador del grupo parlamentario de Morena en San L\u00e1zaro, Ricardo Monreal, coincidi\u00f3 en que \u201cno hay hasta este momento ninguna iniciativa del Ejecutivo en ese sentido, no la conozco. [\u2026] No sabemos si venga en la Ley de Ingresos, porque eso s\u00f3lo lo hace el Ejecutivo\u201d.<\/p>\n\n\n\n<p class=\"wp-block-paragraph\">Aunque insisti\u00f3 en la necesidad de esperar a la llegada del paquete econ\u00f3mico de la presidenta Claudia Sheinbaum, el legislador se dijo \u201cpartidario de una pol\u00edtica fiscal responsable. M\u00e9xico necesita, s\u00ed, fortalecer sus ingresos, pero tambi\u00e9n tenemos que cuidar el bolsillo de las familias y cuidar que las modificaciones fiscales que hagamos no afecten desproporcionadamente el ingreso de esas familias\u201d.<\/p>\n\n\n\n<p class=\"wp-block-paragraph\">Monreal recalc\u00f3 en conferencia de prensa: \u201cno nos adelantemos, no generemos ninguna noticia que nos acelere desencuentros, va a haber mucho di\u00e1logo con los sectores econ\u00f3micos. Les ofrezco que vamos a platicar con todos los sectores; la Comisi\u00f3n de Hacienda y la Comisi\u00f3n de Presupuesto estar\u00e1n en plena disposici\u00f3n para reunirse con todos antes de dictaminar estos instrumentos jur\u00eddicos, econ\u00f3micos y financieros\u201d.<\/p>\n\n\n\n<p class=\"wp-block-paragraph\">Ante la insistencia de las preguntas sobre el tema, asegur\u00f3 que \u201cno hay nada que yo conozca formalmente de una intenci\u00f3n de gravar o de aumentar impuestos o de crear nuevos impuestos\u201d, aunque aclar\u00f3: \u201cA m\u00ed en lo personal no me gustar\u00eda que hubiese nuevos impuestos. En lo personal no me gustar\u00eda que se afectara la bolsa, el bolsillo de los mexicanos\u201d.<\/p>\n\n\n\n<p class=\"wp-block-paragraph\">Por separado, el vicecoordinador de la bancada morenista, Alfonso Ram\u00edrez Cu\u00e9llar, indic\u00f3 en que la posibilidad de subir el IPES en cervezas y alimentos con exceso de sodio \u201cson parte de las conclusiones (del grupo de trabajo) sobre el tema, pero todav\u00eda no es ninguna decisi\u00f3n tomada ni viene establecido con certeza en el paquete (econ\u00f3mico) que nos llegar\u00e1 al pr\u00f3ximo martes\u201d.<\/p>\n\n\n\n<p class=\"wp-block-paragraph\"><em>Con informaci\u00f3n de La Jornada<\/em>.<\/p>\n","protected":false},"excerpt":{"rendered":"<p>Ciudad de M\u00e9xico.- La Comisi\u00f3n de Hacienda de la C\u00e1mara de Diputados aclar\u00f3 que \u201chasta el momento no existe acuerdo alguno\u201d con respecto a la posibilidad de elevar el Impuesto Especial sobre Producci\u00f3n y Servicios (IEPS) a la cerveza, y aplicarlo en los alimentos con alto contenido de sodio, sino \u00fanicamente \u201cpropuestas\u201d que se mencionaron [&hellip;]<\/p>\n","protected":false},"author":6,"featured_media":93151,"comment_status":"closed","ping_status":"closed","sticky":false,"template":"","format":"standard","meta":{"_acf_changed":false,"_monsterinsights_skip_tracking":false,"slim_seo":{"title":"Diputados aclaran: no hay acuerdo para subir IEPS a cerveza y alimentos con sodio - Opini\u00f3n P\u00fablica","description":"Ciudad de M\u00e9xico .- La Comisi\u00f3n de Hacienda de la C\u00e1mara de Diputados aclar\u00f3 que \u201chasta el momento no existe acuerdo alguno\u201d con respecto a la posibilidad de el"},"footnotes":""},"categories":[4],"tags":[107,355],"class_list":["post-93149","post","type-post","status-publish","format-standard","has-post-thumbnail","hentry","category-pulsopolitico","tag-camara-de-diputados","tag-ieps"],"acf":[],"_links":{"self":[{"href":"https:\/\/www.opinionpublica.tv\/portada\/wp-json\/wp\/v2\/posts\/93149","targetHints":{"allow":["GET"]}}],"collection":[{"href":"https:\/\/www.opinionpublica.tv\/portada\/wp-json\/wp\/v2\/posts"}],"about":[{"href":"https:\/\/www.opinionpublica.tv\/portada\/wp-json\/wp\/v2\/types\/post"}],"author":[{"embeddable":true,"href":"https:\/\/www.opinionpublica.tv\/portada\/wp-json\/wp\/v2\/users\/6"}],"replies":[{"embeddable":true,"href":"https:\/\/www.opinionpublica.tv\/portada\/wp-json\/wp\/v2\/comments?post=93149"}],"version-history":[{"count":2,"href":"https:\/\/www.opinionpublica.tv\/portada\/wp-json\/wp\/v2\/posts\/93149\/revisions"}],"predecessor-version":[{"id":93152,"href":"https:\/\/www.opinionpublica.tv\/portada\/wp-json\/wp\/v2\/posts\/93149\/revisions\/93152"}],"wp:featuredmedia":[{"embeddable":true,"href":"https:\/\/www.opinionpublica.tv\/portada\/wp-json\/wp\/v2\/media\/93151"}],"wp:attachment":[{"href":"https:\/\/www.opinionpublica.tv\/portada\/wp-json\/wp\/v2\/media?parent=93149"}],"wp:term":[{"taxonomy":"category","embeddable":true,"href":"https:\/\/www.opinionpublica.tv\/portada\/wp-json\/wp\/v2\/categories?post=93149"},{"taxonomy":"post_tag","embeddable":true,"href":"https:\/\/www.opinionpublica.tv\/portada\/wp-json\/wp\/v2\/tags?post=93149"}],"curies":[{"name":"wp","href":"https:\/\/api.w.org\/{rel}","templated":true}]}}