{"id":93138,"date":"2026-09-04T00:01:00","date_gmt":"2026-09-04T06:01:00","guid":{"rendered":"https:\/\/www.opinionpublica.tv\/portada\/?p=93138"},"modified":"2026-09-03T19:05:12","modified_gmt":"2026-09-04T01:05:12","slug":"laura-itzel-castillo-deja-el-senado-y-asume-titularidad-de-la-secretaria-de-las-mujeres","status":"publish","type":"post","link":"https:\/\/www.opinionpublica.tv\/portada\/laura-itzel-castillo-deja-el-senado-y-asume-titularidad-de-la-secretaria-de-las-mujeres\/","title":{"rendered":"Laura Itzel Castillo deja el Senado y asume titularidad de la Secretar\u00eda de las Mujeres"},"content":{"rendered":"\n<figure class=\"wp-block-image size-full\"><img fetchpriority=\"high\" decoding=\"async\" width=\"1006\" height=\"620\" src=\"https:\/\/www.opinionpublica.tv\/portada\/wp-content\/uploads\/2026\/09\/Laura-Itzel-Castillo-deja-el-Senado-y-asume-titularidad-de-la-Secretaria-de-las-Mujeres.avif\" alt=\"Laura Itzel Castillo deja el Senado y asume titularidad de la Secretari\u0301a de las Mujeres\" class=\"wp-image-93141\" srcset=\"https:\/\/www.opinionpublica.tv\/portada\/wp-content\/uploads\/2026\/09\/Laura-Itzel-Castillo-deja-el-Senado-y-asume-titularidad-de-la-Secretaria-de-las-Mujeres.avif 1006w, https:\/\/www.opinionpublica.tv\/portada\/wp-content\/uploads\/2026\/09\/Laura-Itzel-Castillo-deja-el-Senado-y-asume-titularidad-de-la-Secretaria-de-las-Mujeres-300x185.avif 300w, https:\/\/www.opinionpublica.tv\/portada\/wp-content\/uploads\/2026\/09\/Laura-Itzel-Castillo-deja-el-Senado-y-asume-titularidad-de-la-Secretaria-de-las-Mujeres-767x473.avif 767w\" sizes=\"(max-width: 1006px) 100vw, 1006px\" \/><\/figure>\n\n\n\n<p class=\"wp-block-paragraph\"><em>Ciudad de M\u00e9xico<\/em>.- Despu\u00e9s de m\u00e1s de cuatro meses sin titular al frente de la Secretar\u00eda de las Mujeres, Laura Itzel Castillo Ju\u00e1rez dicho cargo, al ser designada por la presidenta de M\u00e9xico, Claudia Sheinbaum, luego de que Citlalli Hern\u00e1ndez renunciara a esta dependencia para desempe\u00f1arse como la presidenta de la Comisi\u00f3n Nacional de Elecciones de Morena.<\/p>\n\n\n\n<p class=\"wp-block-paragraph\">La ex presidenta de la Mesa Directiva del Senado de la Rep\u00fablica inici\u00f3 funciones como secretaria de las mujeres \u201ccon el compromiso de dar continuidad y profundizar las pol\u00edticas p\u00fablicas de la instituci\u00f3n, orientadas a garantizar la igualdad sustantiva y el derecho a una vida libre de violencias para todas las mexicanas\u201d.<\/p>\n\n\n\n<p class=\"wp-block-paragraph\">\u201cMi convicci\u00f3n feminista forma parte de una lucha social amplia por la igualdad y la justicia, una causa que he acompa\u00f1ado a lo largo de los a\u00f1os con la certeza de que las mujeres tienen la capacidad, la fortaleza y el liderazgo para dirigir, emprender, sostener y transformar todos los \u00e1mbitos de nuestra sociedad\u201d, apunt\u00f3.<\/p>\n\n\n\n<p class=\"wp-block-paragraph\">Durante el arranque de su gesti\u00f3n y frente al personal que conforma su dependencia, Castillo Ju\u00e1rez reconoci\u00f3 la experiencia y el compromiso de las trabajadoras y trabajadores, quienes, dijo, han construido desde el territorio una visi\u00f3n feminista y de justicia social para el pa\u00eds.<\/p>\n\n\n\n<p class=\"wp-block-paragraph\">\u201cTodos los programas que se han realizado, como el Programa de Atenci\u00f3n Integral para el Bienestar de las Mujeres (PAIBIM), la organizaci\u00f3n de las Tejedoras de la Patria y los Centros LIBRE, representan un trabajo muy profundo. No es una tarea f\u00e1cil, es una tarea fundamental y tenemos que continuarla\u201d, destac\u00f3.<\/p>\n\n\n\n<p class=\"wp-block-paragraph\">Adem\u00e1s, agradeci\u00f3 el trabajo que llev\u00f3 a cabo la subsecretaria del Derecho a una Vida Libre de Violencias, Ingrid G\u00f3mez Saracibar, quien estuvo al frente de esta \u00faltima dependencia previo a su llegada y tras la renuncia de Hern\u00e1ndez el 16 de abril pasado.<\/p>\n\n\n\n<p class=\"wp-block-paragraph\">Trayectoria de Laura Itzel Castillo<\/p>\n\n\n\n<p class=\"wp-block-paragraph\">Laura Itzel Castillo Ju\u00e1rez hizo un recuento de su amplia trayectoria en la defensa de los derechos de las mujeres. Se\u00f1al\u00f3 que desde muy joven, fue fundadora del Partido Mexicano de los Trabajadores, donde promovi\u00f3 la organizaci\u00f3n de las mujeres trabajadoras del hogar.<\/p>\n\n\n\n<p class=\"wp-block-paragraph\">Al frente de la Asociaci\u00f3n Nacional de Mujeres impuls\u00f3 que al menos 20% de los espacios del Consejo Nacional correspondiera a mujeres. En 1991, en la Asamblea de Representantes del entonces Distrito Federal, promovi\u00f3 que la Mesa Directiva del \u00f3rgano se integrara exclusivamente por mujeres; m\u00e1s tarde, durante la LVII Legislatura, desde la vicepresidencia de la Mesa Directiva de la C\u00e1mara de Diputados, impuls\u00f3 la creaci\u00f3n de la Comisi\u00f3n Especial de Equidad y G\u00e9nero y de una subcomisi\u00f3n especial para la atenci\u00f3n de los feminicidios en Ciudad Ju\u00e1rez, cuando se negaba esa problem\u00e1tica.<\/p>\n\n\n\n<p class=\"wp-block-paragraph\">En 1998 present\u00f3 la primera iniciativa en la historia con el objetivo de incorporar el lenguaje incluyente en la Constituci\u00f3n y nombrar a la C\u00e1mara de Diputadas y Diputados y al Senado. Tambi\u00e9n promovi\u00f3 la tipificaci\u00f3n del delito de feminicidio; y estando al frente de la Red de Transporte de Pasajeros de la Ciudad de M\u00e9xico, impuls\u00f3 el uso de las unidades Atenea, destinadas a brindar seguridad a las usuarias frente a la violencia en el transporte p\u00fablico.<\/p>\n\n\n\n<p class=\"wp-block-paragraph\">Entre 2025 y 2026, como presidenta de la Mesa Directiva del Senado de la Rep\u00fablica, condujo una agenda legislativa orientada al reconocimiento de los derechos de las mujeres, a dar voz a las mujeres ind\u00edgenas en tribuna y a la construcci\u00f3n de la igualdad sustantiva, bajo la premisa de que \u201ces tiempo de mujeres\u201d.<\/p>\n\n\n\n<p class=\"wp-block-paragraph\">En esa misma etapa promovi\u00f3 reformas al C\u00f3digo Penal Federal en materia de abuso sexual y llam\u00f3 a retomar la iniciativa de 1998 sobre lenguaje incluyente en la Constituci\u00f3n.<\/p>\n\n\n\n<p class=\"wp-block-paragraph\"><em>Con informaci\u00f3n de El Universal<\/em>.<\/p>\n","protected":false},"excerpt":{"rendered":"<p>Ciudad de M\u00e9xico.- Despu\u00e9s de m\u00e1s de cuatro meses sin titular al frente de la Secretar\u00eda de las Mujeres, Laura Itzel Castillo Ju\u00e1rez dicho cargo, al ser designada por la presidenta de M\u00e9xico, Claudia Sheinbaum, luego de que Citlalli Hern\u00e1ndez renunciara a esta dependencia para desempe\u00f1arse como la presidenta de la Comisi\u00f3n Nacional de Elecciones [&hellip;]<\/p>\n","protected":false},"author":6,"featured_media":93141,"comment_status":"closed","ping_status":"closed","sticky":false,"template":"","format":"standard","meta":{"_acf_changed":false,"_monsterinsights_skip_tracking":false,"slim_seo":{"title":"Laura Itzel Castillo deja el Senado y asume titularidad de la Secretar\u00eda de las Mujeres - Opini\u00f3n P\u00fablica","description":"Ciudad de M\u00e9xico .- Despu\u00e9s de m\u00e1s de cuatro meses sin titular al frente de la Secretar\u00eda de las Mujeres, Laura Itzel Castillo Ju\u00e1rez dicho cargo, al ser design"},"footnotes":""},"categories":[4],"tags":[4423,3614],"class_list":["post-93138","post","type-post","status-publish","format-standard","has-post-thumbnail","hentry","category-pulsopolitico","tag-laura-itzel-castillo","tag-secretaria-de-las-mujeres"],"acf":[],"_links":{"self":[{"href":"https:\/\/www.opinionpublica.tv\/portada\/wp-json\/wp\/v2\/posts\/93138","targetHints":{"allow":["GET"]}}],"collection":[{"href":"https:\/\/www.opinionpublica.tv\/portada\/wp-json\/wp\/v2\/posts"}],"about":[{"href":"https:\/\/www.opinionpublica.tv\/portada\/wp-json\/wp\/v2\/types\/post"}],"author":[{"embeddable":true,"href":"https:\/\/www.opinionpublica.tv\/portada\/wp-json\/wp\/v2\/users\/6"}],"replies":[{"embeddable":true,"href":"https:\/\/www.opinionpublica.tv\/portada\/wp-json\/wp\/v2\/comments?post=93138"}],"version-history":[{"count":2,"href":"https:\/\/www.opinionpublica.tv\/portada\/wp-json\/wp\/v2\/posts\/93138\/revisions"}],"predecessor-version":[{"id":93142,"href":"https:\/\/www.opinionpublica.tv\/portada\/wp-json\/wp\/v2\/posts\/93138\/revisions\/93142"}],"wp:featuredmedia":[{"embeddable":true,"href":"https:\/\/www.opinionpublica.tv\/portada\/wp-json\/wp\/v2\/media\/93141"}],"wp:attachment":[{"href":"https:\/\/www.opinionpublica.tv\/portada\/wp-json\/wp\/v2\/media?parent=93138"}],"wp:term":[{"taxonomy":"category","embeddable":true,"href":"https:\/\/www.opinionpublica.tv\/portada\/wp-json\/wp\/v2\/categories?post=93138"},{"taxonomy":"post_tag","embeddable":true,"href":"https:\/\/www.opinionpublica.tv\/portada\/wp-json\/wp\/v2\/tags?post=93138"}],"curies":[{"name":"wp","href":"https:\/\/api.w.org\/{rel}","templated":true}]}}