{"id":93130,"date":"2026-09-04T00:01:00","date_gmt":"2026-09-04T06:01:00","guid":{"rendered":"https:\/\/www.opinionpublica.tv\/portada\/?p=93130"},"modified":"2026-09-03T18:33:48","modified_gmt":"2026-09-04T00:33:48","slug":"no-hay-crisis-de-estado","status":"publish","type":"post","link":"https:\/\/www.opinionpublica.tv\/portada\/no-hay-crisis-de-estado\/","title":{"rendered":"No hay crisis de Estado"},"content":{"rendered":"\n<h4 class=\"wp-block-heading\">Jorge G. Casta\u00f1eda<\/h4>\n\n\n\n<p class=\"wp-block-paragraph\">___________________________<\/p>\n\n\n\n<p class=\"wp-block-paragraph\">Resulta imposible desenmara\u00f1ar el enredo de Rocha Moya en Sinaloa, que sigue su curso, ahora con una nueva gobernadora, dizque rochista. Abundan las inc\u00f3gnitas, los enigmas, los misterios, y sobre todo, los inventos de columnistas fantasiosos y de pol\u00edticos lambiscones. Mientras alguien -Palenque, Palacio, Washington, el C\u00e1rtel de Sinaloa- no filtre algo parecido a la verdad, nos veremos confinados a la especulaci\u00f3n o al chisme. Me mantengo en mi especulaci\u00f3n anterior, y en mi chisme previo: no hay ruptura entre AMLO y CSP, ni la habr\u00e1.<\/p>\n\n\n\n<p class=\"wp-block-paragraph\">Dicho eso, parece que podemos dar por buenas dos afirmaciones de Claudia Sheinbaum, una sobre Rocha Moya, otra sobre L\u00f3pez Beltr\u00e1n. Normalmente creo poco de lo que nos receta cada ma\u00f1ana; sin embargo, esta vez quiz\u00e1s diga la verdad. Ha confesado que se enter\u00f3 de la carta de Andy cuando se public\u00f3, y que supo del regreso de Rocha Moya (not quite MacArthur) por las redes sociales. Dej\u00f3 entender que tuvo conocimiento de la ep\u00edstola de L\u00f3pez Beltran de ese modo, no necesariamente de la revocaci\u00f3n de su visa, que pudo haber sucedido d\u00edas, semanas o meses antes.<\/p>\n\n\n\n<p class=\"wp-block-paragraph\">Parto de que as\u00ed fue. Entonces aun haciendo a un lado las payasadas ingenuas de L\u00f3pez Obrador, seg\u00fan las cuales el Presidente de M\u00e9xico se entera de todo, o las bober\u00edas cl\u00e1sicas de que es el hombre mejor informado del pa\u00eds, sorprende que el servicio de inteligencia mexicano se haya visto tan desprevenido con ambos acontecimientos. El primer mandatario de este pa\u00eds ha sido enga\u00f1ado -L\u00f3pez Portillo-, sorprendido -Salinas y Zedillo- o manipulado -Calder\u00f3n y Pe\u00f1a Nieto- suficientes veces para que todos sepamos que en muchas ocasiones navega de noche.<\/p>\n\n\n\n<p class=\"wp-block-paragraph\">El Centro Nacional de Inteligencia es la agencia civil encargada de proporcionarle informaci\u00f3n el gobierno y a la presidenta. Sucede al Cisen, que a su vez supli\u00f3 a las dos agencias anteriores -la Direcci\u00f3n de Investigaciones Pol\u00edticas y la Direcci\u00f3n General de Investigaci\u00f3n y Seguridad Nacional- que sustituyeron a la famosa o infame Direcci\u00f3n Federal de Seguridad, creada en 1947 por Miguel Alem\u00e1n y el coronel Serrano. Acompa\u00f1aron a estas dependencias las secciones de inteligencias del Ej\u00e9rcito y del Estado Mayor Presidencial (la Secci\u00f3n II), la Unidad de Inteligencia Naval, creada en 2008 por Calder\u00f3n, y los aparatos primitivos de inteligencia de la Secretar\u00eda de Seguridad, de la polic\u00eda de la Ciudad de M\u00e9xico y de la entonces Procuradur\u00eda General de la Rep\u00fablica, ahora Fiscal\u00eda, a saber, el Centro Federal de Inteligencia Criminal, parte de la Agencia de Investigaci\u00f3n Criminal.<\/p>\n\n\n\n<p class=\"wp-block-paragraph\">Huelga decir que desconocemos los presupuestos de esta amplia burocracia. Menos a\u00fan disponemos de alguna m\u00e9trica para determinar si todos sus integrantes sirven de algo. Pero supongamos que medio desquitan su sueldo, por lo menos en cuanto a vigilancia y espionaje de la oposici\u00f3n y de la clase pol\u00edtica oficial se refiere. Sobre el narco, mejor ni opinar, ya que buena parte de los golpes que se le han asestado en estos a\u00f1os se suelen atribuir a informes suministrados por los servicios norteamericanos.<\/p>\n\n\n\n<p class=\"wp-block-paragraph\">\u00bfComo es posible que toda esta bola de gente -por no decir in\u00fatiles- no le haya informado a Sheinbaum de la carta de Andy, y del retorno de Rocha Moya? \u00bfNo los segu\u00edan? \u00bfPor qu\u00e9 no? S\u00ed los segu\u00edan \u00bfpero no se percataron de sus intenciones? S\u00ed supieron o sospecharon \u00bfpero no informaron? \u00bfA qui\u00e9n? Volvemos a lo que la comentocracia ha reiterado: no hay Secretar\u00eda de Gobernaci\u00f3n, el aparato de la Presidencia no alcanza para procesar todo, y las fuerzas armadas se encuentran ocupadas en otros menesteres: trenes, aeropuertos, hoteles, caza de migrantes, etc.<\/p>\n\n\n\n<p class=\"wp-block-paragraph\">Ni la carta de L\u00f3pez Beltr\u00e1n, ni el ef\u00edmero fin de la nueva gubernatura de Rocha Moya constituyen crisis de Estado. Ni el mundo ni M\u00e9xico se acaban con estos miniesc\u00e1ndalos. Pero si en efecto Sheinbaum no supo de ambos incidentes hasta que se produjeron, alguien debiera pagar los platos rotos.<\/p>\n\n\n\n<p class=\"wp-block-paragraph\">El actual director del CNI, Francisco Almaz\u00e1n Barocio, es gente de Garc\u00eda Harfuch. No se le puede pedir que sus agentes en el extranjero hagan algo; no le van a avisar cuando Washington vuelva a expedir solicitudes de detenci\u00f3n provisional para fines de extradici\u00f3n de otro gobernador, o un senador, o un secretario de Estado. No nos alcanza para eso. Pero adem\u00e1s de proteger a la familia del Peje, debiera vigilarla. O conseguirse otra chamba.<\/p>\n","protected":false},"excerpt":{"rendered":"<p>Jorge G. Casta\u00f1eda ___________________________ Resulta imposible desenmara\u00f1ar el enredo de Rocha Moya en Sinaloa, que sigue su curso, ahora con una nueva gobernadora, dizque rochista. Abundan las inc\u00f3gnitas, los enigmas, los misterios, y sobre todo, los inventos de columnistas fantasiosos y de pol\u00edticos lambiscones. Mientras alguien -Palenque, Palacio, Washington, el C\u00e1rtel de Sinaloa- no filtre [&hellip;]<\/p>\n","protected":false},"author":6,"featured_media":43385,"comment_status":"closed","ping_status":"closed","sticky":false,"template":"","format":"standard","meta":{"_acf_changed":false,"_monsterinsights_skip_tracking":false,"slim_seo":{"title":"No hay crisis de Estado - Opini\u00f3n P\u00fablica","description":"Jorge G. Casta\u00f1eda ___________________________ Resulta imposible desenmara\u00f1ar el enredo de Rocha Moya en Sinaloa, que sigue su curso, ahora con una nueva gobern"},"footnotes":""},"categories":[18],"tags":[82],"class_list":["post-93130","post","type-post","status-publish","format-standard","has-post-thumbnail","hentry","category-castaneda-opina","tag-jorge-castaneda"],"acf":[],"_links":{"self":[{"href":"https:\/\/www.opinionpublica.tv\/portada\/wp-json\/wp\/v2\/posts\/93130","targetHints":{"allow":["GET"]}}],"collection":[{"href":"https:\/\/www.opinionpublica.tv\/portada\/wp-json\/wp\/v2\/posts"}],"about":[{"href":"https:\/\/www.opinionpublica.tv\/portada\/wp-json\/wp\/v2\/types\/post"}],"author":[{"embeddable":true,"href":"https:\/\/www.opinionpublica.tv\/portada\/wp-json\/wp\/v2\/users\/6"}],"replies":[{"embeddable":true,"href":"https:\/\/www.opinionpublica.tv\/portada\/wp-json\/wp\/v2\/comments?post=93130"}],"version-history":[{"count":1,"href":"https:\/\/www.opinionpublica.tv\/portada\/wp-json\/wp\/v2\/posts\/93130\/revisions"}],"predecessor-version":[{"id":93131,"href":"https:\/\/www.opinionpublica.tv\/portada\/wp-json\/wp\/v2\/posts\/93130\/revisions\/93131"}],"wp:featuredmedia":[{"embeddable":true,"href":"https:\/\/www.opinionpublica.tv\/portada\/wp-json\/wp\/v2\/media\/43385"}],"wp:attachment":[{"href":"https:\/\/www.opinionpublica.tv\/portada\/wp-json\/wp\/v2\/media?parent=93130"}],"wp:term":[{"taxonomy":"category","embeddable":true,"href":"https:\/\/www.opinionpublica.tv\/portada\/wp-json\/wp\/v2\/categories?post=93130"},{"taxonomy":"post_tag","embeddable":true,"href":"https:\/\/www.opinionpublica.tv\/portada\/wp-json\/wp\/v2\/tags?post=93130"}],"curies":[{"name":"wp","href":"https:\/\/api.w.org\/{rel}","templated":true}]}}