{"id":93120,"date":"2026-09-04T00:01:00","date_gmt":"2026-09-04T06:01:00","guid":{"rendered":"https:\/\/www.opinionpublica.tv\/portada\/?p=93120"},"modified":"2026-09-03T18:19:32","modified_gmt":"2026-09-04T00:19:32","slug":"efemerides-4-de-septiembre-un-dia-como-hoy-en-la-historia-2","status":"publish","type":"post","link":"https:\/\/www.opinionpublica.tv\/portada\/efemerides-4-de-septiembre-un-dia-como-hoy-en-la-historia-2\/","title":{"rendered":"Efem\u00e9rides 4 de septiembre | Un d\u00eda como hoy en la historia&#8230;"},"content":{"rendered":"\n<p class=\"wp-block-paragraph\"><em>Un d\u00eda 4 de septiembre como hoy, pero de 2018, Amazon se convierte en la segunda empresa estadounidense en alcanzar una valoraci\u00f3n burs\u00e1til de un bill\u00f3n de d\u00f3lares, exclusivo club al que s\u00f3lo pertenec\u00eda Apple<\/em>.<\/p>\n\n\n\n<figure class=\"wp-block-image size-large\"><img fetchpriority=\"high\" decoding=\"async\" width=\"1024\" height=\"576\" src=\"https:\/\/www.opinionpublica.tv\/portada\/wp-content\/uploads\/2026\/09\/2018-Amazon-se-convierte-en-la-segunda-empresa-estadounidense-en-alcanzar-una-valoracion-bursatil-de-un-billon-de-dolares-exclusivo-club-al-que-solo-pertenecia-Apple-1024x576.jpeg\" alt=\"2018, Amazon se convierte en la segunda empresa estadounidense en alcanzar una valoracio\u0301n bursa\u0301til de un billo\u0301n de do\u0301lares, exclusivo club al que so\u0301lo perteneci\u0301a Apple\" class=\"wp-image-93121\" srcset=\"https:\/\/www.opinionpublica.tv\/portada\/wp-content\/uploads\/2026\/09\/2018-Amazon-se-convierte-en-la-segunda-empresa-estadounidense-en-alcanzar-una-valoracion-bursatil-de-un-billon-de-dolares-exclusivo-club-al-que-solo-pertenecia-Apple-1024x576.jpeg 1024w, https:\/\/www.opinionpublica.tv\/portada\/wp-content\/uploads\/2026\/09\/2018-Amazon-se-convierte-en-la-segunda-empresa-estadounidense-en-alcanzar-una-valoracion-bursatil-de-un-billon-de-dolares-exclusivo-club-al-que-solo-pertenecia-Apple-768x432.jpeg 768w, https:\/\/www.opinionpublica.tv\/portada\/wp-content\/uploads\/2026\/09\/2018-Amazon-se-convierte-en-la-segunda-empresa-estadounidense-en-alcanzar-una-valoracion-bursatil-de-un-billon-de-dolares-exclusivo-club-al-que-solo-pertenecia-Apple-300x169.jpeg 300w, https:\/\/www.opinionpublica.tv\/portada\/wp-content\/uploads\/2026\/09\/2018-Amazon-se-convierte-en-la-segunda-empresa-estadounidense-en-alcanzar-una-valoracion-bursatil-de-un-billon-de-dolares-exclusivo-club-al-que-solo-pertenecia-Apple-1536x864.jpeg 1536w, https:\/\/www.opinionpublica.tv\/portada\/wp-content\/uploads\/2026\/09\/2018-Amazon-se-convierte-en-la-segunda-empresa-estadounidense-en-alcanzar-una-valoracion-bursatil-de-un-billon-de-dolares-exclusivo-club-al-que-solo-pertenecia-Apple.jpeg 1920w\" sizes=\"(max-width: 1024px) 100vw, 1024px\" \/><\/figure>\n\n\n\n<p class=\"wp-block-paragraph\"><strong>Otras efem\u00e9rides<\/strong><\/p>\n\n\n\n<p class=\"wp-block-paragraph\">1821.- El patriota Jos\u00e9 Miguel Carrera, caudillo de la independencia de Chile, es fusilado en Mendoza.<\/p>\n\n\n\n<p class=\"wp-block-paragraph\">1870.- Los republicanos franceses destituyen a Napole\u00f3n III y proclaman la Tercera Rep\u00fablica con un Gobierno de Defensa Nacional.<\/p>\n\n\n\n<p class=\"wp-block-paragraph\">1933.- Golpe de Estado en Cuba: Fulgencio Batista encabeza la \u00abRevuelta de los Sargentos\u00bb en La Habana para deponer al presidente provisional del pa\u00eds, Carlos Manuel de C\u00e9spedes y Quesada.<\/p>\n\n\n\n<p class=\"wp-block-paragraph\">1939. El presidente L\u00e1zaro C\u00e1rdenas anuncia la neutralidad de M\u00e9xico en la Segunda Guerra Mundial.<\/p>\n\n\n\n<p class=\"wp-block-paragraph\">1941. Se funda la Sociedad Bot\u00e1nica de M\u00e9xico.<\/p>\n\n\n\n<p class=\"wp-block-paragraph\">1946.- El radical Gabriel Gonz\u00e1lez Videla es elegido presidente de Chile.<\/p>\n\n\n\n<p class=\"wp-block-paragraph\">1958.- El derechista Jorge Alessandri gana las elecciones presidenciales de Chile.<\/p>\n\n\n\n<p class=\"wp-block-paragraph\">1964.- El democristiano Eduardo Frei es elegido presidente de Chile.<\/p>\n\n\n\n<p class=\"wp-block-paragraph\">1969.- El sistema de transporte colectivo Metro inicia sus operaciones en Ciudad de M\u00e9xico con la inauguraci\u00f3n de la L\u00ednea 1.<\/p>\n\n\n\n<p class=\"wp-block-paragraph\">1970.- La Unidad Popular, liderada por Salvador Allende, gana las elecciones en Chile.<\/p>\n\n\n\n<p class=\"wp-block-paragraph\">1981.- El general Celso Torrelio sustituye a Luis Garc\u00eda Meza como presidente de Bolivia.<\/p>\n\n\n\n<p class=\"wp-block-paragraph\">1982.- China abandona oficialmente el mao\u00edsmo en el Congreso comunista chino.<\/p>\n\n\n\n<p class=\"wp-block-paragraph\">1986.- Yasser Arafat acepta la resoluci\u00f3n 242 de la ONU, que supone su impl\u00edcito reconocimiento del derecho a la existencia del Estado de Israel.<\/p>\n\n\n\n<p class=\"wp-block-paragraph\">1989.- Un avi\u00f3n cubano se estrella en La Habana y mueren 170 personas.<\/p>\n\n\n\n<p class=\"wp-block-paragraph\">1990.- Primera reuni\u00f3n de los primeros ministros de las dos Coreas, Yong Hyong Muk (norte) y Kang Young Hoon (sur) tras la divisi\u00f3n de la pen\u00ednsula asi\u00e1tica hace 45 a\u00f1os.<\/p>\n\n\n\n<p class=\"wp-block-paragraph\">1998.- Nace la compa\u00f1\u00eda estadounidense Google.<\/p>\n\n\n\n<p class=\"wp-block-paragraph\">2007.- La Organizaci\u00f3n de Estados Iberoamericanos (OEI) crea el Instituto Iberoamericano de Atenci\u00f3n a la Primera Infancia, con sede en Bogot\u00e1.<\/p>\n\n\n\n<p class=\"wp-block-paragraph\">2019.- Google, penalizada con una multa r\u00e9cord de 170 millones de d\u00f3lares por violar la Ley de Protecci\u00f3n de la Privacidad Infantil en Internet.<\/p>\n\n\n\n<p class=\"wp-block-paragraph\">2020.- Se inaugura en Colombia el \u00abT\u00fanel de La L\u00ednea\u00bb, el m\u00e1s largo de Am\u00e9rica Latina y que atraviesa la Cordillera Central de los Andes.<\/p>\n\n\n\n<p class=\"wp-block-paragraph\">2021.- Ecuador inaugura el proyecto \u0091Semillero Cultural Manglar Esmeraldas\u0092 dentro del programa gubernamental \u00abTeatro del Barrio\u00bb para fomentar la cultura y romper los ciclos de violencia y pobreza.<\/p>\n\n\n\n<p class=\"wp-block-paragraph\">2022.- Los chilenos rechazan la propuesta de una nueva Constituci\u00f3n. Se mantiene el texto actual, redactado en 1980 por la dictadura militar de Augusto Pinochet, y reformado parcialmente en democracia.<\/p>\n\n\n\n<p class=\"wp-block-paragraph\"><strong>Nacimientos<\/strong><\/p>\n\n\n\n<p class=\"wp-block-paragraph\">1768.- Francois-Ren\u00e9 Chateaubriand, escritor y pol\u00edtico franc\u00e9s.<\/p>\n\n\n\n<p class=\"wp-block-paragraph\">1908.- Richard Wright, escritor estadounidense.<\/p>\n\n\n\n<p class=\"wp-block-paragraph\">1924.- H\u00e9ctor Fix Zamudio, miembro de la Academia Mexicana de la Lengua.<\/p>\n\n\n\n<p class=\"wp-block-paragraph\">1927.- Eugenio Font\u00e1n, empresario radiof\u00f3nico espa\u00f1ol.<\/p>\n\n\n\n<p class=\"wp-block-paragraph\">1937.- Dawn Fraser, nadadora ol\u00edmpica.<\/p>\n\n\n\n<p class=\"wp-block-paragraph\">1951.- Rosa Le\u00f3n, cantautora espa\u00f1ola.<\/p>\n\n\n\n<p class=\"wp-block-paragraph\">1981.- Beyonc\u00e9, cantante estadounidense.<\/p>\n\n\n\n<p class=\"wp-block-paragraph\"><strong>Defunciones<\/strong><\/p>\n\n\n\n<p class=\"wp-block-paragraph\">1963.- Robert Schuman, pol\u00edtico franc\u00e9s, uno de los fundadores del Mercado Com\u00fan.<\/p>\n\n\n\n<p class=\"wp-block-paragraph\">1965.- Albert Schweitzer, te\u00f3logo y misionero franc\u00e9s, Nobel de la Paz.<\/p>\n\n\n\n<p class=\"wp-block-paragraph\">1987.- Victor Nekrasov, escritor y disidente sovi\u00e9tico.<\/p>\n\n\n\n<p class=\"wp-block-paragraph\">1989.- Georges Simenon, novelista belga.<\/p>\n\n\n\n<p class=\"wp-block-paragraph\">1992.- Luis Cardoza y Arag\u00f3n, historiador guatemalteco.<\/p>\n\n\n\n<p class=\"wp-block-paragraph\">1997.- Aldo Rossi, arquitecto italiano.<\/p>\n\n\n\n<p class=\"wp-block-paragraph\">2011.- Lalla Aicha, princesa marroqu\u00ed, hija del rey Mohammed V.<\/p>\n\n\n\n<p class=\"wp-block-paragraph\">2015.-\u00abRico Rodr\u00edguez\u00bb, trombonista jamaicano nacido en Cuba.<\/p>\n\n\n\n<p class=\"wp-block-paragraph\">2019.- Blanca Fern\u00e1ndez-Ochoa, esquiadora ol\u00edmpica espa\u00f1ola.<\/p>\n\n\n\n<p class=\"wp-block-paragraph\">2022.- Francisco Arizt\u00eda, pintor chileno-portugu\u00e9s.<\/p>\n","protected":false},"excerpt":{"rendered":"<p>Un d\u00eda 4 de septiembre como hoy, pero de 2018, Amazon se convierte en la segunda empresa estadounidense en alcanzar una valoraci\u00f3n burs\u00e1til de un bill\u00f3n de d\u00f3lares, exclusivo club al que s\u00f3lo pertenec\u00eda Apple. Otras efem\u00e9rides 1821.- El patriota Jos\u00e9 Miguel Carrera, caudillo de la independencia de Chile, es fusilado en Mendoza. 1870.- Los [&hellip;]<\/p>\n","protected":false},"author":6,"featured_media":93121,"comment_status":"closed","ping_status":"closed","sticky":false,"template":"","format":"standard","meta":{"_acf_changed":false,"_monsterinsights_skip_tracking":false,"slim_seo":{"title":"Efem\u00e9rides 4 de septiembre | Un d\u00eda como hoy en la historia... - Opini\u00f3n P\u00fablica","description":"Un d\u00eda 4 de septiembre como hoy, pero de 2018, Amazon se convierte en la segunda empresa estadounidense en alcanzar una valoraci\u00f3n burs\u00e1til de un bill\u00f3n de d\u00f3la"},"footnotes":""},"categories":[27],"tags":[465,4421],"class_list":["post-93120","post","type-post","status-publish","format-standard","has-post-thumbnail","hentry","category-un-dia-como-hoy","tag-amazon","tag-efemerides-4-de-septiembre"],"acf":[],"_links":{"self":[{"href":"https:\/\/www.opinionpublica.tv\/portada\/wp-json\/wp\/v2\/posts\/93120","targetHints":{"allow":["GET"]}}],"collection":[{"href":"https:\/\/www.opinionpublica.tv\/portada\/wp-json\/wp\/v2\/posts"}],"about":[{"href":"https:\/\/www.opinionpublica.tv\/portada\/wp-json\/wp\/v2\/types\/post"}],"author":[{"embeddable":true,"href":"https:\/\/www.opinionpublica.tv\/portada\/wp-json\/wp\/v2\/users\/6"}],"replies":[{"embeddable":true,"href":"https:\/\/www.opinionpublica.tv\/portada\/wp-json\/wp\/v2\/comments?post=93120"}],"version-history":[{"count":1,"href":"https:\/\/www.opinionpublica.tv\/portada\/wp-json\/wp\/v2\/posts\/93120\/revisions"}],"predecessor-version":[{"id":93122,"href":"https:\/\/www.opinionpublica.tv\/portada\/wp-json\/wp\/v2\/posts\/93120\/revisions\/93122"}],"wp:featuredmedia":[{"embeddable":true,"href":"https:\/\/www.opinionpublica.tv\/portada\/wp-json\/wp\/v2\/media\/93121"}],"wp:attachment":[{"href":"https:\/\/www.opinionpublica.tv\/portada\/wp-json\/wp\/v2\/media?parent=93120"}],"wp:term":[{"taxonomy":"category","embeddable":true,"href":"https:\/\/www.opinionpublica.tv\/portada\/wp-json\/wp\/v2\/categories?post=93120"},{"taxonomy":"post_tag","embeddable":true,"href":"https:\/\/www.opinionpublica.tv\/portada\/wp-json\/wp\/v2\/tags?post=93120"}],"curies":[{"name":"wp","href":"https:\/\/api.w.org\/{rel}","templated":true}]}}