{"id":93080,"date":"2026-09-03T00:01:00","date_gmt":"2026-09-03T06:01:00","guid":{"rendered":"https:\/\/www.opinionpublica.tv\/portada\/?p=93080"},"modified":"2026-09-02T20:53:27","modified_gmt":"2026-09-03T02:53:27","slug":"cepillos-de-dientes-inteligentes-con-camara-y-ia-redefinen-estandares-de-higiene-bucal","status":"publish","type":"post","link":"https:\/\/www.opinionpublica.tv\/portada\/cepillos-de-dientes-inteligentes-con-camara-y-ia-redefinen-estandares-de-higiene-bucal\/","title":{"rendered":"Cepillos de dientes con IA y c\u00e1mara redefinen los est\u00e1ndares de higiene bucal"},"content":{"rendered":"\n<figure class=\"wp-block-image size-full\"><img fetchpriority=\"high\" decoding=\"async\" width=\"900\" height=\"521\" src=\"https:\/\/www.opinionpublica.tv\/portada\/wp-content\/uploads\/2026\/09\/Cepillos-de-dientes-con-IA-y-camara-redefinen-los-estandares-de-higiene-bucal.jpg\" alt=\"Cepillos de dientes con IA y ca\u0301mara redefinen los esta\u0301ndares de higiene bucal\" class=\"wp-image-93083\" srcset=\"https:\/\/www.opinionpublica.tv\/portada\/wp-content\/uploads\/2026\/09\/Cepillos-de-dientes-con-IA-y-camara-redefinen-los-estandares-de-higiene-bucal.jpg 900w, https:\/\/www.opinionpublica.tv\/portada\/wp-content\/uploads\/2026\/09\/Cepillos-de-dientes-con-IA-y-camara-redefinen-los-estandares-de-higiene-bucal-767x444.jpg 767w, https:\/\/www.opinionpublica.tv\/portada\/wp-content\/uploads\/2026\/09\/Cepillos-de-dientes-con-IA-y-camara-redefinen-los-estandares-de-higiene-bucal-300x174.jpg 300w\" sizes=\"(max-width: 900px) 100vw, 900px\" \/><\/figure>\n\n\n\n<p class=\"wp-block-paragraph\">Dispositivos de cuidado bucal equipados con c\u00e1maras de alta resoluci\u00f3n, inteligencia artificial y conectividad Wi-Fi est\u00e1n redefiniendo c\u00f3mo las empresas abordan la higiene dental. Estos sistemas utilizan visi\u00f3n artificial para identificar espacios interdentales y dirigir enjuague bucal de forma automatizada, representando una evoluci\u00f3n significativa respecto a los cepillos el\u00e9ctricos convencionales que solo ofrecen vibraci\u00f3n y sensores de presi\u00f3n.<\/p>\n\n\n\n<p class=\"wp-block-paragraph\">El desarrollo de esta tecnolog\u00eda requiri\u00f3 an\u00e1lisis de 470,000 im\u00e1genes dentales y seis a\u00f1os de investigaci\u00f3n en ingenier\u00eda. El sistema implementa algoritmos de aprendizaje autom\u00e1tico denominado Gap Optical Targeting, que detecta y rastrea espacios interdentales en tiempo real. Cuando identifica \u00e1reas que requieren atenci\u00f3n, el dispositivo dispensa enjuague bucal de forma precisa.<\/p>\n\n\n\n<p class=\"wp-block-paragraph\">Las im\u00e1genes capturadas se transmiten a una aplicaci\u00f3n m\u00f3vil que proporciona gu\u00edas personalizadas, videos educativos y recomendaciones basadas en patrones de limpieza del usuario.<\/p>\n\n\n\n<p class=\"wp-block-paragraph\">Arquitectura t\u00e9cnica y privacidad de datos<\/p>\n\n\n\n<p class=\"wp-block-paragraph\">La integraci\u00f3n de una c\u00e1mara en un dispositivo de higiene personal plantea consideraciones cr\u00edticas sobre privacidad. El sistema est\u00e1 dise\u00f1ado para que las im\u00e1genes no se almacenen ni en el dispositivo ni en servidores en la nube, mitigando riesgos de exposici\u00f3n de datos biom\u00e9tricos. Los cabezales incluyen etiquetas RFID que permiten al dispositivo reconocer cu\u00e1ndo est\u00e1n conectados, contabilizar usos y alertar sobre reemplazo, a\u00f1adiendo una capa de gesti\u00f3n de mantenimiento preventivo.<\/p>\n\n\n\n<p class=\"wp-block-paragraph\">La experiencia de uso incluye modos autom\u00e1tico y manual con diferentes intensidades de vibraci\u00f3n. El sistema requiere una pasta dental sin espuma que no interfiera con la \u00f3ptica de la c\u00e1mara, as\u00ed como un enjuague bucal formulado espec\u00edficamente para funcionar con el mecanismo de chorro. Esta integraci\u00f3n de hardware y consumibles crea un ecosistema cerrado que optimiza el rendimiento del sistema completo.<\/p>\n\n\n\n<p class=\"wp-block-paragraph\">Posicionamiento competitivo en el mercado<\/p>\n\n\n\n<p class=\"wp-block-paragraph\">El sector del cuidado bucal ya cuenta con soluciones conectadas de competidores establecidos. Marcas como Oral-B han incorporado sensores que rastrean cobertura de cepillado y ofrecen retroalimentaci\u00f3n a trav\u00e9s de aplicaciones m\u00f3viles. Sin embargo, la incorporaci\u00f3n de visi\u00f3n artificial y dispensaci\u00f3n autom\u00e1tica de enjuague representa un diferencial t\u00e9cnico que eleva las expectativas sobre capacidades funcionales en esta categor\u00eda.<\/p>\n\n\n\n<p class=\"wp-block-paragraph\">La estrategia de diversificaci\u00f3n de fabricantes tradicionales de electrodom\u00e9sticos hacia el cuidado personal premium refleja una tendencia m\u00e1s amplia: la aplicaci\u00f3n de ingenier\u00eda avanzada y dise\u00f1o industrial a productos de consumo cotidiano. Este enfoque ha permitido a empresas posicionarse en segmentos de precio superior mediante la propuesta de valor basada en tecnolog\u00eda visible y resultados cuantificables.<\/p>\n\n\n\n<p class=\"wp-block-paragraph\">Implicaciones para la experiencia del usuario<\/p>\n\n\n\n<p class=\"wp-block-paragraph\">La capacidad de visualizar en tiempo real d\u00f3nde se acumula placa y recibir retroalimentaci\u00f3n personalizada direcciona el comportamiento del usuario hacia patrones de higiene m\u00e1s efectivos. El problema que busca resolver este sistema es bien documentado: muchas personas no limpian adecuadamente los espacios interdentales, lo que contribuye a problemas periodontales. Al hacer visible lo invisible y automatizar la eliminaci\u00f3n de placa en esas \u00e1reas, el dispositivo transforma la higiene bucal de una tarea manual con resultados inciertos a un proceso guiado por datos.<\/p>\n\n\n\n<p class=\"wp-block-paragraph\">La integraci\u00f3n de aprendizaje autom\u00e1tico permite que el sistema mejore sus recomendaciones a lo largo del tiempo, adapt\u00e1ndose a patrones individuales de limpieza y anatom\u00eda dental. Esta capacidad de personalizaci\u00f3n basada en datos representa un cambio fundamental en c\u00f3mo se dise\u00f1an productos de cuidado personal, pasando de soluciones gen\u00e9ricas a experiencias adaptadas al usuario.<\/p>\n\n\n\n<p class=\"wp-block-paragraph\"><em>Con informaci\u00f3n de NEO<\/em>.<\/p>\n","protected":false},"excerpt":{"rendered":"<p>Dispositivos de cuidado bucal equipados con c\u00e1maras de alta resoluci\u00f3n, inteligencia artificial y conectividad Wi-Fi est\u00e1n redefiniendo c\u00f3mo las empresas abordan la higiene dental. Estos sistemas utilizan visi\u00f3n artificial para identificar espacios interdentales y dirigir enjuague bucal de forma automatizada, representando una evoluci\u00f3n significativa respecto a los cepillos el\u00e9ctricos convencionales que solo ofrecen vibraci\u00f3n y [&hellip;]<\/p>\n","protected":false},"author":6,"featured_media":93083,"comment_status":"closed","ping_status":"closed","sticky":false,"template":"","format":"standard","meta":{"_acf_changed":false,"_monsterinsights_skip_tracking":false,"slim_seo":{"title":"Cepillos de dientes con IA y c\u00e1mara redefinen los est\u00e1ndares de higiene bucal - Opini\u00f3n P\u00fablica","description":"Dispositivos de cuidado bucal equipados con c\u00e1maras de alta resoluci\u00f3n, inteligencia artificial y conectividad Wi-Fi est\u00e1n redefiniendo c\u00f3mo las empresas aborda"},"footnotes":""},"categories":[22],"tags":[4416,392],"class_list":["post-93080","post","type-post","status-publish","format-standard","has-post-thumbnail","hentry","category-ciencia-y-tecnologia","tag-higiene-bucal","tag-inteligencia-artificial"],"acf":[],"_links":{"self":[{"href":"https:\/\/www.opinionpublica.tv\/portada\/wp-json\/wp\/v2\/posts\/93080","targetHints":{"allow":["GET"]}}],"collection":[{"href":"https:\/\/www.opinionpublica.tv\/portada\/wp-json\/wp\/v2\/posts"}],"about":[{"href":"https:\/\/www.opinionpublica.tv\/portada\/wp-json\/wp\/v2\/types\/post"}],"author":[{"embeddable":true,"href":"https:\/\/www.opinionpublica.tv\/portada\/wp-json\/wp\/v2\/users\/6"}],"replies":[{"embeddable":true,"href":"https:\/\/www.opinionpublica.tv\/portada\/wp-json\/wp\/v2\/comments?post=93080"}],"version-history":[{"count":3,"href":"https:\/\/www.opinionpublica.tv\/portada\/wp-json\/wp\/v2\/posts\/93080\/revisions"}],"predecessor-version":[{"id":93084,"href":"https:\/\/www.opinionpublica.tv\/portada\/wp-json\/wp\/v2\/posts\/93080\/revisions\/93084"}],"wp:featuredmedia":[{"embeddable":true,"href":"https:\/\/www.opinionpublica.tv\/portada\/wp-json\/wp\/v2\/media\/93083"}],"wp:attachment":[{"href":"https:\/\/www.opinionpublica.tv\/portada\/wp-json\/wp\/v2\/media?parent=93080"}],"wp:term":[{"taxonomy":"category","embeddable":true,"href":"https:\/\/www.opinionpublica.tv\/portada\/wp-json\/wp\/v2\/categories?post=93080"},{"taxonomy":"post_tag","embeddable":true,"href":"https:\/\/www.opinionpublica.tv\/portada\/wp-json\/wp\/v2\/tags?post=93080"}],"curies":[{"name":"wp","href":"https:\/\/api.w.org\/{rel}","templated":true}]}}