{"id":93041,"date":"2026-09-02T00:01:00","date_gmt":"2026-09-02T06:01:00","guid":{"rendered":"https:\/\/www.opinionpublica.tv\/portada\/?p=93041"},"modified":"2026-09-02T08:38:27","modified_gmt":"2026-09-02T14:38:27","slug":"juarezbus-informa-cierre-temporal-de-estacion-ex-aduana-por-trabajos-de-mantenimiento","status":"publish","type":"post","link":"https:\/\/www.opinionpublica.tv\/portada\/juarezbus-informa-cierre-temporal-de-estacion-ex-aduana-por-trabajos-de-mantenimiento\/","title":{"rendered":"Ju\u00e1rezBus informa cierre temporal de estaci\u00f3n Ex Aduana por mantenimiento"},"content":{"rendered":"\n<figure class=\"wp-block-image size-full\"><img fetchpriority=\"high\" decoding=\"async\" width=\"640\" height=\"360\" src=\"https:\/\/www.opinionpublica.tv\/portada\/wp-content\/uploads\/2026\/09\/JuarezBus-informa-cierre-temporal-de-estacion-Ex-Aduana-por-trabajos-de-mantenimiento.jpeg\" alt=\"Ju\u00e1rezBus informa cierre temporal de estaci\u00f3n Ex Aduana por trabajos de mantenimiento\" class=\"wp-image-93042\" srcset=\"https:\/\/www.opinionpublica.tv\/portada\/wp-content\/uploads\/2026\/09\/JuarezBus-informa-cierre-temporal-de-estacion-Ex-Aduana-por-trabajos-de-mantenimiento.jpeg 640w, https:\/\/www.opinionpublica.tv\/portada\/wp-content\/uploads\/2026\/09\/JuarezBus-informa-cierre-temporal-de-estacion-Ex-Aduana-por-trabajos-de-mantenimiento-300x169.jpeg 300w\" sizes=\"(max-width: 640px) 100vw, 640px\" \/><\/figure>\n\n\n\n<p class=\"wp-block-paragraph\">La Secretar\u00eda General de Gobierno, a trav\u00e9s de la Operadora de Transporte (OTV), informa a las y los usuarios de Ju\u00e1rezBus que, a partir de este lunes 31 de agosto, la estaci\u00f3n Ex Aduana permanecer\u00e1 cerrada temporalmente y hasta nuevo aviso, debido a trabajos de rehabilitaci\u00f3n y mantenimiento.<\/p>\n\n\n\n<p class=\"wp-block-paragraph\">Durante las obras, las personas usuarias podr\u00e1n utilizar la estaci\u00f3n Catedral para abordar los servicios BRT-2, BRT-3 y Expr\u00e9s, con el objetivo de facilitar sus traslados y garantizar la continuidad del servicio.<\/p>\n\n\n\n<p class=\"wp-block-paragraph\">Se recomienda tomar las previsiones necesarias y considerar la estaci\u00f3n Catedral como punto alterno de abordaje mientras concluyen los trabajos.<\/p>\n\n\n\n<p class=\"wp-block-paragraph\">Ju\u00e1rezBus agradece la comprensi\u00f3n de las personas usuarias y reitera su compromiso de realizar acciones que contribuyan a mejorar las condiciones de la infraestructura, as\u00ed como ofrecer un servicio m\u00e1s seguro y eficiente.<\/p>\n\n\n\n<p class=\"wp-block-paragraph\">Para mayor informaci\u00f3n, las personas interesadas pueden comunicarse v\u00eda WhatsApp al n\u00famero 656 852 7384.<\/p>\n","protected":false},"excerpt":{"rendered":"<p>La Secretar\u00eda General de Gobierno, a trav\u00e9s de la Operadora de Transporte (OTV), informa a las y los usuarios de Ju\u00e1rezBus que, a partir de este lunes 31 de agosto, la estaci\u00f3n Ex Aduana permanecer\u00e1 cerrada temporalmente y hasta nuevo aviso, debido a trabajos de rehabilitaci\u00f3n y mantenimiento. Durante las obras, las personas usuarias podr\u00e1n [&hellip;]<\/p>\n","protected":false},"author":6,"featured_media":93042,"comment_status":"closed","ping_status":"closed","sticky":false,"template":"","format":"standard","meta":{"_acf_changed":false,"_monsterinsights_skip_tracking":false,"slim_seo":{"title":"Ju\u00e1rezBus informa cierre temporal de estaci\u00f3n Ex Aduana por mantenimiento - Opini\u00f3n P\u00fablica","description":"La Secretar\u00eda General de Gobierno, a trav\u00e9s de la Operadora de Transporte (OTV), informa a las y los usuarios de Ju\u00e1rezBus que, a partir de este lunes 31 de ago"},"footnotes":""},"categories":[11],"tags":[257,887,4321],"class_list":["post-93041","post","type-post","status-publish","format-standard","has-post-thumbnail","hentry","category-tendencias","tag-brt-juarez","tag-juarez-bus","tag-movilidad-urbana"],"acf":[],"_links":{"self":[{"href":"https:\/\/www.opinionpublica.tv\/portada\/wp-json\/wp\/v2\/posts\/93041","targetHints":{"allow":["GET"]}}],"collection":[{"href":"https:\/\/www.opinionpublica.tv\/portada\/wp-json\/wp\/v2\/posts"}],"about":[{"href":"https:\/\/www.opinionpublica.tv\/portada\/wp-json\/wp\/v2\/types\/post"}],"author":[{"embeddable":true,"href":"https:\/\/www.opinionpublica.tv\/portada\/wp-json\/wp\/v2\/users\/6"}],"replies":[{"embeddable":true,"href":"https:\/\/www.opinionpublica.tv\/portada\/wp-json\/wp\/v2\/comments?post=93041"}],"version-history":[{"count":2,"href":"https:\/\/www.opinionpublica.tv\/portada\/wp-json\/wp\/v2\/posts\/93041\/revisions"}],"predecessor-version":[{"id":93049,"href":"https:\/\/www.opinionpublica.tv\/portada\/wp-json\/wp\/v2\/posts\/93041\/revisions\/93049"}],"wp:featuredmedia":[{"embeddable":true,"href":"https:\/\/www.opinionpublica.tv\/portada\/wp-json\/wp\/v2\/media\/93042"}],"wp:attachment":[{"href":"https:\/\/www.opinionpublica.tv\/portada\/wp-json\/wp\/v2\/media?parent=93041"}],"wp:term":[{"taxonomy":"category","embeddable":true,"href":"https:\/\/www.opinionpublica.tv\/portada\/wp-json\/wp\/v2\/categories?post=93041"},{"taxonomy":"post_tag","embeddable":true,"href":"https:\/\/www.opinionpublica.tv\/portada\/wp-json\/wp\/v2\/tags?post=93041"}],"curies":[{"name":"wp","href":"https:\/\/api.w.org\/{rel}","templated":true}]}}