{"id":93009,"date":"2026-09-01T00:01:00","date_gmt":"2026-09-01T06:01:00","guid":{"rendered":"https:\/\/www.opinionpublica.tv\/portada\/?p=93009"},"modified":"2026-09-01T07:51:48","modified_gmt":"2026-09-01T13:51:48","slug":"reconoce-presidente-ortiz-orpinel-talento-juarense-con-el-premio-de-la-juventud-maass-2026","status":"publish","type":"post","link":"https:\/\/www.opinionpublica.tv\/portada\/reconoce-presidente-ortiz-orpinel-talento-juarense-con-el-premio-de-la-juventud-maass-2026\/","title":{"rendered":"Reconoce alcalde Ortiz talento juarense con Premio de la Juventud Maass 2026"},"content":{"rendered":"\n<figure class=\"wp-block-image size-large\"><img fetchpriority=\"high\" decoding=\"async\" width=\"1024\" height=\"682\" src=\"https:\/\/www.opinionpublica.tv\/portada\/wp-content\/uploads\/2026\/09\/Reconoce-Presidente-Ortiz-Orpinel-talento-juarense-con-el-Premio-de-la-Juventud-Maass-2026-1024x682.jpeg\" alt=\"Reconoce Presidente Ortiz Orpinel talento juarense con el Premio de la Juventud Maass\" class=\"wp-image-93010\" srcset=\"https:\/\/www.opinionpublica.tv\/portada\/wp-content\/uploads\/2026\/09\/Reconoce-Presidente-Ortiz-Orpinel-talento-juarense-con-el-Premio-de-la-Juventud-Maass-2026-1024x682.jpeg 1024w, https:\/\/www.opinionpublica.tv\/portada\/wp-content\/uploads\/2026\/09\/Reconoce-Presidente-Ortiz-Orpinel-talento-juarense-con-el-Premio-de-la-Juventud-Maass-2026-300x200.jpeg 300w, https:\/\/www.opinionpublica.tv\/portada\/wp-content\/uploads\/2026\/09\/Reconoce-Presidente-Ortiz-Orpinel-talento-juarense-con-el-Premio-de-la-Juventud-Maass-2026-767x511.jpeg 767w, https:\/\/www.opinionpublica.tv\/portada\/wp-content\/uploads\/2026\/09\/Reconoce-Presidente-Ortiz-Orpinel-talento-juarense-con-el-Premio-de-la-Juventud-Maass-2026-1536x1024.jpeg 1536w, https:\/\/www.opinionpublica.tv\/portada\/wp-content\/uploads\/2026\/09\/Reconoce-Presidente-Ortiz-Orpinel-talento-juarense-con-el-Premio-de-la-Juventud-Maass-2026-2048x1365.jpeg 2048w\" sizes=\"(max-width: 1024px) 100vw, 1024px\" \/><\/figure>\n\n\n\n<p class=\"wp-block-paragraph\">Diez j\u00f3venes que han destacado por su talento, dedicaci\u00f3n y aportaciones a Ciudad Ju\u00e1rez recibieron este d\u00eda el Premio de la Juventud Maass 2026 de manos del Presidente Municipal, H\u00e9ctor Rafael Ortiz Orpinel, quien destac\u00f3 que las juventudes no solamente representan el futuro, sino que forman parte activa del presente de la ciudad.<br><br>Durante la sesi\u00f3n extraordinaria de Cabildo n\u00famero 17, el alcalde entreg\u00f3 el galard\u00f3n a las y los j\u00f3venes que fueron postulados por su desempe\u00f1o en los \u00e1mbitos acad\u00e9mico, altruista, art\u00edstico, deportivo y productivo.<br><br>El premio se dividi\u00f3 en dos categor\u00edas, la A, dirigida a j\u00f3venes de 12 a 18 a\u00f1os, en la que fueron reconocidos Luis Eduardo Villarreal V\u00e1zquez, en lo acad\u00e9mico; Carlos Rivera Torres, en altruismo; Andr\u00e9 Monta\u00f1o \u00c1vila, en lo art\u00edstica; Mateo Isa\u00edas Holgu\u00edn Aguirre, en deportivo y Sara Isabella Flores Quesada, en el \u00e1rea productiva.<br><br>En la categor\u00eda B, para j\u00f3venes de 19 a 29 a\u00f1os, los galardonados fueron Emiliano G\u00f3mez Monta\u00f1ez, en acad\u00e9mica; Roberto Jos\u00e9 Antuna, en altruismo; Alma Patricia Favela Llamas, en art\u00edstica; Suzeth Ram\u00edrez Hern\u00e1ndez, en deportiva y Roberto Alejandro P\u00e9rez Villegas, en productiva.<br><br>Al hacer uso de la palabra, Ortiz Orpinel se\u00f1al\u00f3 que com\u00fanmente se dice que las juventudes son el futuro de M\u00e9xico, pero consider\u00f3 que su participaci\u00f3n e influencia van m\u00e1s all\u00e1, pues desde ahora contribuyen al desarrollo de su comunidad.<br><br>Indic\u00f3 que por ello es necesario continuar invirtiendo en educaci\u00f3n, deporte, cultura y en todas aquellas \u00e1reas que permitan a ni\u00f1as, ni\u00f1os, adolescentes y j\u00f3venes contar con mejores oportunidades para desarrollar sus capacidades.<br><br>El Presidente Municipal destac\u00f3 que reconocimientos como el Premio de la Juventud Maass permiten visibilizar las distintas formas en que las nuevas generaciones canalizan su energ\u00eda, creatividad y conocimientos para generar aportaciones positivas a la sociedad.<br><br>Afirm\u00f3 que las historias de las y los galardonados demuestran que en Ciudad Ju\u00e1rez existe talento que debe ser respaldado, adem\u00e1s de generar oportunidades para que otros j\u00f3venes descubran y desarrollen sus propias capacidades.<br><br>Destac\u00f3 que ni\u00f1as, ni\u00f1os y adolescentes ya est\u00e1n imaginando la ciudad que quieren para los pr\u00f3ximos a\u00f1os, por lo que llam\u00f3 a creer en ellos desde ahora y acompa\u00f1arlos en el desarrollo de sus proyectos.<br><br>\u201cSi ellos creen, como nosotros, Ciudad Ju\u00e1rez cree en ellos, \u00bfpor qu\u00e9 no empezar a creerles desde hoy?\u201d, expres\u00f3.<br><br>Ortiz Orpinel reconoci\u00f3 tambi\u00e9n el papel de las familias como motor e impulso para las nuevas generaciones y pidi\u00f3 a madres y padres sentirse orgullosos del trabajo que realizan en la formaci\u00f3n y acompa\u00f1amiento de sus hijas e hijos.<br><br>Ante las y los j\u00f3venes galardonados, refrend\u00f3 el compromiso del Gobierno Municipal de continuar generando condiciones y espacios que les permitan desarrollar sus capacidades.<br><br>\u201cUstedes ya est\u00e1n haciendo su esfuerzo, tendr\u00e1 el Gobierno que poner las condiciones necesarias para que vayan a seguir encontrando espacios en los que puedan seguir desarroll\u00e1ndose\u201d, manifest\u00f3.<br><br>Asimismo, los invit\u00f3 a seguir so\u00f1ando en grande y a no permitir que nadie les diga que sus metas son imposibles, adem\u00e1s de mantenerse cerca de sus familias, amistades y de quienes los motiven a continuar trabajando por sus objetivos.<br><br>La regidora y coordinadora de la Comisi\u00f3n de Juventud, Luz Clara Cristo Sosa, destac\u00f3 que el Premio de la Juventud Maass reconoce a quienes mediante su esfuerzo acad\u00e9mico, productividad y pasi\u00f3n art\u00edstica, deportiva y altruista, est\u00e1n abriendo camino para las nuevas generaciones.<br><br>Resalt\u00f3 que las y los galardonados representan una muestra del talento que existe en esta frontera y de la capacidad de las juventudes para generar cambios positivos en su comunidad.<br><br>Por su parte, Luis Osvaldo Rivas Garc\u00eda, director del Instituto Municipal de la Juventud de Ju\u00e1rez, coment\u00f3 que la edici\u00f3n 2026 coloca en el centro a diez j\u00f3venes que desde distintos \u00e1mbitos est\u00e1n dejando huella en la ciudad.<br><br>\u201cGracias por convertir sus talentos en acciones, sus ideas en proyectos y sus sue\u00f1os en oportunidades para otras personas\u201d, expres\u00f3.<br><br>Rivas Garc\u00eda exhort\u00f3 a las juventudes a no dejar de cuestionar aquello que puede transformarse y a participar activamente en la construcci\u00f3n de la ciudad que desean.<\/p>\n","protected":false},"excerpt":{"rendered":"<p>Diez j\u00f3venes que han destacado por su talento, dedicaci\u00f3n y aportaciones a Ciudad Ju\u00e1rez recibieron este d\u00eda el Premio de la Juventud Maass 2026 de manos del Presidente Municipal, H\u00e9ctor Rafael Ortiz Orpinel, quien destac\u00f3 que las juventudes no solamente representan el futuro, sino que forman parte activa del presente de la ciudad. Durante la [&hellip;]<\/p>\n","protected":false},"author":6,"featured_media":93010,"comment_status":"closed","ping_status":"closed","sticky":false,"template":"","format":"standard","meta":{"_acf_changed":false,"_monsterinsights_skip_tracking":false,"slim_seo":{"title":"Reconoce alcalde Ortiz talento juarense con Premio de la Juventud Maass 2026 - Opini\u00f3n P\u00fablica","description":"Diez j\u00f3venes que han destacado por su talento, dedicaci\u00f3n y aportaciones a Ciudad Ju\u00e1rez recibieron este d\u00eda el Premio de la Juventud Maass 2026 de manos del Pr"},"footnotes":""},"categories":[41],"tags":[608,3860,4412,1289,4411],"class_list":["post-93009","post","type-post","status-publish","format-standard","has-post-thumbnail","hentry","category-juarez","tag-ciudad-juarez","tag-hector-rafael-ortiz-orpinel","tag-instituto-municipal-de-la-juventud-de-juarez","tag-juventud","tag-premio-de-la-juventud"],"acf":[],"_links":{"self":[{"href":"https:\/\/www.opinionpublica.tv\/portada\/wp-json\/wp\/v2\/posts\/93009","targetHints":{"allow":["GET"]}}],"collection":[{"href":"https:\/\/www.opinionpublica.tv\/portada\/wp-json\/wp\/v2\/posts"}],"about":[{"href":"https:\/\/www.opinionpublica.tv\/portada\/wp-json\/wp\/v2\/types\/post"}],"author":[{"embeddable":true,"href":"https:\/\/www.opinionpublica.tv\/portada\/wp-json\/wp\/v2\/users\/6"}],"replies":[{"embeddable":true,"href":"https:\/\/www.opinionpublica.tv\/portada\/wp-json\/wp\/v2\/comments?post=93009"}],"version-history":[{"count":4,"href":"https:\/\/www.opinionpublica.tv\/portada\/wp-json\/wp\/v2\/posts\/93009\/revisions"}],"predecessor-version":[{"id":93030,"href":"https:\/\/www.opinionpublica.tv\/portada\/wp-json\/wp\/v2\/posts\/93009\/revisions\/93030"}],"wp:featuredmedia":[{"embeddable":true,"href":"https:\/\/www.opinionpublica.tv\/portada\/wp-json\/wp\/v2\/media\/93010"}],"wp:attachment":[{"href":"https:\/\/www.opinionpublica.tv\/portada\/wp-json\/wp\/v2\/media?parent=93009"}],"wp:term":[{"taxonomy":"category","embeddable":true,"href":"https:\/\/www.opinionpublica.tv\/portada\/wp-json\/wp\/v2\/categories?post=93009"},{"taxonomy":"post_tag","embeddable":true,"href":"https:\/\/www.opinionpublica.tv\/portada\/wp-json\/wp\/v2\/tags?post=93009"}],"curies":[{"name":"wp","href":"https:\/\/api.w.org\/{rel}","templated":true}]}}