{"id":93006,"date":"2026-09-01T00:01:00","date_gmt":"2026-09-01T06:01:00","guid":{"rendered":"https:\/\/www.opinionpublica.tv\/portada\/?p=93006"},"modified":"2026-09-01T07:50:35","modified_gmt":"2026-09-01T13:50:35","slug":"se-mantienen-a-la-baja-indices-delictivos-derivado-a-mayor-presencia-operativa-de-la-sspm","status":"publish","type":"post","link":"https:\/\/www.opinionpublica.tv\/portada\/se-mantienen-a-la-baja-indices-delictivos-derivado-a-mayor-presencia-operativa-de-la-sspm\/","title":{"rendered":"A la baja \u00edndices delictivos derivado a mayor presencia operativa de la SSPM"},"content":{"rendered":"\n<figure class=\"wp-block-image size-large\"><img fetchpriority=\"high\" decoding=\"async\" width=\"1024\" height=\"682\" src=\"https:\/\/www.opinionpublica.tv\/portada\/wp-content\/uploads\/2026\/09\/Se-mantienen-a-la-baja-indices-delictivos-derivado-a-mayor-presencia-operativa-de-la-SSPM-1024x682.jpeg\" alt=\"Se mantienen a la baja \u00edndices delictivos derivado a mayor presencia operativa de la SSPM\" class=\"wp-image-93007\" srcset=\"https:\/\/www.opinionpublica.tv\/portada\/wp-content\/uploads\/2026\/09\/Se-mantienen-a-la-baja-indices-delictivos-derivado-a-mayor-presencia-operativa-de-la-SSPM-1024x682.jpeg 1024w, https:\/\/www.opinionpublica.tv\/portada\/wp-content\/uploads\/2026\/09\/Se-mantienen-a-la-baja-indices-delictivos-derivado-a-mayor-presencia-operativa-de-la-SSPM-300x200.jpeg 300w, https:\/\/www.opinionpublica.tv\/portada\/wp-content\/uploads\/2026\/09\/Se-mantienen-a-la-baja-indices-delictivos-derivado-a-mayor-presencia-operativa-de-la-SSPM-767x511.jpeg 767w, https:\/\/www.opinionpublica.tv\/portada\/wp-content\/uploads\/2026\/09\/Se-mantienen-a-la-baja-indices-delictivos-derivado-a-mayor-presencia-operativa-de-la-SSPM-1536x1023.jpeg 1536w, https:\/\/www.opinionpublica.tv\/portada\/wp-content\/uploads\/2026\/09\/Se-mantienen-a-la-baja-indices-delictivos-derivado-a-mayor-presencia-operativa-de-la-SSPM.jpeg 1600w\" sizes=\"(max-width: 1024px) 100vw, 1024px\" \/><\/figure>\n\n\n\n<p class=\"wp-block-paragraph\">Derivado de la coordinaci\u00f3n entre instituciones y de la utilizaci\u00f3n de herramientas tecnol\u00f3gicas para la prevenci\u00f3n y atenci\u00f3n de delitos, as\u00ed como una mayor presencia operativa, se ha logrado una reducci\u00f3n significativa en cuanto a los \u00edndices delictivos, dio a conocer el secretario de Seguridad P\u00fablica Municipal, C\u00e9sar Omar Mu\u00f1oz Morales.<br><br>Una de las herramientas m\u00e1s eficaces para la contribuci\u00f3n de estos resultados es la Plataforma de vigilancia \u201cJu\u00e1rez Vigilante\u201d, la cual, junto con c\u00e1maras, monitoreo y sistemas de respuesta, forman parte de una estrategia que sin duda ha mejorado la capacidad para detectar situaciones de riesgo, dar seguimiento a incidentes y responder con mayor rapidez, dijo el funcionario durante la conferencia de prensa semanal que ofrece el alcalde H\u00e9ctor Rafael Ortiz Orpinel.<br><br>En t\u00e9rminos generales, durante el a\u00f1o 2020 a la cifra reportada para 2026 se observa una reducci\u00f3n acumulada del 64%, en la comisi\u00f3n del delito de homicidio, por lo que cada a\u00f1o se ha logrado mantener los indicadores a la baja, as\u00ed como cada mes, n\u00fameros que han contribuido a generar y mantener una ciudad m\u00e1s segura.<br><br>\u201cSe ha estado haciendo un trabajo muy importante dentro del tema de la seguridad p\u00fablica en el municipio; el dato que yo m\u00e1s recupero es de que van a la baja todos los \u00edndices delictivos en la ciudad\u201d, coment\u00f3 sobre ello el Presidente Muncipal, H\u00e9ctor Ortiz Orpinel.<br><br>Aun no se puede cantar victoria, al contrario, nos compromete a seguir teniendo una coordinaci\u00f3n m\u00e1s estricta con todos los entes de gobierno que est\u00e1n pendientes del tema de seguridad, indic\u00f3.<br><br>Mencion\u00f3 que no se tiene una polic\u00eda reactiva, ya se est\u00e1 transmitiendo a una polic\u00eda preventiva, para evitar la cantidad de delitos que se encontraban en la ciudad.<br><br>\u201cEl que se maneje los homicidios como un marcador fundamental para determinar si hay o no seguridad o no en el municipio, siempre es a trav\u00e9s de los homicidios dolosos\u201d, mencion\u00f3.<br><br>Dijo que los datos y las estad\u00edsticas ah\u00ed est\u00e1n y cada mes van bajando de manera contundente, en una tendencia a la baja en todos los delitos de la ciudad.<br><br>Gracias al trabajo preventivo que la SSPM realiza, se da a conocer que durante este mes de agosto se logr\u00f3 sacar de las calles 27 armas cortas y tres armas largas, con la detenci\u00f3n de 36 personas involucradas en este delito.<br><br>Por otra parte, debido a la presencia policial se logr\u00f3 el aseguramiento de 19 kilogramos de diferentes tipos de droga mientras que tambi\u00e9n fueron decomisados 10 mil 681 dosis de diferentes drogas, con el arresto de 174 personas relacionadas con este delito.<br><br>Durante las intervenciones diarias y operativos especiales de prevenci\u00f3n agentes municipales detectaron 152 \u00f3rdenes de aprehensi\u00f3n con diferentes delitos, quienes fueron arrestados y entregados a la autoridad correspondiente.<br><br>El robo de veh\u00edculos tambi\u00e9n presenta una reducci\u00f3n importante por lo que en el 2020 se registraron 2 mil 561 casos, mientras que en 2026 se contabilizan 730, lo que representa una disminuci\u00f3n del 57 por ciento respecto a ese a\u00f1o, as\u00ed mismo, frente al a\u00f1o anterior, existe una reducci\u00f3n del 34 por ciento, reflejando una tendencia descendente de gran importancia en este delito.<br><br>El titular de la Secretar\u00eda de Seguridad P\u00fablica Municipal destac\u00f3 que la corporaci\u00f3n refrenda su compromiso de fortalecer las acciones de prevenci\u00f3n, vigilancia y reacci\u00f3n inmediata, mediante el uso de herramientas tecnol\u00f3gicas y la coordinaci\u00f3n operativa de sus elementos, con el objetivo de dar una respuesta eficaz para la construcci\u00f3n de una ciudad m\u00e1s segura.<\/p>\n","protected":false},"excerpt":{"rendered":"<p>Derivado de la coordinaci\u00f3n entre instituciones y de la utilizaci\u00f3n de herramientas tecnol\u00f3gicas para la prevenci\u00f3n y atenci\u00f3n de delitos, as\u00ed como una mayor presencia operativa, se ha logrado una reducci\u00f3n significativa en cuanto a los \u00edndices delictivos, dio a conocer el secretario de Seguridad P\u00fablica Municipal, C\u00e9sar Omar Mu\u00f1oz Morales. Una de las herramientas [&hellip;]<\/p>\n","protected":false},"author":6,"featured_media":93007,"comment_status":"closed","ping_status":"closed","sticky":false,"template":"","format":"standard","meta":{"_acf_changed":false,"_monsterinsights_skip_tracking":false,"slim_seo":{"title":"A la baja \u00edndices delictivos derivado a mayor presencia operativa de la SSPM - Opini\u00f3n P\u00fablica","description":"Derivado de la coordinaci\u00f3n entre instituciones y de la utilizaci\u00f3n de herramientas tecnol\u00f3gicas para la prevenci\u00f3n y atenci\u00f3n de delitos, as\u00ed como una mayor pr"},"footnotes":""},"categories":[41],"tags":[608,3860,4410,1430,1694],"class_list":["post-93006","post","type-post","status-publish","format-standard","has-post-thumbnail","hentry","category-juarez","tag-ciudad-juarez","tag-hector-rafael-ortiz-orpinel","tag-juarez-vigilante","tag-secretaria-de-seguridad-publica-municipal","tag-sspm"],"acf":[],"_links":{"self":[{"href":"https:\/\/www.opinionpublica.tv\/portada\/wp-json\/wp\/v2\/posts\/93006","targetHints":{"allow":["GET"]}}],"collection":[{"href":"https:\/\/www.opinionpublica.tv\/portada\/wp-json\/wp\/v2\/posts"}],"about":[{"href":"https:\/\/www.opinionpublica.tv\/portada\/wp-json\/wp\/v2\/types\/post"}],"author":[{"embeddable":true,"href":"https:\/\/www.opinionpublica.tv\/portada\/wp-json\/wp\/v2\/users\/6"}],"replies":[{"embeddable":true,"href":"https:\/\/www.opinionpublica.tv\/portada\/wp-json\/wp\/v2\/comments?post=93006"}],"version-history":[{"count":3,"href":"https:\/\/www.opinionpublica.tv\/portada\/wp-json\/wp\/v2\/posts\/93006\/revisions"}],"predecessor-version":[{"id":93027,"href":"https:\/\/www.opinionpublica.tv\/portada\/wp-json\/wp\/v2\/posts\/93006\/revisions\/93027"}],"wp:featuredmedia":[{"embeddable":true,"href":"https:\/\/www.opinionpublica.tv\/portada\/wp-json\/wp\/v2\/media\/93007"}],"wp:attachment":[{"href":"https:\/\/www.opinionpublica.tv\/portada\/wp-json\/wp\/v2\/media?parent=93006"}],"wp:term":[{"taxonomy":"category","embeddable":true,"href":"https:\/\/www.opinionpublica.tv\/portada\/wp-json\/wp\/v2\/categories?post=93006"},{"taxonomy":"post_tag","embeddable":true,"href":"https:\/\/www.opinionpublica.tv\/portada\/wp-json\/wp\/v2\/tags?post=93006"}],"curies":[{"name":"wp","href":"https:\/\/api.w.org\/{rel}","templated":true}]}}