{"id":92995,"date":"2026-09-01T00:01:00","date_gmt":"2026-09-01T06:01:00","guid":{"rendered":"https:\/\/www.opinionpublica.tv\/portada\/?p=92995"},"modified":"2026-08-31T21:15:08","modified_gmt":"2026-09-01T03:15:08","slug":"raul-bolanos-cacho-del-pvem-asume-presidencia-de-la-camara-de-diputados","status":"publish","type":"post","link":"https:\/\/www.opinionpublica.tv\/portada\/raul-bolanos-cacho-del-pvem-asume-presidencia-de-la-camara-de-diputados\/","title":{"rendered":"Ra\u00fal Bola\u00f1os Cacho, del PVEM, asume presidencia de la C\u00e1mara de Diputados"},"content":{"rendered":"\n<figure class=\"wp-block-image size-large\"><img fetchpriority=\"high\" decoding=\"async\" width=\"1024\" height=\"683\" src=\"https:\/\/www.opinionpublica.tv\/portada\/wp-content\/uploads\/2026\/08\/Raul-Bolanos-Cacho-del-PVEM-asume-presidencia-de-la-Camara-de-Diputados-1024x683.webp\" alt=\"Rau\u0301l Bolan\u0303os Cacho, del PVEM, asume presidencia de la Ca\u0301mara de Diputados\" class=\"wp-image-92998\" srcset=\"https:\/\/www.opinionpublica.tv\/portada\/wp-content\/uploads\/2026\/08\/Raul-Bolanos-Cacho-del-PVEM-asume-presidencia-de-la-Camara-de-Diputados-1024x683.webp 1024w, https:\/\/www.opinionpublica.tv\/portada\/wp-content\/uploads\/2026\/08\/Raul-Bolanos-Cacho-del-PVEM-asume-presidencia-de-la-Camara-de-Diputados-300x200.webp 300w, https:\/\/www.opinionpublica.tv\/portada\/wp-content\/uploads\/2026\/08\/Raul-Bolanos-Cacho-del-PVEM-asume-presidencia-de-la-Camara-de-Diputados-768x512.webp 768w, https:\/\/www.opinionpublica.tv\/portada\/wp-content\/uploads\/2026\/08\/Raul-Bolanos-Cacho-del-PVEM-asume-presidencia-de-la-Camara-de-Diputados.webp 1200w\" sizes=\"(max-width: 1024px) 100vw, 1024px\" \/><\/figure>\n\n\n\n<p class=\"wp-block-paragraph\"><em>Ciudad de M\u00e9xico<\/em>.- La C\u00e1mara de Diputados realiz\u00f3 este lunes su sesi\u00f3n preparatoria al \u00faltimo a\u00f1o de la actual legislatura y eligi\u00f3 a una nueva integraci\u00f3n de la Mesa Directiva, que presidir\u00e1 Ra\u00fal Bola\u00f1os Cacho, el segundo legislador por el PVEM que dirige los trabajos en la historia del Congreso.<\/p>\n\n\n\n<p class=\"wp-block-paragraph\">La elecci\u00f3n se dio con 432 votos en favor de todas las bancadas, 10 abstenciones de diputados de Morena, de los cuales ocho son de Veracruz, que reflejaron as\u00ed su rechazo a que Sergio Gonz\u00e1lez Luna repita como vicepresidente por segundo a\u00f1o, y uno en contra del tambi\u00e9n morenista Ed\u00e9n Garc\u00e9s.<\/p>\n\n\n\n<p class=\"wp-block-paragraph\">Si en la discusi\u00f3n de la reforma constitucional en materia electoral, el 11 de marzo pasado, la \u00fanica abstenci\u00f3n que apareci\u00f3 en el tablero de votaci\u00f3n fue la de Bola\u00f1os Cacho, hoy en su discurso tras ser designado, el legislador oaxaque\u00f1o expres\u00f3:<\/p>\n\n\n\n<p class=\"wp-block-paragraph\">\u201cA mis compa\u00f1eros de Morena, del Partido Verde y del Partido del Trabajo, para m\u00ed representar a nuestra coalici\u00f3n que llev\u00f3 a la primera mujer, a la doctora. Claudia Sheinbaum Pardo, a la presidencia de la rep\u00fablica, es un alt\u00edsimo honor que no me permite fallar\u201d.<\/p>\n\n\n\n<p class=\"wp-block-paragraph\">En la integraci\u00f3n de la mesa, el PAN sustituy\u00f3 a Kenia L\u00f3pez Rabad\u00e1n y Paulina Rubio, que terminan como presidenta y vicepresidenta, respectivamente, y en su lugar propuso a Annia Sarah\u00ed G\u00f3mez C\u00e1rdenas y Diana Estefan\u00eda Guti\u00e9rrez Valtierra.<\/p>\n\n\n\n<p class=\"wp-block-paragraph\">Antes que Bola\u00f1os Cacho, entre febrero y marzo de 2015, el primer vicepresidente de la C\u00e1mara, Tom\u00e1s Torres Mercado (PVEM) asumi\u00f3 la presidencia de la mesa directiva de manera provisional, en tanto se dirim\u00eda una crisis por el control de la c\u00e1mara que protagonizaron las tribus del extinto Partido de la Revoluci\u00f3n Democr\u00e1tica.<\/p>\n\n\n\n<p class=\"wp-block-paragraph\">El conflicto entre la corriente de Los Chuchos, Izquierda Democr\u00e1tica Nacional y Alternativa Democr\u00e1tica Nacional se desat\u00f3 cuando el entonces presidente de la mesa, Silvano Aureoles Conejo \u2013actualmente pr\u00f3fugo de la justicia- solicit\u00f3 licencia para competir por la candidatura al gobierno de Michoac\u00e1n.<\/p>\n\n\n\n<p class=\"wp-block-paragraph\">El acuerdo entre las corrientes perredistas decant\u00f3 en favor de Julio C\u00e9sar Moreno, que era presidente de la Comisi\u00f3n de la Comisi\u00f3n de Puntos Constitucionales y militante del que el sol azteca, y actualmente en Morena. Ayer, tras su elecci\u00f3n, Bola\u00f1os Cacho convoc\u00f3 de inmediato a la sesi\u00f3n de Congreso General que se realizar\u00e1 la tarde de este martes en la C\u00e1mara de Diputados, para recibir el segundo Informe de la presidenta Claudia Sheinbaum.<\/p>\n\n\n\n<p class=\"wp-block-paragraph\"><em>Con informaci\u00f3n de La Jornada<\/em>.<\/p>\n","protected":false},"excerpt":{"rendered":"<p>Ciudad de M\u00e9xico.- La C\u00e1mara de Diputados realiz\u00f3 este lunes su sesi\u00f3n preparatoria al \u00faltimo a\u00f1o de la actual legislatura y eligi\u00f3 a una nueva integraci\u00f3n de la Mesa Directiva, que presidir\u00e1 Ra\u00fal Bola\u00f1os Cacho, el segundo legislador por el PVEM que dirige los trabajos en la historia del Congreso. La elecci\u00f3n se dio con [&hellip;]<\/p>\n","protected":false},"author":6,"featured_media":92998,"comment_status":"closed","ping_status":"closed","sticky":false,"template":"","format":"standard","meta":{"_acf_changed":false,"_monsterinsights_skip_tracking":false,"slim_seo":{"title":"Ra\u00fal Bola\u00f1os Cacho, del PVEM, asume presidencia de la C\u00e1mara de Diputados - Opini\u00f3n P\u00fablica","description":"Ciudad de M\u00e9xico .- La C\u00e1mara de Diputados realiz\u00f3 este lunes su sesi\u00f3n preparatoria al \u00faltimo a\u00f1o de la actual legislatura y eligi\u00f3 a una nueva integraci\u00f3n de"},"footnotes":""},"categories":[4],"tags":[107,652,4407],"class_list":["post-92995","post","type-post","status-publish","format-standard","has-post-thumbnail","hentry","category-pulsopolitico","tag-camara-de-diputados","tag-pvem","tag-raul-bolanos-cacho"],"acf":[],"_links":{"self":[{"href":"https:\/\/www.opinionpublica.tv\/portada\/wp-json\/wp\/v2\/posts\/92995","targetHints":{"allow":["GET"]}}],"collection":[{"href":"https:\/\/www.opinionpublica.tv\/portada\/wp-json\/wp\/v2\/posts"}],"about":[{"href":"https:\/\/www.opinionpublica.tv\/portada\/wp-json\/wp\/v2\/types\/post"}],"author":[{"embeddable":true,"href":"https:\/\/www.opinionpublica.tv\/portada\/wp-json\/wp\/v2\/users\/6"}],"replies":[{"embeddable":true,"href":"https:\/\/www.opinionpublica.tv\/portada\/wp-json\/wp\/v2\/comments?post=92995"}],"version-history":[{"count":2,"href":"https:\/\/www.opinionpublica.tv\/portada\/wp-json\/wp\/v2\/posts\/92995\/revisions"}],"predecessor-version":[{"id":92999,"href":"https:\/\/www.opinionpublica.tv\/portada\/wp-json\/wp\/v2\/posts\/92995\/revisions\/92999"}],"wp:featuredmedia":[{"embeddable":true,"href":"https:\/\/www.opinionpublica.tv\/portada\/wp-json\/wp\/v2\/media\/92998"}],"wp:attachment":[{"href":"https:\/\/www.opinionpublica.tv\/portada\/wp-json\/wp\/v2\/media?parent=92995"}],"wp:term":[{"taxonomy":"category","embeddable":true,"href":"https:\/\/www.opinionpublica.tv\/portada\/wp-json\/wp\/v2\/categories?post=92995"},{"taxonomy":"post_tag","embeddable":true,"href":"https:\/\/www.opinionpublica.tv\/portada\/wp-json\/wp\/v2\/tags?post=92995"}],"curies":[{"name":"wp","href":"https:\/\/api.w.org\/{rel}","templated":true}]}}