{"id":92985,"date":"2026-09-01T00:01:00","date_gmt":"2026-09-01T06:01:00","guid":{"rendered":"https:\/\/www.opinionpublica.tv\/portada\/?p=92985"},"modified":"2026-08-31T20:59:07","modified_gmt":"2026-09-01T02:59:07","slug":"cae-empleo-formal-en-10-estados-sinaloa-concentra-la-mayor-perdida","status":"publish","type":"post","link":"https:\/\/www.opinionpublica.tv\/portada\/cae-empleo-formal-en-10-estados-sinaloa-concentra-la-mayor-perdida\/","title":{"rendered":"Cae el empleo formal en 10 estados; Sinaloa concentra la mayor p\u00e9rdida"},"content":{"rendered":"\n<figure class=\"wp-block-image size-large\"><img fetchpriority=\"high\" decoding=\"async\" width=\"1024\" height=\"575\" src=\"https:\/\/www.opinionpublica.tv\/portada\/wp-content\/uploads\/2026\/08\/Cae-empleo-formal-en-10-estados-Sinaloa-concentra-la-mayor-perdida-1024x575.webp\" alt=\"Cae empleo formal en 10 estados; Sinaloa concentra la mayor pe\u0301rdida\" class=\"wp-image-92988\" srcset=\"https:\/\/www.opinionpublica.tv\/portada\/wp-content\/uploads\/2026\/08\/Cae-empleo-formal-en-10-estados-Sinaloa-concentra-la-mayor-perdida-1024x575.webp 1024w, https:\/\/www.opinionpublica.tv\/portada\/wp-content\/uploads\/2026\/08\/Cae-empleo-formal-en-10-estados-Sinaloa-concentra-la-mayor-perdida-300x168.webp 300w, https:\/\/www.opinionpublica.tv\/portada\/wp-content\/uploads\/2026\/08\/Cae-empleo-formal-en-10-estados-Sinaloa-concentra-la-mayor-perdida-767x431.webp 767w, https:\/\/www.opinionpublica.tv\/portada\/wp-content\/uploads\/2026\/08\/Cae-empleo-formal-en-10-estados-Sinaloa-concentra-la-mayor-perdida.webp 1200w\" sizes=\"(max-width: 1024px) 100vw, 1024px\" \/><\/figure>\n\n\n\n<p class=\"wp-block-paragraph\">En lo que va del a\u00f1o se han creado en el pa\u00eds poco m\u00e1s de 243 mil empleos formales, seg\u00fan registros del IMSS; sin embargo, la generaci\u00f3n de plazas no ha sido uniforme y 10 entidades registran una disminuci\u00f3n frente al cierre de 2025.<\/p>\n\n\n\n<p class=\"wp-block-paragraph\">Guerrero, Michoac\u00e1n, Morelos, Nayarit, Quintana Roo, Sinaloa, Tamaulipas, Tlaxcala, Yucat\u00e1n y Zacatecas han visto una disminuci\u00f3n en las plazas formales entre el cierre de 2025 y julio pasado.<\/p>\n\n\n\n<p class=\"wp-block-paragraph\">Los datos del instituto destacan el caso de Sinaloa, que en los siete meses que van de 2026 ha visto la p\u00e9rdida de 32 mil 399 puestos formales.<\/p>\n\n\n\n<p class=\"wp-block-paragraph\">Al estado del Pac\u00edfico norte le siguen Tlaxcala, Yucat\u00e1n, Morelos y Michoac\u00e1n como las entidades con mayor p\u00e9rdida de trabajos con seguridad social y prestaciones.<\/p>\n\n\n\n<p class=\"wp-block-paragraph\">De acuerdo con Manpower Group, la diferencia en la creaci\u00f3n de empleos entre los estados se debe a que el mercado laboral y las actividades econ\u00f3micas en el pa\u00eds no son homog\u00e9neas, y cada regi\u00f3n y entidad federativa cuenta con su propia estructura productiva, que depende de industrias, ciclos econ\u00f3micos y niveles de inversi\u00f3n diferentes.<\/p>\n\n\n\n<p class=\"wp-block-paragraph\">\u201cMientras algunas entidades aprovechan sectores como manufactura, automotriz, log\u00edstica y servicios especializados, otras tienen una mayor exposici\u00f3n a actividades estacionales como el turismo o a sectores que actualmente enfrentan una menor din\u00e1mica\u201d, dijo a El Sol de M\u00e9xico Beatriz Robles, directora de Operaciones de Manpower para Am\u00e9rica Latina.<\/p>\n\n\n\n<p class=\"wp-block-paragraph\">As\u00ed, a\u00f1adi\u00f3 la experta, los datos del IMSS muestran una combinaci\u00f3n de factores que explican por qu\u00e9 algunos estados tienen una mayor dependencia de actividades como turismo, agricultura, comercio o servicios, que pueden presentar comportamientos estacionales y ser m\u00e1s sensibles a cambios en la demanda econ\u00f3mica. En otros casos, hay una menor actividad econ\u00f3mica o condiciones que est\u00e1n retrasando nuevas inversiones y decisiones de contrataci\u00f3n, sobre todo en sectores como la manufactura.<\/p>\n\n\n\n<p class=\"wp-block-paragraph\">De acuerdo con los datos del IMSS, los sectores agroalimentario y comercio muestran ca\u00eddas en el empleo formal a nivel nacional en lo que va del a\u00f1o, que se acentuaron en estados como Sinaloa, Veracruz y Michoac\u00e1n.<\/p>\n\n\n\n<p class=\"wp-block-paragraph\">En el caso de las actividades agr\u00edcolas, la directiva de Manpower se\u00f1al\u00f3 que existe un componente importante de estacionalidad, por lo que las necesidades de mano de obra pueden cambiar de acuerdo con los ciclos agr\u00edcolas, las cosechas, las condiciones clim\u00e1ticas y la demanda de determinados productos.<\/p>\n\n\n\n<p class=\"wp-block-paragraph\">Robles apunt\u00f3 que los datos del IMSS muestran que M\u00e9xico mantiene demanda de talento, pero que est\u00e1 cambiando de ubicaci\u00f3n, de sector y, sobre todo, de habilidades.<\/p>\n\n\n\n<p class=\"wp-block-paragraph\">\u201cEl reto para empresas y trabajadores ser\u00e1 lograr que la oferta de talento pueda responder a esas nuevas necesidades\u201d, apunt\u00f3.<\/p>\n\n\n\n<p class=\"wp-block-paragraph\">La directiva descart\u00f3 que haya un mercado laboral detenido en el pa\u00eds, sino que se est\u00e1 transformando y que las empresas toman decisiones de contrataci\u00f3n con mayor selectividad.<\/p>\n\n\n\n<p class=\"wp-block-paragraph\">Para el tercer trimestre, Manpower estima que los sectores con mejores perspectivas de empleo ser\u00e1n el de servicios p\u00fablicos y recursos naturales, automotriz, manufactura, construcci\u00f3n y bienes ra\u00edces.<\/p>\n\n\n\n<p class=\"wp-block-paragraph\">Empleo en manufacturas liga 40 ca\u00eddas anuales<\/p>\n\n\n\n<p class=\"wp-block-paragraph\">Los datos publicados por el IMSS contrastan con la informaci\u00f3n revelada la semana pasada por la Encuesta Nacional de Ocupaci\u00f3n y Empleo (ENOE), del Inegi, que indic\u00f3 que entre enero y julio el mercado laboral del pa\u00eds acumula una generaci\u00f3n de 377 mil 764 puestos de trabajo, impulsados principalmente por el sector informal, que ha creado 1.1 millones de puestos.<\/p>\n\n\n\n<p class=\"wp-block-paragraph\">Al respecto, Manpower explic\u00f3 que mientras el IMSS hace un reporte de los trabajadores que se dan de alta o baja de forma mensual y que tienen una relaci\u00f3n obrero-patronal con seguridad social, el Inegi considera todas las modalidades en que una persona genera alguna actividad econ\u00f3mica, es decir, toma en cuenta otras formas de ocupaci\u00f3n, como el sector p\u00fablico o los trabajadores por cuenta propia.<\/p>\n\n\n\n<p class=\"wp-block-paragraph\"><em>Con informaci\u00f3n de OEM<\/em>.<\/p>\n","protected":false},"excerpt":{"rendered":"<p>En lo que va del a\u00f1o se han creado en el pa\u00eds poco m\u00e1s de 243 mil empleos formales, seg\u00fan registros del IMSS; sin embargo, la generaci\u00f3n de plazas no ha sido uniforme y 10 entidades registran una disminuci\u00f3n frente al cierre de 2025. Guerrero, Michoac\u00e1n, Morelos, Nayarit, Quintana Roo, Sinaloa, Tamaulipas, Tlaxcala, Yucat\u00e1n y [&hellip;]<\/p>\n","protected":false},"author":6,"featured_media":92988,"comment_status":"closed","ping_status":"closed","sticky":false,"template":"","format":"standard","meta":{"_acf_changed":false,"_monsterinsights_skip_tracking":false,"slim_seo":{"title":"Cae el empleo formal en 10 estados; Sinaloa concentra la mayor p\u00e9rdida - Opini\u00f3n P\u00fablica","description":"En lo que va del a\u00f1o se han creado en el pa\u00eds poco m\u00e1s de 243 mil empleos formales, seg\u00fan registros del IMSS; sin embargo, la generaci\u00f3n de plazas no ha sido un"},"footnotes":""},"categories":[3],"tags":[1145,1198],"class_list":["post-92985","post","type-post","status-publish","format-standard","has-post-thumbnail","hentry","category-principal","tag-empleo","tag-sinaloa"],"acf":[],"_links":{"self":[{"href":"https:\/\/www.opinionpublica.tv\/portada\/wp-json\/wp\/v2\/posts\/92985","targetHints":{"allow":["GET"]}}],"collection":[{"href":"https:\/\/www.opinionpublica.tv\/portada\/wp-json\/wp\/v2\/posts"}],"about":[{"href":"https:\/\/www.opinionpublica.tv\/portada\/wp-json\/wp\/v2\/types\/post"}],"author":[{"embeddable":true,"href":"https:\/\/www.opinionpublica.tv\/portada\/wp-json\/wp\/v2\/users\/6"}],"replies":[{"embeddable":true,"href":"https:\/\/www.opinionpublica.tv\/portada\/wp-json\/wp\/v2\/comments?post=92985"}],"version-history":[{"count":2,"href":"https:\/\/www.opinionpublica.tv\/portada\/wp-json\/wp\/v2\/posts\/92985\/revisions"}],"predecessor-version":[{"id":92989,"href":"https:\/\/www.opinionpublica.tv\/portada\/wp-json\/wp\/v2\/posts\/92985\/revisions\/92989"}],"wp:featuredmedia":[{"embeddable":true,"href":"https:\/\/www.opinionpublica.tv\/portada\/wp-json\/wp\/v2\/media\/92988"}],"wp:attachment":[{"href":"https:\/\/www.opinionpublica.tv\/portada\/wp-json\/wp\/v2\/media?parent=92985"}],"wp:term":[{"taxonomy":"category","embeddable":true,"href":"https:\/\/www.opinionpublica.tv\/portada\/wp-json\/wp\/v2\/categories?post=92985"},{"taxonomy":"post_tag","embeddable":true,"href":"https:\/\/www.opinionpublica.tv\/portada\/wp-json\/wp\/v2\/tags?post=92985"}],"curies":[{"name":"wp","href":"https:\/\/api.w.org\/{rel}","templated":true}]}}