{"id":92956,"date":"2026-08-31T00:01:00","date_gmt":"2026-08-31T06:01:00","guid":{"rendered":"https:\/\/www.opinionpublica.tv\/portada\/?p=92956"},"modified":"2026-08-30T17:02:36","modified_gmt":"2026-08-30T23:02:36","slug":"llama-regulacion-comercial-a-tramitar-permiso-para-venta-de-articulos-por-fiestas-patrias","status":"publish","type":"post","link":"https:\/\/www.opinionpublica.tv\/portada\/llama-regulacion-comercial-a-tramitar-permiso-para-venta-de-articulos-por-fiestas-patrias\/","title":{"rendered":"Pide Regulaci\u00f3n Comercial tramitar permiso para vender art\u00edculos de fiestas patrias"},"content":{"rendered":"\n<figure class=\"wp-block-image size-large\"><img fetchpriority=\"high\" decoding=\"async\" width=\"1024\" height=\"1024\" src=\"https:\/\/www.opinionpublica.tv\/portada\/wp-content\/uploads\/2026\/08\/Pide-Regulacion-Comercial-tramitar-permiso-para-vender-articulos-de-fiestas-patrias-1024x1024.jpeg\" alt=\"Pide Regulacio\u0301n Comercial tramitar permiso para vender arti\u0301culos de fiestas patrias\" class=\"wp-image-92960\" srcset=\"https:\/\/www.opinionpublica.tv\/portada\/wp-content\/uploads\/2026\/08\/Pide-Regulacion-Comercial-tramitar-permiso-para-vender-articulos-de-fiestas-patrias-1024x1024.jpeg 1024w, https:\/\/www.opinionpublica.tv\/portada\/wp-content\/uploads\/2026\/08\/Pide-Regulacion-Comercial-tramitar-permiso-para-vender-articulos-de-fiestas-patrias-150x150.jpeg 150w, https:\/\/www.opinionpublica.tv\/portada\/wp-content\/uploads\/2026\/08\/Pide-Regulacion-Comercial-tramitar-permiso-para-vender-articulos-de-fiestas-patrias-768x768.jpeg 768w, https:\/\/www.opinionpublica.tv\/portada\/wp-content\/uploads\/2026\/08\/Pide-Regulacion-Comercial-tramitar-permiso-para-vender-articulos-de-fiestas-patrias-300x300.jpeg 300w, https:\/\/www.opinionpublica.tv\/portada\/wp-content\/uploads\/2026\/08\/Pide-Regulacion-Comercial-tramitar-permiso-para-vender-articulos-de-fiestas-patrias.jpeg 1254w\" sizes=\"(max-width: 1024px) 100vw, 1024px\" \/><\/figure>\n\n\n\n<p class=\"wp-block-paragraph\"><em>Ciudad Ju\u00e1rez, Chih<\/em>.- Con motivo del 216 aniversario del inicio de la Independencia de M\u00e9xico, el Gobierno Municipal a trav\u00e9s de la Direcci\u00f3n de Regulaci\u00f3n Comercial invita a las y los comerciantes a tramitar su permiso para la venta de art\u00edculos de temporada en la v\u00eda p\u00fablica.<\/p>\n\n\n\n<p class=\"wp-block-paragraph\">\u201cEs necesario acercarse a esta dependencia con el objetivo de obtener su permiso para poder ejercer el comercio de manera regulada en los espacios p\u00fablicos\u201d, coment\u00f3 el director de la dependencia, Oscar Guevara Ram\u00edrez.<\/p>\n\n\n\n<p class=\"wp-block-paragraph\">Explic\u00f3 que el 1 de septiembre dar\u00e1 inicio de manera oficial y culminar\u00e1 16 de septiembre.<\/p>\n\n\n\n<p class=\"wp-block-paragraph\">Adem\u00e1s, refiri\u00f3 que los costos ser\u00e1n de 1,994.27 pesos para cubrir este periodo y de 1,055.79 pesos para \u00fanicamente laborar el d\u00eda festivo.<\/p>\n\n\n\n<p class=\"wp-block-paragraph\">Inform\u00f3 que los requisitos para obtener el permiso son muy sencillos, identificaci\u00f3n oficial con fotograf\u00eda, la Clave \u00danica del Registro de Poblaci\u00f3n (CURP) y su permiso anterior, en caso de ser comerciante recurrente.<\/p>\n\n\n\n<p class=\"wp-block-paragraph\">\u201cEs muy importante presentar la ubicaci\u00f3n en la cual pretenden instalarse tomando en cuenta que debe ser fuera de centros comerciales, hospitales, escuelas y muy importante, no obstaculizar el flujo peatonal o vehicular para evitar cualquier tipo de accidente\u201d, coment\u00f3.<\/p>\n\n\n\n<p class=\"wp-block-paragraph\">Para mayores detalles, se\u00f1al\u00f3 que se pueden acercar a las instalaciones de la dependencia situada en la calle Mauricio Corredor n\u00famero 467 de la Zona Centro, o bien, al n\u00famero de tel\u00e9fono 656-737-0460.<\/p>\n\n\n\n<p class=\"wp-block-paragraph\">Dio a conocer que a partir de la fecha de inicio de temporada, personal adscrito a la dependencia, debidamente identificado, estar\u00e1 haciendo revisiones aleatorias y solicitando la documentaci\u00f3n correspondiente, por lo que es importante mantener su permiso a la vista en todo momento.<\/p>\n","protected":false},"excerpt":{"rendered":"<p>Ciudad Ju\u00e1rez, Chih.- Con motivo del 216 aniversario del inicio de la Independencia de M\u00e9xico, el Gobierno Municipal a trav\u00e9s de la Direcci\u00f3n de Regulaci\u00f3n Comercial invita a las y los comerciantes a tramitar su permiso para la venta de art\u00edculos de temporada en la v\u00eda p\u00fablica. \u201cEs necesario acercarse a esta dependencia con el [&hellip;]<\/p>\n","protected":false},"author":6,"featured_media":92960,"comment_status":"closed","ping_status":"closed","sticky":false,"template":"","format":"standard","meta":{"_acf_changed":false,"_monsterinsights_skip_tracking":false,"slim_seo":{"title":"Pide Regulaci\u00f3n Comercial tramitar permiso para vender art\u00edculos de fiestas patrias - Opini\u00f3n P\u00fablica","description":"Ciudad Ju\u00e1rez, Chih .- Con motivo del 216 aniversario del inicio de la Independencia de M\u00e9xico, el Gobierno Municipal a trav\u00e9s de la Direcci\u00f3n de Regulaci\u00f3n Com"},"footnotes":""},"categories":[41],"tags":[608,795],"class_list":["post-92956","post","type-post","status-publish","format-standard","has-post-thumbnail","hentry","category-juarez","tag-ciudad-juarez","tag-fiestas-patrias"],"acf":[],"_links":{"self":[{"href":"https:\/\/www.opinionpublica.tv\/portada\/wp-json\/wp\/v2\/posts\/92956","targetHints":{"allow":["GET"]}}],"collection":[{"href":"https:\/\/www.opinionpublica.tv\/portada\/wp-json\/wp\/v2\/posts"}],"about":[{"href":"https:\/\/www.opinionpublica.tv\/portada\/wp-json\/wp\/v2\/types\/post"}],"author":[{"embeddable":true,"href":"https:\/\/www.opinionpublica.tv\/portada\/wp-json\/wp\/v2\/users\/6"}],"replies":[{"embeddable":true,"href":"https:\/\/www.opinionpublica.tv\/portada\/wp-json\/wp\/v2\/comments?post=92956"}],"version-history":[{"count":4,"href":"https:\/\/www.opinionpublica.tv\/portada\/wp-json\/wp\/v2\/posts\/92956\/revisions"}],"predecessor-version":[{"id":92961,"href":"https:\/\/www.opinionpublica.tv\/portada\/wp-json\/wp\/v2\/posts\/92956\/revisions\/92961"}],"wp:featuredmedia":[{"embeddable":true,"href":"https:\/\/www.opinionpublica.tv\/portada\/wp-json\/wp\/v2\/media\/92960"}],"wp:attachment":[{"href":"https:\/\/www.opinionpublica.tv\/portada\/wp-json\/wp\/v2\/media?parent=92956"}],"wp:term":[{"taxonomy":"category","embeddable":true,"href":"https:\/\/www.opinionpublica.tv\/portada\/wp-json\/wp\/v2\/categories?post=92956"},{"taxonomy":"post_tag","embeddable":true,"href":"https:\/\/www.opinionpublica.tv\/portada\/wp-json\/wp\/v2\/tags?post=92956"}],"curies":[{"name":"wp","href":"https:\/\/api.w.org\/{rel}","templated":true}]}}