{"id":92949,"date":"2026-08-31T00:01:00","date_gmt":"2026-08-31T06:01:00","guid":{"rendered":"https:\/\/www.opinionpublica.tv\/portada\/?p=92949"},"modified":"2026-08-30T16:56:49","modified_gmt":"2026-08-30T22:56:49","slug":"concluye-este-lunes-el-descuento-del-100-en-recargos-del-impuesto-predial-en-juarez","status":"publish","type":"post","link":"https:\/\/www.opinionpublica.tv\/portada\/concluye-este-lunes-el-descuento-del-100-en-recargos-del-impuesto-predial-en-juarez\/","title":{"rendered":"Este lunes \u00faltimo d\u00eda con el descuento del 100% en recargos del Impuesto Predial"},"content":{"rendered":"\n<figure class=\"wp-block-image size-large\"><img fetchpriority=\"high\" decoding=\"async\" width=\"1024\" height=\"683\" src=\"https:\/\/www.opinionpublica.tv\/portada\/wp-content\/uploads\/2026\/08\/Este-lunes-ultimo-dia-con-el-descuento-del-100-en-recargos-del-Impuesto-Predial-1024x683.jpeg\" alt=\"Este lunes u\u0301ltimo di\u0301a con el descuento del 100% en recargos del Impuesto Predial\" class=\"wp-image-92954\" srcset=\"https:\/\/www.opinionpublica.tv\/portada\/wp-content\/uploads\/2026\/08\/Este-lunes-ultimo-dia-con-el-descuento-del-100-en-recargos-del-Impuesto-Predial-1024x683.jpeg 1024w, https:\/\/www.opinionpublica.tv\/portada\/wp-content\/uploads\/2026\/08\/Este-lunes-ultimo-dia-con-el-descuento-del-100-en-recargos-del-Impuesto-Predial-300x200.jpeg 300w, https:\/\/www.opinionpublica.tv\/portada\/wp-content\/uploads\/2026\/08\/Este-lunes-ultimo-dia-con-el-descuento-del-100-en-recargos-del-Impuesto-Predial-768x512.jpeg 768w, https:\/\/www.opinionpublica.tv\/portada\/wp-content\/uploads\/2026\/08\/Este-lunes-ultimo-dia-con-el-descuento-del-100-en-recargos-del-Impuesto-Predial-2048x1366.jpeg 2048w, https:\/\/www.opinionpublica.tv\/portada\/wp-content\/uploads\/2026\/08\/Este-lunes-ultimo-dia-con-el-descuento-del-100-en-recargos-del-Impuesto-Predial-1536x1024.jpeg 1536w\" sizes=\"(max-width: 1024px) 100vw, 1024px\" \/><\/figure>\n\n\n\n<p class=\"wp-block-paragraph\"><em>Ciudad Ju\u00e1rez, Chih<\/em>.- Este lunes 31 de agosto es el \u00faltimo d\u00eda para que la poblaci\u00f3n aproveche el descuento del 100 por ciento en los recargos por rezago del Impuesto Predial, beneficio que el Gobierno Municipal mantuvo vigente durante todo el mes para facilitar la regularizaci\u00f3n de adeudos.<\/p>\n\n\n\n<p class=\"wp-block-paragraph\">Blanca Dolores Romero Aguilar, directora de Ingresos, exhort\u00f3 a quienes mantienen cuentas pendientes a aprovechar el cierre de este beneficio para regularizar sus cuentas y evitar que contin\u00faen gener\u00e1ndose recargos.<\/p>\n\n\n\n<p class=\"wp-block-paragraph\">Explic\u00f3 que el descuento se aplica a las cuentas con rezago que no se encuentren en proceso jur\u00eddico ni cuenten con alg\u00fan amparo, por lo que las personas que se encuentren en esta situaci\u00f3n todav\u00eda tienen oportunidad de ponerse al corriente.<\/p>\n\n\n\n<p class=\"wp-block-paragraph\">La funcionaria record\u00f3 que existen distintas alternativas para efectuar el pago, ya sea de manera presencial en las cajas de cobro ubicadas en los edificios municipales o por medios electr\u00f3nicos, lo que permite realizar el tr\u00e1mite sin necesidad de acudir a las oficinas de la Tesorer\u00eda Municipal.<\/p>\n\n\n\n<p class=\"wp-block-paragraph\">Tambi\u00e9n se puede efectuar el pago en instituciones bancarias con la referencia correspondiente, en las tiendas de autoservicio Del R\u00edo y mediante la aplicaci\u00f3n Ju\u00e1rez Conectado.<\/p>\n\n\n\n<p class=\"wp-block-paragraph\">Romero Aguilar se\u00f1al\u00f3 que durante agosto tambi\u00e9n permanece vigente el 50 por ciento de descuento en los recargos de infracciones de vialidad, beneficio que igualmente concluye al terminar el mes.<\/p>\n\n\n\n<p class=\"wp-block-paragraph\">Para quienes requieran otras alternativas para regularizar su situaci\u00f3n, el pr\u00f3ximo viernes 4 de septiembre la Unidad M\u00f3vil de Tesorer\u00eda Municipal estar\u00e1 presente en la Cruzada M\u00f3vil que se llevar\u00e1 a cabo en el fraccionamiento Alameda.<\/p>\n\n\n\n<p class=\"wp-block-paragraph\">La atenci\u00f3n se brindar\u00e1 de 13:00 a 17:00 horas en el cruce de la avenida Vicente Guerrero y la calle Alameda, donde se podr\u00e1n efectuar pagos del Impuesto Predial, solicitar esquemas de pago diferido y acceder a beneficios en infracciones viales.<\/p>\n\n\n\n<p class=\"wp-block-paragraph\">El Gobierno Municipal reiter\u00f3 la invitaci\u00f3n a los contribuyentes para aprovechar ma\u00f1ana el \u00faltimo d\u00eda de los descuentos correspondientes a agosto y ponerse al corriente en sus obligaciones.<\/p>\n","protected":false},"excerpt":{"rendered":"<p>Ciudad Ju\u00e1rez, Chih.- Este lunes 31 de agosto es el \u00faltimo d\u00eda para que la poblaci\u00f3n aproveche el descuento del 100 por ciento en los recargos por rezago del Impuesto Predial, beneficio que el Gobierno Municipal mantuvo vigente durante todo el mes para facilitar la regularizaci\u00f3n de adeudos. Blanca Dolores Romero Aguilar, directora de Ingresos, [&hellip;]<\/p>\n","protected":false},"author":6,"featured_media":92954,"comment_status":"closed","ping_status":"closed","sticky":false,"template":"","format":"standard","meta":{"_acf_changed":false,"_monsterinsights_skip_tracking":false,"slim_seo":{"title":"Este lunes \u00faltimo d\u00eda con el descuento del 100% en recargos del Impuesto Predial - Opini\u00f3n P\u00fablica","description":"Ciudad Ju\u00e1rez, Chih .- Este lunes 31 de agosto es el \u00faltimo d\u00eda para que la poblaci\u00f3n aproveche el descuento del 100 por ciento en los recargos por rezago del I"},"footnotes":""},"categories":[41],"tags":[608,1354,899],"class_list":["post-92949","post","type-post","status-publish","format-standard","has-post-thumbnail","hentry","category-juarez","tag-ciudad-juarez","tag-descuentos","tag-predial"],"acf":[],"_links":{"self":[{"href":"https:\/\/www.opinionpublica.tv\/portada\/wp-json\/wp\/v2\/posts\/92949","targetHints":{"allow":["GET"]}}],"collection":[{"href":"https:\/\/www.opinionpublica.tv\/portada\/wp-json\/wp\/v2\/posts"}],"about":[{"href":"https:\/\/www.opinionpublica.tv\/portada\/wp-json\/wp\/v2\/types\/post"}],"author":[{"embeddable":true,"href":"https:\/\/www.opinionpublica.tv\/portada\/wp-json\/wp\/v2\/users\/6"}],"replies":[{"embeddable":true,"href":"https:\/\/www.opinionpublica.tv\/portada\/wp-json\/wp\/v2\/comments?post=92949"}],"version-history":[{"count":3,"href":"https:\/\/www.opinionpublica.tv\/portada\/wp-json\/wp\/v2\/posts\/92949\/revisions"}],"predecessor-version":[{"id":92955,"href":"https:\/\/www.opinionpublica.tv\/portada\/wp-json\/wp\/v2\/posts\/92949\/revisions\/92955"}],"wp:featuredmedia":[{"embeddable":true,"href":"https:\/\/www.opinionpublica.tv\/portada\/wp-json\/wp\/v2\/media\/92954"}],"wp:attachment":[{"href":"https:\/\/www.opinionpublica.tv\/portada\/wp-json\/wp\/v2\/media?parent=92949"}],"wp:term":[{"taxonomy":"category","embeddable":true,"href":"https:\/\/www.opinionpublica.tv\/portada\/wp-json\/wp\/v2\/categories?post=92949"},{"taxonomy":"post_tag","embeddable":true,"href":"https:\/\/www.opinionpublica.tv\/portada\/wp-json\/wp\/v2\/tags?post=92949"}],"curies":[{"name":"wp","href":"https:\/\/api.w.org\/{rel}","templated":true}]}}