{"id":92925,"date":"2026-08-31T00:01:00","date_gmt":"2026-08-31T06:01:00","guid":{"rendered":"https:\/\/www.opinionpublica.tv\/portada\/?p=92925"},"modified":"2026-08-30T15:06:52","modified_gmt":"2026-08-30T21:06:52","slug":"huachicol-fiscal-y-nexos-con-el-crimen-dan-a-andy-lopez-84-de-cobertura-negativa","status":"publish","type":"post","link":"https:\/\/www.opinionpublica.tv\/portada\/huachicol-fiscal-y-nexos-con-el-crimen-dan-a-andy-lopez-84-de-cobertura-negativa\/","title":{"rendered":"Huachicol fiscal y nexos con el crimen dan a Andy L\u00f3pez 84% de cobertura negativa"},"content":{"rendered":"\n<figure class=\"wp-block-image size-large\"><img fetchpriority=\"high\" decoding=\"async\" width=\"1024\" height=\"631\" src=\"https:\/\/www.opinionpublica.tv\/portada\/wp-content\/uploads\/2026\/08\/Huachicol-fiscal-y-nexos-con-el-crimen-dan-a-Andy-Lopez-84-de-cobertura-negativa-1024x631.avif\" alt=\"Huachicol fiscal y nexos con el crimen dan a Andy Lo\u0301pez 84% de cobertura negativa\" class=\"wp-image-92928\" srcset=\"https:\/\/www.opinionpublica.tv\/portada\/wp-content\/uploads\/2026\/08\/Huachicol-fiscal-y-nexos-con-el-crimen-dan-a-Andy-Lopez-84-de-cobertura-negativa-1024x631.avif 1024w, https:\/\/www.opinionpublica.tv\/portada\/wp-content\/uploads\/2026\/08\/Huachicol-fiscal-y-nexos-con-el-crimen-dan-a-Andy-Lopez-84-de-cobertura-negativa-300x185.avif 300w, https:\/\/www.opinionpublica.tv\/portada\/wp-content\/uploads\/2026\/08\/Huachicol-fiscal-y-nexos-con-el-crimen-dan-a-Andy-Lopez-84-de-cobertura-negativa-768x473.avif 768w, https:\/\/www.opinionpublica.tv\/portada\/wp-content\/uploads\/2026\/08\/Huachicol-fiscal-y-nexos-con-el-crimen-dan-a-Andy-Lopez-84-de-cobertura-negativa.avif 1081w\" sizes=\"(max-width: 1024px) 100vw, 1024px\" \/><\/figure>\n\n\n\n<p class=\"wp-block-paragraph\">La cobertura medi\u00e1tica de Andr\u00e9s Manuel L\u00f3pez Beltr\u00e1n en agosto ascendi\u00f3 a 494 millones de pesos. Para dimensionar la cifra: medida con la vara del estudio ARMA Secretarios, lo habr\u00eda colocado como el secretario con mayor cobertura medi\u00e1tica del mes, por encima de cualquier integrante del gabinete.<\/p>\n\n\n\n<p class=\"wp-block-paragraph\">Pero el volumen no es la historia. Agosto fue para L\u00f3pez Beltr\u00e1n un mes de una sola direcci\u00f3n: 84% de su cobertura fue negativa, 5%, neutra y 11%, positiva, casi toda escrita por su propio partido.<\/p>\n\n\n\n<p class=\"wp-block-paragraph\">La acusaci\u00f3n: 44%<\/p>\n\n\n\n<p class=\"wp-block-paragraph\">Casi la mitad del mes lo ocup\u00f3 el huachicol fiscal y los presuntos v\u00ednculos con el crimen organizado. Es el tema m\u00e1s grande y el m\u00e1s hostil: 96% negativo.<\/p>\n\n\n\n<p class=\"wp-block-paragraph\">Un solo tema concentr\u00f3 30% de la conversaci\u00f3n del mes: la menci\u00f3n de su nombre por testigos protegidos dentro de la carpeta de investigaci\u00f3n.<\/p>\n\n\n\n<p class=\"wp-block-paragraph\">Aqu\u00ed es indispensable la precisi\u00f3n que el propio registro consigna. La Fiscal\u00eda General de la Rep\u00fablica (FGR) declar\u00f3 no contar con elementos ni testigos suficientes para abrir indagatoria en su contra. Ese tema pesa apenas 1%; 30 contra uno: ser mencionado no es ser acusado, pero la menci\u00f3n pes\u00f3 30 veces m\u00e1s que el desmentido.<\/p>\n\n\n\n<p class=\"wp-block-paragraph\">El frente electoral: 21%<\/p>\n\n\n\n<p class=\"wp-block-paragraph\">Aqu\u00ed hay algo que la cobertura registr\u00f3 con claridad: L\u00f3pez Beltr\u00e1n est\u00e1 haciendo pol\u00edtica en Tabasco. Busca una diputaci\u00f3n federal y, eventualmente, la gubernatura del estado.<\/p>\n\n\n\n<p class=\"wp-block-paragraph\">El punto es que esa actividad ocurre fuera de los tiempos que marca la ley electoral y por eso puede configurar actos anticipados de campa\u00f1a.<\/p>\n\n\n\n<p class=\"wp-block-paragraph\">Eso deton\u00f3 el frente. Movimiento Ciudadano lo denunci\u00f3 ante el INE por actos anticipados de campa\u00f1a, Juntos por Tabasco anunci\u00f3 denuncia formal y el PRI exigi\u00f3 sancionarlo con la misma energ\u00eda que se aplica a otros; 76% de ese bloque fue negativo.<\/p>\n\n\n\n<p class=\"wp-block-paragraph\">Es el \u00fanico frente con consecuencia institucional concreta: las menciones en carpetas no tienen, por ahora, efecto jur\u00eddico; una denuncia ante el INE s\u00ed. Y la pregunta de fondo ya se formul\u00f3 en voz alta: si podr\u00e1 ser candidato en 2027.<\/p>\n\n\n\n<p class=\"wp-block-paragraph\">La oposici\u00f3n: 16%<\/p>\n\n\n\n<p class=\"wp-block-paragraph\">100% negativa, sin una sola excepci\u00f3n. La oposici\u00f3n hizo de todo. Critic\u00f3: Lilly T\u00e9llez lo llam\u00f3 \u201ccriminal aspirante\u201d y ret\u00f3 a los legisladores de Morena a romper sus visas en solidaridad. Exigi\u00f3: el PAN pidi\u00f3 a la FGR y a la UIF investigar y congelar sus cuentas.<\/p>\n\n\n\n<p class=\"wp-block-paragraph\">Celebr\u00f3: Alejandro Moreno declar\u00f3 que su \u201cnarcoapellido no le da impunidad\u201d.<\/p>\n\n\n\n<p class=\"wp-block-paragraph\">Y, sin embargo, no fue la oposici\u00f3n lo que lo desgast\u00f3: 16 puntos contra 44 de la acusaci\u00f3n judicial. Un ataque partidista se responde con otro ataque partidista. Una declaraci\u00f3n ministerial no se responde: se litiga. Y mientras se litiga, se publica.<\/p>\n\n\n\n<p class=\"wp-block-paragraph\">La visa y Estados Unidos: 10%<\/p>\n\n\n\n<p class=\"wp-block-paragraph\">La cancelaci\u00f3n de su visa, el choque con la embajada, la advertencia del canciller sobre un \u201ctinte de injerencia\u201d y su carta a Donald Trump. Una d\u00e9cima parte del mes, \u00edntegramente negativa.<\/p>\n\n\n\n<p class=\"wp-block-paragraph\">Su valor no est\u00e1 en el tama\u00f1o, sino en el efecto: fue la percha que le permiti\u00f3 a la prensa volver sobre un expediente que ya se daba por administrado.<\/p>\n\n\n\n<p class=\"wp-block-paragraph\">Su defensa: 9%<\/p>\n\n\n\n<p class=\"wp-block-paragraph\">100% positivos: el \u00fanico bloque enteramente favorable del mes. Pero ninguna de esas piezas sostiene que sea inocente; todas sostienen que Estados Unidos se extralimit\u00f3.<\/p>\n\n\n\n<p class=\"wp-block-paragraph\">Montiel, \u00c1vila, gobernadores y legisladores construyeron una defensa de soberan\u00eda, no de persona: cambia el tema, no lo cierra. Mientras tanto, el Verde y el PT declararon que no meten las manos al fuego por \u00e9l.<\/p>\n\n\n\n<p class=\"wp-block-paragraph\">Lo que dijo la Presidenta<\/p>\n\n\n\n<p class=\"wp-block-paragraph\">Claudia Sheinbaum aparece en 7% de la cobertura, repartida en cuatro asuntos. El m\u00e1s grande fue el de los actos de campa\u00f1a: 69% de sus apariciones, y en ellas evit\u00f3 pronunciarse y remiti\u00f3 el caso al Instituto Nacional Electoral (INE).<\/p>\n\n\n\n<p class=\"wp-block-paragraph\">El 19% fue el huachicol, donde asegur\u00f3 que la investigaci\u00f3n \u201cno lo alcanza\u201d; 6%, la visa: \u201cuna visa no define a una persona\u201d. Y otro 6%, la carta a Donald Trump, que dio por agotada tras la reuni\u00f3n de gabinete. Un escudo presidencial que en siete de cada 10 apariciones prefiere no opinar no es un escudo. Es una distancia administrada.<\/p>\n\n\n\n<p class=\"wp-block-paragraph\">El saldo<\/p>\n\n\n\n<p class=\"wp-block-paragraph\">Mucha informaci\u00f3n se movi\u00f3 en agosto alrededor del pol\u00e9mico caso de Andr\u00e9s Manuel L\u00f3pez Beltr\u00e1n, el hijo del expresidente Andr\u00e9s Manuel L\u00f3pez Obrador. Y el saldo del octavo mes cabe en una asimetr\u00eda.<\/p>\n\n\n\n<p class=\"wp-block-paragraph\">El gobierno estadounidense mand\u00f3 una se\u00f1al: le cancel\u00f3 la visa y no explic\u00f3 por qu\u00e9.<\/p>\n\n\n\n<p class=\"wp-block-paragraph\">El gobierno mexicano s\u00f3lo contest\u00f3. Contest\u00f3 por soberan\u00eda, contest\u00f3 por procedimiento, contest\u00f3 remitiendo el asunto al instituto electoral. Pero no lo arrop\u00f3.<\/p>\n\n\n\n<p class=\"wp-block-paragraph\"><em>Con informaci\u00f3n de El Universal<\/em>.<\/p>\n","protected":false},"excerpt":{"rendered":"<p>La cobertura medi\u00e1tica de Andr\u00e9s Manuel L\u00f3pez Beltr\u00e1n en agosto ascendi\u00f3 a 494 millones de pesos. Para dimensionar la cifra: medida con la vara del estudio ARMA Secretarios, lo habr\u00eda colocado como el secretario con mayor cobertura medi\u00e1tica del mes, por encima de cualquier integrante del gabinete. Pero el volumen no es la historia. Agosto [&hellip;]<\/p>\n","protected":false},"author":6,"featured_media":92928,"comment_status":"closed","ping_status":"closed","sticky":false,"template":"","format":"standard","meta":{"_acf_changed":false,"_monsterinsights_skip_tracking":false,"slim_seo":{"title":"Huachicol fiscal y nexos con el crimen dan a Andy L\u00f3pez 84% de cobertura negativa - Opini\u00f3n P\u00fablica","description":"La cobertura medi\u00e1tica de Andr\u00e9s Manuel L\u00f3pez Beltr\u00e1n en agosto ascendi\u00f3 a 494 millones de pesos. Para dimensionar la cifra: medida con la vara del estudio ARMA"},"footnotes":""},"categories":[4],"tags":[1626,1166],"class_list":["post-92925","post","type-post","status-publish","format-standard","has-post-thumbnail","hentry","category-pulsopolitico","tag-andy-lopez-beltran","tag-huachicol-fiscal"],"acf":[],"_links":{"self":[{"href":"https:\/\/www.opinionpublica.tv\/portada\/wp-json\/wp\/v2\/posts\/92925","targetHints":{"allow":["GET"]}}],"collection":[{"href":"https:\/\/www.opinionpublica.tv\/portada\/wp-json\/wp\/v2\/posts"}],"about":[{"href":"https:\/\/www.opinionpublica.tv\/portada\/wp-json\/wp\/v2\/types\/post"}],"author":[{"embeddable":true,"href":"https:\/\/www.opinionpublica.tv\/portada\/wp-json\/wp\/v2\/users\/6"}],"replies":[{"embeddable":true,"href":"https:\/\/www.opinionpublica.tv\/portada\/wp-json\/wp\/v2\/comments?post=92925"}],"version-history":[{"count":2,"href":"https:\/\/www.opinionpublica.tv\/portada\/wp-json\/wp\/v2\/posts\/92925\/revisions"}],"predecessor-version":[{"id":92929,"href":"https:\/\/www.opinionpublica.tv\/portada\/wp-json\/wp\/v2\/posts\/92925\/revisions\/92929"}],"wp:featuredmedia":[{"embeddable":true,"href":"https:\/\/www.opinionpublica.tv\/portada\/wp-json\/wp\/v2\/media\/92928"}],"wp:attachment":[{"href":"https:\/\/www.opinionpublica.tv\/portada\/wp-json\/wp\/v2\/media?parent=92925"}],"wp:term":[{"taxonomy":"category","embeddable":true,"href":"https:\/\/www.opinionpublica.tv\/portada\/wp-json\/wp\/v2\/categories?post=92925"},{"taxonomy":"post_tag","embeddable":true,"href":"https:\/\/www.opinionpublica.tv\/portada\/wp-json\/wp\/v2\/tags?post=92925"}],"curies":[{"name":"wp","href":"https:\/\/api.w.org\/{rel}","templated":true}]}}