{"id":92913,"date":"2026-08-31T00:01:00","date_gmt":"2026-08-31T06:01:00","guid":{"rendered":"https:\/\/www.opinionpublica.tv\/portada\/?p=92913"},"modified":"2026-08-30T14:42:40","modified_gmt":"2026-08-30T20:42:40","slug":"descubren-falla-en-el-sistema-de-limpieza-del-cerebro-relacionada-con-la-fatiga-cronica","status":"publish","type":"post","link":"https:\/\/www.opinionpublica.tv\/portada\/descubren-falla-en-el-sistema-de-limpieza-del-cerebro-relacionada-con-la-fatiga-cronica\/","title":{"rendered":"Descubren falla en el sistema de limpieza del cerebro que genera la fatiga cr\u00f3nica"},"content":{"rendered":"\n<figure class=\"wp-block-image size-large\"><img fetchpriority=\"high\" decoding=\"async\" width=\"1024\" height=\"576\" src=\"https:\/\/www.opinionpublica.tv\/portada\/wp-content\/uploads\/2026\/08\/Descubren-falla-en-el-sistema-de-limpieza-del-cerebro-que-genera-la-fatiga-cronica-1024x576.webp\" alt=\"Descubren falla en el sistema de limpieza del cerebro que genera la fatiga cro\u0301nica\" class=\"wp-image-92916\" srcset=\"https:\/\/www.opinionpublica.tv\/portada\/wp-content\/uploads\/2026\/08\/Descubren-falla-en-el-sistema-de-limpieza-del-cerebro-que-genera-la-fatiga-cronica-1024x576.webp 1024w, https:\/\/www.opinionpublica.tv\/portada\/wp-content\/uploads\/2026\/08\/Descubren-falla-en-el-sistema-de-limpieza-del-cerebro-que-genera-la-fatiga-cronica-300x169.webp 300w, https:\/\/www.opinionpublica.tv\/portada\/wp-content\/uploads\/2026\/08\/Descubren-falla-en-el-sistema-de-limpieza-del-cerebro-que-genera-la-fatiga-cronica-768x432.webp 768w, https:\/\/www.opinionpublica.tv\/portada\/wp-content\/uploads\/2026\/08\/Descubren-falla-en-el-sistema-de-limpieza-del-cerebro-que-genera-la-fatiga-cronica.webp 1200w\" sizes=\"(max-width: 1024px) 100vw, 1024px\" \/><\/figure>\n\n\n\n<p class=\"wp-block-paragraph\">La sensaci\u00f3n de agotamiento constante, los problemas para concentrarse y las dificultades para dormir podr\u00edan tener una explicaci\u00f3n m\u00e1s profunda de lo que se pensaba. Un estudio publicado en la revista cient\u00edfica Frontiers in Neuroscience encontr\u00f3 indicios de que las personas con encefalomielitis mi\u00e1lgica o s\u00edndrome de fatiga cr\u00f3nica (ME\/CFS) presentan alteraciones en un sistema cerebral encargado de eliminar desechos durante el sue\u00f1o.<\/p>\n\n\n\n<p class=\"wp-block-paragraph\">Los investigadores analizaron a 58 participantes, de los cuales 31 padec\u00edan esta enfermedad y 27 eran personas sanas. Utilizando resonancia magn\u00e9tica, observaron que quienes sufr\u00edan s\u00edndrome de fatiga cr\u00f3nica mostraban una menor actividad del llamado sistema glinf\u00e1tico, una red que funciona como el \u201cservicio de limpieza\u201d del cerebro.<\/p>\n\n\n\n<p class=\"wp-block-paragraph\">\u00bfQu\u00e9 es el sistema glinf\u00e1tico?<\/p>\n\n\n\n<p class=\"wp-block-paragraph\">Aunque fue descubierto apenas en la \u00faltima d\u00e9cada, este sistema ha despertado gran inter\u00e9s entre los cient\u00edficos. Su funci\u00f3n consiste en permitir que el l\u00edquido cefalorraqu\u00eddeo circule por el cerebro y arrastre sustancias de desecho que se acumulan durante el d\u00eda. Adem\u00e1s, ayuda a distribuir nutrientes esenciales para el funcionamiento cerebral.<\/p>\n\n\n\n<p class=\"wp-block-paragraph\">Lo m\u00e1s llamativo es que este mecanismo trabaja principalmente mientras dormimos. Diversas investigaciones han demostrado que la actividad del sistema glinf\u00e1tico aumenta durante el sue\u00f1o y disminuye cuando estamos despiertos.<\/p>\n\n\n\n<p class=\"wp-block-paragraph\">Dormir mal podr\u00eda pasar factura<\/p>\n\n\n\n<p class=\"wp-block-paragraph\">Los autores se\u00f1alan que cuando el sue\u00f1o es insuficiente o de mala calidad, el sistema glinf\u00e1tico pierde eficiencia. Como consecuencia, pueden acumularse residuos metab\u00f3licos en el cerebro, lo que se ha relacionado con inflamaci\u00f3n y problemas cognitivos.<\/p>\n\n\n\n<p class=\"wp-block-paragraph\">En el estudio, las personas con s\u00edndrome de fatiga cr\u00f3nica presentaron una reducci\u00f3n significativa en la funci\u00f3n de este sistema en comparaci\u00f3n con los participantes sanos. Adem\u00e1s, los investigadores encontraron que cuanto mayores eran los problemas de sue\u00f1o, peor parec\u00eda funcionar el mecanismo de limpieza cerebral.<\/p>\n\n\n\n<p class=\"wp-block-paragraph\">La concentraci\u00f3n tambi\u00e9n se ve afectada<\/p>\n\n\n\n<p class=\"wp-block-paragraph\">Otro hallazgo relevante fue la relaci\u00f3n entre la disminuci\u00f3n de la funci\u00f3n glinf\u00e1tica y las dificultades para concentrarse. Los participantes que reportaban mayores problemas de atenci\u00f3n mostraban peores indicadores de limpieza cerebral.<\/p>\n\n\n\n<p class=\"wp-block-paragraph\">Los autores consideran que la acumulaci\u00f3n de productos de desecho y sustancias inflamatorias podr\u00eda contribuir a s\u00edntomas conocidos entre quienes padecen esta enfermedad, como la llamada \u201cniebla mental\u201d, que dificulta el pensamiento claro y la memoria.<\/p>\n\n\n\n<p class=\"wp-block-paragraph\">No se trata solo de sentirse cansado<\/p>\n\n\n\n<p class=\"wp-block-paragraph\">El s\u00edndrome de fatiga cr\u00f3nica es una enfermedad compleja que afecta a varios sistemas del cuerpo. Entre sus s\u00edntomas m\u00e1s comunes est\u00e1n el cansancio persistente, los trastornos del sue\u00f1o y los problemas cognitivos, los cuales pueden reducir significativamente la calidad de vida.<\/p>\n\n\n\n<p class=\"wp-block-paragraph\">De hecho, en este estudio casi todos los pacientes reportaron fatiga, cerca del 90% presentaron dificultades de concentraci\u00f3n y alrededor del 80% experimentaron alteraciones del sue\u00f1o.<\/p>\n\n\n\n<p class=\"wp-block-paragraph\">Los propios investigadores advierten que se trata de un estudio preliminar con una muestra relativamente peque\u00f1a. Por ello, todav\u00eda no puede afirmarse que la alteraci\u00f3n del sistema glinf\u00e1tico sea la causa directa de la enfermedad. Sin embargo, los resultados ofrecen una nueva pista para comprender por qu\u00e9 tantas personas con s\u00edndrome de fatiga cr\u00f3nica experimentan agotamiento, problemas para dormir y dificultades cognitivas.<\/p>\n\n\n\n<p class=\"wp-block-paragraph\">La conclusi\u00f3n de los autores es que esta disfunci\u00f3n podr\u00eda favorecer la acumulaci\u00f3n de residuos metab\u00f3licos en el cerebro y contribuir a la aparici\u00f3n o persistencia de s\u00edntomas neurol\u00f3gicos.<\/p>\n\n\n\n<p class=\"wp-block-paragraph\"><em>Con informaci\u00f3n de OEM<\/em>.<\/p>\n","protected":false},"excerpt":{"rendered":"<p>La sensaci\u00f3n de agotamiento constante, los problemas para concentrarse y las dificultades para dormir podr\u00edan tener una explicaci\u00f3n m\u00e1s profunda de lo que se pensaba. Un estudio publicado en la revista cient\u00edfica Frontiers in Neuroscience encontr\u00f3 indicios de que las personas con encefalomielitis mi\u00e1lgica o s\u00edndrome de fatiga cr\u00f3nica (ME\/CFS) presentan alteraciones en un sistema [&hellip;]<\/p>\n","protected":false},"author":6,"featured_media":92916,"comment_status":"closed","ping_status":"closed","sticky":false,"template":"","format":"standard","meta":{"_acf_changed":false,"_monsterinsights_skip_tracking":false,"slim_seo":{"title":"Descubren falla en el sistema de limpieza del cerebro que genera la fatiga cr\u00f3nica - Opini\u00f3n P\u00fablica","description":"La sensaci\u00f3n de agotamiento constante, los problemas para concentrarse y las dificultades para dormir podr\u00edan tener una explicaci\u00f3n m\u00e1s profunda de lo que se pe"},"footnotes":""},"categories":[11],"tags":[3446,514],"class_list":["post-92913","post","type-post","status-publish","format-standard","has-post-thumbnail","hentry","category-tendencias","tag-fatiga-cronica","tag-salud-mental"],"acf":[],"_links":{"self":[{"href":"https:\/\/www.opinionpublica.tv\/portada\/wp-json\/wp\/v2\/posts\/92913","targetHints":{"allow":["GET"]}}],"collection":[{"href":"https:\/\/www.opinionpublica.tv\/portada\/wp-json\/wp\/v2\/posts"}],"about":[{"href":"https:\/\/www.opinionpublica.tv\/portada\/wp-json\/wp\/v2\/types\/post"}],"author":[{"embeddable":true,"href":"https:\/\/www.opinionpublica.tv\/portada\/wp-json\/wp\/v2\/users\/6"}],"replies":[{"embeddable":true,"href":"https:\/\/www.opinionpublica.tv\/portada\/wp-json\/wp\/v2\/comments?post=92913"}],"version-history":[{"count":3,"href":"https:\/\/www.opinionpublica.tv\/portada\/wp-json\/wp\/v2\/posts\/92913\/revisions"}],"predecessor-version":[{"id":92917,"href":"https:\/\/www.opinionpublica.tv\/portada\/wp-json\/wp\/v2\/posts\/92913\/revisions\/92917"}],"wp:featuredmedia":[{"embeddable":true,"href":"https:\/\/www.opinionpublica.tv\/portada\/wp-json\/wp\/v2\/media\/92916"}],"wp:attachment":[{"href":"https:\/\/www.opinionpublica.tv\/portada\/wp-json\/wp\/v2\/media?parent=92913"}],"wp:term":[{"taxonomy":"category","embeddable":true,"href":"https:\/\/www.opinionpublica.tv\/portada\/wp-json\/wp\/v2\/categories?post=92913"},{"taxonomy":"post_tag","embeddable":true,"href":"https:\/\/www.opinionpublica.tv\/portada\/wp-json\/wp\/v2\/tags?post=92913"}],"curies":[{"name":"wp","href":"https:\/\/api.w.org\/{rel}","templated":true}]}}