{"id":92885,"date":"2026-08-30T00:01:00","date_gmt":"2026-08-30T06:01:00","guid":{"rendered":"https:\/\/www.opinionpublica.tv\/portada\/?p=92885"},"modified":"2026-08-29T19:56:53","modified_gmt":"2026-08-30T01:56:53","slug":"recibe-chihuahua-premio-novagob-mexico-2026-por-atencion-a-la-desnutricion-infantil","status":"publish","type":"post","link":"https:\/\/www.opinionpublica.tv\/portada\/recibe-chihuahua-premio-novagob-mexico-2026-por-atencion-a-la-desnutricion-infantil\/","title":{"rendered":"Recibe Chihuahua Premio NovaGob M\u00e9xico por atender la desnutrici\u00f3n infantil"},"content":{"rendered":"\n<figure class=\"wp-block-image size-large\"><img fetchpriority=\"high\" decoding=\"async\" width=\"988\" height=\"1024\" src=\"https:\/\/www.opinionpublica.tv\/portada\/wp-content\/uploads\/2026\/08\/Recibe-Chihuahua-Premio-NovaGob-Mexico-por-atender-la-desnutricion-infantil-988x1024.jpeg\" alt=\"Recibe Chihuahua Premio NovaGob Me\u0301xico por atender la desnutricio\u0301n infantil\" class=\"wp-image-92889\" srcset=\"https:\/\/www.opinionpublica.tv\/portada\/wp-content\/uploads\/2026\/08\/Recibe-Chihuahua-Premio-NovaGob-Mexico-por-atender-la-desnutricion-infantil-988x1024.jpeg 988w, https:\/\/www.opinionpublica.tv\/portada\/wp-content\/uploads\/2026\/08\/Recibe-Chihuahua-Premio-NovaGob-Mexico-por-atender-la-desnutricion-infantil-290x300.jpeg 290w, https:\/\/www.opinionpublica.tv\/portada\/wp-content\/uploads\/2026\/08\/Recibe-Chihuahua-Premio-NovaGob-Mexico-por-atender-la-desnutricion-infantil-767x795.jpeg 767w, https:\/\/www.opinionpublica.tv\/portada\/wp-content\/uploads\/2026\/08\/Recibe-Chihuahua-Premio-NovaGob-Mexico-por-atender-la-desnutricion-infantil-1482x1536.jpeg 1482w, https:\/\/www.opinionpublica.tv\/portada\/wp-content\/uploads\/2026\/08\/Recibe-Chihuahua-Premio-NovaGob-Mexico-por-atender-la-desnutricion-infantil.jpeg 1544w\" sizes=\"(max-width: 988px) 100vw, 988px\" \/><\/figure>\n\n\n\n<p class=\"wp-block-paragraph\"><em>Guadalajara, Jalisco<\/em>.- El Gobierno del Estado de Chihuahua recibi\u00f3 el Premio de Innovaci\u00f3n P\u00fablica NovaGob M\u00e9xico 2026 en la categor\u00eda Innovaci\u00f3n en Desarrollo Social, por el Programa Intersectorial para la Atenci\u00f3n a la Desnutrici\u00f3n Infantil.<\/p>\n\n\n\n<p class=\"wp-block-paragraph\">Dicho modelo articula capacidades institucionales y conocimiento especializado para fortalecer la detecci\u00f3n, intervenci\u00f3n, y seguimiento de ni\u00f1as y ni\u00f1os con problemas de desnutrici\u00f3n.<\/p>\n\n\n\n<p class=\"wp-block-paragraph\">La distinci\u00f3n fue recibida en la ciudad de Guadalajara por Sandra Caraveo Olivos, directora del Hospital Infantil de Especialidades de Chihuahua y por el secretario de Salud, Gilberto Baeza Mendoza, quien acompa\u00f1\u00f3 al equipo responsable de esta estrategia.<\/p>\n\n\n\n<p class=\"wp-block-paragraph\">El proyecto es producto del trabajo de Alejandra Garc\u00eda Garc\u00eda y de Diana Manzanera Ornelas, especialistas cuya experiencia y conocimiento permitieron dise\u00f1arlo y estructurar la intervenci\u00f3n que hoy es reconocida a nivel nacional.<\/p>\n\n\n\n<p class=\"wp-block-paragraph\">La premiaci\u00f3n se realiz\u00f3 en el marco del Segundo Congreso Nacional de Innovaci\u00f3n P\u00fablica NovaGob M\u00e9xico, bajo el lema \u201cInnovar para incidir: participaci\u00f3n y gobernanza\u201d.<\/p>\n\n\n\n<p class=\"wp-block-paragraph\">Durante las jornadas se desarrollan conferencias, paneles y talleres relacionados con innovaci\u00f3n social, participaci\u00f3n ciudadana, gobernanza, transformaci\u00f3n digital y nuevas herramientas al servicio de lo p\u00fablico.<\/p>\n\n\n\n<p class=\"wp-block-paragraph\">Los Premios de Innovaci\u00f3n P\u00fablica NovaGob M\u00e9xico reconocen iniciativas gubernamentales que generan soluciones de valor p\u00fablico y contribuyen a mejorar la vida de las personas. En esta edici\u00f3n se entregaron reconocimientos en otras cinco categor\u00edas.<\/p>\n","protected":false},"excerpt":{"rendered":"<p>Guadalajara, Jalisco.- El Gobierno del Estado de Chihuahua recibi\u00f3 el Premio de Innovaci\u00f3n P\u00fablica NovaGob M\u00e9xico 2026 en la categor\u00eda Innovaci\u00f3n en Desarrollo Social, por el Programa Intersectorial para la Atenci\u00f3n a la Desnutrici\u00f3n Infantil. Dicho modelo articula capacidades institucionales y conocimiento especializado para fortalecer la detecci\u00f3n, intervenci\u00f3n, y seguimiento de ni\u00f1as y ni\u00f1os con [&hellip;]<\/p>\n","protected":false},"author":6,"featured_media":92889,"comment_status":"closed","ping_status":"closed","sticky":false,"template":"","format":"standard","meta":{"_acf_changed":false,"_monsterinsights_skip_tracking":false,"slim_seo":{"title":"Recibe Chihuahua Premio NovaGob M\u00e9xico por atender la desnutrici\u00f3n infantil - Opini\u00f3n P\u00fablica","description":"Guadalajara, Jalisco .- El Gobierno del Estado de Chihuahua recibi\u00f3 el Premio de Innovaci\u00f3n P\u00fablica NovaGob M\u00e9xico 2026 en la categor\u00eda Innovaci\u00f3n en Desarrollo"},"footnotes":""},"categories":[11],"tags":[3406,4400],"class_list":["post-92885","post","type-post","status-publish","format-standard","has-post-thumbnail","hentry","category-tendencias","tag-desnutricion-infantil","tag-premio-novagob-mexico"],"acf":[],"_links":{"self":[{"href":"https:\/\/www.opinionpublica.tv\/portada\/wp-json\/wp\/v2\/posts\/92885","targetHints":{"allow":["GET"]}}],"collection":[{"href":"https:\/\/www.opinionpublica.tv\/portada\/wp-json\/wp\/v2\/posts"}],"about":[{"href":"https:\/\/www.opinionpublica.tv\/portada\/wp-json\/wp\/v2\/types\/post"}],"author":[{"embeddable":true,"href":"https:\/\/www.opinionpublica.tv\/portada\/wp-json\/wp\/v2\/users\/6"}],"replies":[{"embeddable":true,"href":"https:\/\/www.opinionpublica.tv\/portada\/wp-json\/wp\/v2\/comments?post=92885"}],"version-history":[{"count":3,"href":"https:\/\/www.opinionpublica.tv\/portada\/wp-json\/wp\/v2\/posts\/92885\/revisions"}],"predecessor-version":[{"id":92890,"href":"https:\/\/www.opinionpublica.tv\/portada\/wp-json\/wp\/v2\/posts\/92885\/revisions\/92890"}],"wp:featuredmedia":[{"embeddable":true,"href":"https:\/\/www.opinionpublica.tv\/portada\/wp-json\/wp\/v2\/media\/92889"}],"wp:attachment":[{"href":"https:\/\/www.opinionpublica.tv\/portada\/wp-json\/wp\/v2\/media?parent=92885"}],"wp:term":[{"taxonomy":"category","embeddable":true,"href":"https:\/\/www.opinionpublica.tv\/portada\/wp-json\/wp\/v2\/categories?post=92885"},{"taxonomy":"post_tag","embeddable":true,"href":"https:\/\/www.opinionpublica.tv\/portada\/wp-json\/wp\/v2\/tags?post=92885"}],"curies":[{"name":"wp","href":"https:\/\/api.w.org\/{rel}","templated":true}]}}