{"id":92830,"date":"2026-08-30T00:01:00","date_gmt":"2026-08-30T06:01:00","guid":{"rendered":"https:\/\/www.opinionpublica.tv\/portada\/?p=92830"},"modified":"2026-08-29T17:45:04","modified_gmt":"2026-08-29T23:45:04","slug":"me-quieren-quitar-del-camino-si-algo-me-pasa-no-abandonen-la-lucha-grecia-quiroz","status":"publish","type":"post","link":"https:\/\/www.opinionpublica.tv\/portada\/me-quieren-quitar-del-camino-si-algo-me-pasa-no-abandonen-la-lucha-grecia-quiroz\/","title":{"rendered":"&#8216;Me quieren quitar del camino, si algo me pasa, no dejen la lucha&#8217;, asegura Grecia Quiroz"},"content":{"rendered":"\n<figure class=\"wp-block-image size-large\"><img fetchpriority=\"high\" decoding=\"async\" width=\"1024\" height=\"631\" src=\"https:\/\/www.opinionpublica.tv\/portada\/wp-content\/uploads\/2026\/08\/Me-quieren-quitar-del-camino-si-algo-me-pasa-no-dejen-la-lucha-asegura-Grecia-Quiroz-1024x631.avif\" alt=\"'Me quieren quitar del camino, si algo me pasa, no dejen la lucha', asegura Grecia Quiroz\" class=\"wp-image-92836\" srcset=\"https:\/\/www.opinionpublica.tv\/portada\/wp-content\/uploads\/2026\/08\/Me-quieren-quitar-del-camino-si-algo-me-pasa-no-dejen-la-lucha-asegura-Grecia-Quiroz-1024x631.avif 1024w, https:\/\/www.opinionpublica.tv\/portada\/wp-content\/uploads\/2026\/08\/Me-quieren-quitar-del-camino-si-algo-me-pasa-no-dejen-la-lucha-asegura-Grecia-Quiroz-300x185.avif 300w, https:\/\/www.opinionpublica.tv\/portada\/wp-content\/uploads\/2026\/08\/Me-quieren-quitar-del-camino-si-algo-me-pasa-no-dejen-la-lucha-asegura-Grecia-Quiroz-768x473.avif 768w, https:\/\/www.opinionpublica.tv\/portada\/wp-content\/uploads\/2026\/08\/Me-quieren-quitar-del-camino-si-algo-me-pasa-no-dejen-la-lucha-asegura-Grecia-Quiroz.avif 1081w\" sizes=\"(max-width: 1024px) 100vw, 1024px\" \/><\/figure>\n\n\n\n<p class=\"wp-block-paragraph\"><em>Uruapan, Michoac\u00e1n<\/em>.- Despu\u00e9s de que la Fiscal\u00eda de Michoac\u00e1n diera a conocer que Grecia Quiroz, alcaldesa de Uruapan, tendr\u00e1 que entregar los equipos celulares de Carlos Manzo para continuar con las investigaciones, la presidenta municipal escribi\u00f3 un mensaje en sus redes sociales en donde dice que \u201cno les sorprenda que ma\u00f1ana intenten fabricar cualquier acusaci\u00f3n para tratar de llevarme a la c\u00e1rcel\u00bb.<\/p>\n\n\n\n<p class=\"wp-block-paragraph\">\u201cY tampoco les sorprenda que quienes hoy se\u00f1alan, atacan o denuncian, ma\u00f1ana aparezcan premiados con una candidatura, un cargo o alg\u00fan favor pol\u00edtico\u201d, mencion\u00f3.<\/p>\n\n\n\n<p class=\"wp-block-paragraph\">Adem\u00e1s, escribi\u00f3 que, como los n\u00fameros no les salen y las encuestas empiezan a reflejar lo que muchos no quieren aceptar, han comenzado a utilizar todo lo que tienen a su alcance como auditor\u00edas, denuncias, recortes presupuestales, reformas de ley, campa\u00f1as de desprestigio y ataques sistem\u00e1ticos.<\/p>\n\n\n\n<p class=\"wp-block-paragraph\">\u201cPensaron que asesinando a Carlos Manzo terminar\u00edan con su lucha. Se equivocaron\u201d, escribi\u00f3.<\/p>\n\n\n\n<p class=\"wp-block-paragraph\">En su mensaje, record\u00f3 que Carlos encendi\u00f3 una esperanza para los ciudadanos de Uruapan y que mientras ella tenga voz, fuerza y vida, jam\u00e1s permitir\u00e1 que la lucha y su causa sean enterradas.<\/p>\n\n\n\n<p class=\"wp-block-paragraph\">\u201cPorque todav\u00eda no entienden algo: esta lucha nunca ha sido de una sola persona. Y si alg\u00fan d\u00eda me pasa algo, si pretenden silenciarme o quitarme del camino, esta bandera no se va a caer. La va a levantar el pueblo\u201d.<\/p>\n\n\n\n<p class=\"wp-block-paragraph\">Mencion\u00f3 que, aunque por a\u00f1os quisieron acostumbrar al pueblo al miedo, al silencio y a la injusticia, esto se acab\u00f3 porque ese pueblo ya despert\u00f3. \u201cY un pueblo que despierta, que pierde el miedo y que decide sanar sus heridas, ya no vuelve a agachar la cabeza\u201d.<\/p>\n\n\n\n<p class=\"wp-block-paragraph\">Al finalizar el mensaje pidi\u00f3 que, si le llegara a pasar algo, que su pueblo, su gente, no abandonara la lucha y que \u201cno se rajaran\u201d.<\/p>\n\n\n\n<p class=\"wp-block-paragraph\"><em>Con informaci\u00f3n de El Universal<\/em>.<\/p>\n","protected":false},"excerpt":{"rendered":"<p>Uruapan, Michoac\u00e1n.- Despu\u00e9s de que la Fiscal\u00eda de Michoac\u00e1n diera a conocer que Grecia Quiroz, alcaldesa de Uruapan, tendr\u00e1 que entregar los equipos celulares de Carlos Manzo para continuar con las investigaciones, la presidenta municipal escribi\u00f3 un mensaje en sus redes sociales en donde dice que \u201cno les sorprenda que ma\u00f1ana intenten fabricar cualquier acusaci\u00f3n [&hellip;]<\/p>\n","protected":false},"author":6,"featured_media":92836,"comment_status":"closed","ping_status":"closed","sticky":false,"template":"","format":"standard","meta":{"_acf_changed":false,"_monsterinsights_skip_tracking":false,"slim_seo":{"title":"'Me quieren quitar del camino, si algo me pasa, no dejen la lucha', asegura Grecia Quiroz - Opini\u00f3n P\u00fablica","description":"Uruapan, Michoac\u00e1n .- Despu\u00e9s de que la Fiscal\u00eda de Michoac\u00e1n diera a conocer que Grecia Quiroz, alcaldesa de Uruapan, tendr\u00e1 que entregar los equipos celulares"},"footnotes":""},"categories":[4],"tags":[1063,1308,4388],"class_list":["post-92830","post","type-post","status-publish","format-standard","has-post-thumbnail","hentry","category-pulsopolitico","tag-elecciones-2027","tag-grecia-quiroz","tag-michoacan"],"acf":[],"_links":{"self":[{"href":"https:\/\/www.opinionpublica.tv\/portada\/wp-json\/wp\/v2\/posts\/92830","targetHints":{"allow":["GET"]}}],"collection":[{"href":"https:\/\/www.opinionpublica.tv\/portada\/wp-json\/wp\/v2\/posts"}],"about":[{"href":"https:\/\/www.opinionpublica.tv\/portada\/wp-json\/wp\/v2\/types\/post"}],"author":[{"embeddable":true,"href":"https:\/\/www.opinionpublica.tv\/portada\/wp-json\/wp\/v2\/users\/6"}],"replies":[{"embeddable":true,"href":"https:\/\/www.opinionpublica.tv\/portada\/wp-json\/wp\/v2\/comments?post=92830"}],"version-history":[{"count":5,"href":"https:\/\/www.opinionpublica.tv\/portada\/wp-json\/wp\/v2\/posts\/92830\/revisions"}],"predecessor-version":[{"id":92837,"href":"https:\/\/www.opinionpublica.tv\/portada\/wp-json\/wp\/v2\/posts\/92830\/revisions\/92837"}],"wp:featuredmedia":[{"embeddable":true,"href":"https:\/\/www.opinionpublica.tv\/portada\/wp-json\/wp\/v2\/media\/92836"}],"wp:attachment":[{"href":"https:\/\/www.opinionpublica.tv\/portada\/wp-json\/wp\/v2\/media?parent=92830"}],"wp:term":[{"taxonomy":"category","embeddable":true,"href":"https:\/\/www.opinionpublica.tv\/portada\/wp-json\/wp\/v2\/categories?post=92830"},{"taxonomy":"post_tag","embeddable":true,"href":"https:\/\/www.opinionpublica.tv\/portada\/wp-json\/wp\/v2\/tags?post=92830"}],"curies":[{"name":"wp","href":"https:\/\/api.w.org\/{rel}","templated":true}]}}