{"id":92822,"date":"2026-08-30T00:01:00","date_gmt":"2026-08-30T06:01:00","guid":{"rendered":"https:\/\/www.opinionpublica.tv\/portada\/?p=92822"},"modified":"2026-08-29T17:09:16","modified_gmt":"2026-08-29T23:09:16","slug":"lo-frivolo-y-lo-serio","status":"publish","type":"post","link":"https:\/\/www.opinionpublica.tv\/portada\/lo-frivolo-y-lo-serio\/","title":{"rendered":"Lo fr\u00edvolo y lo serio"},"content":{"rendered":"\n<h4 class=\"wp-block-heading\">Jos\u00e9 Woldenberg<\/h4>\n\n\n\n<p class=\"wp-block-paragraph\">___________________________<\/p>\n\n\n\n<p class=\"wp-block-paragraph\">Dicen por ah\u00ed que no hay nada nuevo bajo el sol. No lo creo, pero\u2026 Hace 120 a\u00f1os exactos (vean la fecha por favor) G. K. Chesterton escribi\u00f3: \u201ccomo nos hemos tomado muy en serio las cosas fr\u00edvolas, naturalmente que nos tomamos las cosas serias muy fr\u00edvolamente\u201d.<\/p>\n\n\n\n<p class=\"wp-block-paragraph\">El 25 de agosto de 1906 apareci\u00f3 en el semanario gr\u00e1fico Illustrated London News, su art\u00edculo \u201cSobre los quesos locales. La seriedad en el baile y los deportes\u201d, en el cual desarrolla esa idea. (El fin de una \u00e9poca. Ediciones Encuentro. Madrid, 2019).<\/p>\n\n\n\n<p class=\"wp-block-paragraph\">1) Un integrante de la C\u00e1mara de los Comunes hab\u00eda pedido la palabra para preguntar al presidente del Comit\u00e9 de Intendencia \u201csi el queso de Cheshire que se sirve habitualmente en el comedor de la C\u00e1mara es realmente un producto de Cheshire, o si es una imitaci\u00f3n\u2026\u201d.<\/p>\n\n\n\n<p class=\"wp-block-paragraph\">La crucial interrogante, realizada en el pleno de la C\u00e1mara, no pod\u00eda desatar en Chesterton m\u00e1s que un cotorreo sabroso: por esa v\u00eda apuntaba, algunos preguntar\u00edan tambi\u00e9n si la ensaladilla rusa era \u201cun producto ruso genuino\u201d y, \u00bfpor qu\u00e9 no?, demandar\u00edan que la salsa holandesa \u201cque los miembros de la C\u00e1mara soliciten se les proporcione directamente de Holanda\u201d. (Por mi parte, me sent\u00ed defraudado al saber que las enchiladas suizas no eran de Suiza, la pizza hawaiana no era de Haw\u00e1i y el pan franc\u00e9s tampoco era de Francia).<\/p>\n\n\n\n<p class=\"wp-block-paragraph\">El recinto en el cual est\u00e1 presente la representaci\u00f3n del pueblo en la Gran Breta\u00f1a, dise\u00f1ado para procesar las m\u00e1s diversas iniciativas de car\u00e1cter legislativo, elegir al primer ministro, controlar al gobierno, convertido en un espacio para certificar o no el origen de los alimentos que consum\u00edan sus miembros. Lo importante nublado y sustituido por lo fr\u00edvolo.<\/p>\n\n\n\n<p class=\"wp-block-paragraph\">2) Por el contrario, dec\u00eda Chesterton, \u201cla mayor\u00eda de los deportes se toman con demasiada seriedad\u201d. \u201cTengo la sospecha de que los deportes f\u00edsicos eran mucho m\u00e1s efectivos y beneficiosos cuando no se tomaban tan a pecho. Uno de los rasgos fundamentales del deporte para que sea saludable es que se pueda disfrutar, se est\u00e1 convirtiendo en una religi\u00f3n falsa a pasos agigantados, con sacrificios y mortificaciones\u201d.<\/p>\n\n\n\n<p class=\"wp-block-paragraph\">Los deportes eran en el pasado \u201cjuegos\u201d, y \u201cesta seriedad aterradora con la que se les considera es la causa real de toda la corrupci\u00f3n que ha surgido en \u00e9l\u201d. \u201cEl cr\u00edquet y el f\u00fatbol\u2026 los hemos hecho profesionales porque queremos que sean perfectos\u201d.<\/p>\n\n\n\n<p class=\"wp-block-paragraph\">Las cosas fr\u00edvolas se asum\u00edan demasiado en serio. Si usted sigui\u00f3 el campeonato Mundial de F\u00fatbol por televisi\u00f3n o radio o cualquier plataforma no podr\u00e1 desmentir a Chesterton. Los narradores cre\u00edan que estaban dando cuenta de una epopeya trascendente, un enfrentamiento no entre dos equipos sino entre dos naciones, de ah\u00ed los himnos y las banderas.<\/p>\n\n\n\n<p class=\"wp-block-paragraph\">Mientras, el p\u00fablico segu\u00eda el rumbo de sus respectivos equipos con pasi\u00f3n e incluso adoraci\u00f3n. Los asuntos de cabeza: la incapacidad para jerarquizar convirtiendo lo importante en irrelevante y lo anodino en central.<\/p>\n\n\n\n<p class=\"wp-block-paragraph\">Ahora bien, \u00bfqui\u00e9n es uno para se\u00f1alar qu\u00e9 es lo fr\u00edvolo y qu\u00e9 lo serio? Si las personas siguen con atenci\u00f3n el desarrollo del f\u00fatbol y le dan la espalda a lo que sucede en el Congreso, razones tendr\u00e1n.<\/p>\n\n\n\n<p class=\"wp-block-paragraph\">Si los propios legisladores no se respetan a s\u00ed mismos, si suben a la tribuna a hacer chascarrillos y desatar broncas primitivas y lamentables, \u00bfqui\u00e9n los puede tomar en serio? \u00bfSi millones de personas siguen con ardor e inter\u00e9s cada una de las jugadas de sus respectivos equipos, quien los puede juzgar?<\/p>\n\n\n\n<p class=\"wp-block-paragraph\">La tendencia descrita hace 120 a\u00f1os creci\u00f3. Quiz\u00e1 a estas alturas no exista salida. (Casi) nadie la quiere.<\/p>\n","protected":false},"excerpt":{"rendered":"<p>Jos\u00e9 Woldenberg ___________________________ Dicen por ah\u00ed que no hay nada nuevo bajo el sol. No lo creo, pero\u2026 Hace 120 a\u00f1os exactos (vean la fecha por favor) G. K. Chesterton escribi\u00f3: \u201ccomo nos hemos tomado muy en serio las cosas fr\u00edvolas, naturalmente que nos tomamos las cosas serias muy fr\u00edvolamente\u201d. El 25 de agosto de [&hellip;]<\/p>\n","protected":false},"author":6,"featured_media":43694,"comment_status":"closed","ping_status":"closed","sticky":false,"template":"","format":"standard","meta":{"_acf_changed":false,"_monsterinsights_skip_tracking":false,"slim_seo":{"title":"Lo fr\u00edvolo y lo serio - Opini\u00f3n P\u00fablica","description":"Jos\u00e9 Woldenberg ___________________________ Dicen por ah\u00ed que no hay nada nuevo bajo el sol. No lo creo, pero\u2026 Hace 120 a\u00f1os exactos (vean la fecha por favor) G"},"footnotes":""},"categories":[26],"tags":[782],"class_list":["post-92822","post","type-post","status-publish","format-standard","has-post-thumbnail","hentry","category-de-chile-dulce-y-manteca-columna-invitada","tag-jose-woldenberg"],"acf":[],"_links":{"self":[{"href":"https:\/\/www.opinionpublica.tv\/portada\/wp-json\/wp\/v2\/posts\/92822","targetHints":{"allow":["GET"]}}],"collection":[{"href":"https:\/\/www.opinionpublica.tv\/portada\/wp-json\/wp\/v2\/posts"}],"about":[{"href":"https:\/\/www.opinionpublica.tv\/portada\/wp-json\/wp\/v2\/types\/post"}],"author":[{"embeddable":true,"href":"https:\/\/www.opinionpublica.tv\/portada\/wp-json\/wp\/v2\/users\/6"}],"replies":[{"embeddable":true,"href":"https:\/\/www.opinionpublica.tv\/portada\/wp-json\/wp\/v2\/comments?post=92822"}],"version-history":[{"count":1,"href":"https:\/\/www.opinionpublica.tv\/portada\/wp-json\/wp\/v2\/posts\/92822\/revisions"}],"predecessor-version":[{"id":92823,"href":"https:\/\/www.opinionpublica.tv\/portada\/wp-json\/wp\/v2\/posts\/92822\/revisions\/92823"}],"wp:featuredmedia":[{"embeddable":true,"href":"https:\/\/www.opinionpublica.tv\/portada\/wp-json\/wp\/v2\/media\/43694"}],"wp:attachment":[{"href":"https:\/\/www.opinionpublica.tv\/portada\/wp-json\/wp\/v2\/media?parent=92822"}],"wp:term":[{"taxonomy":"category","embeddable":true,"href":"https:\/\/www.opinionpublica.tv\/portada\/wp-json\/wp\/v2\/categories?post=92822"},{"taxonomy":"post_tag","embeddable":true,"href":"https:\/\/www.opinionpublica.tv\/portada\/wp-json\/wp\/v2\/tags?post=92822"}],"curies":[{"name":"wp","href":"https:\/\/api.w.org\/{rel}","templated":true}]}}