{"id":92808,"date":"2026-08-29T00:01:00","date_gmt":"2026-08-29T06:01:00","guid":{"rendered":"https:\/\/www.opinionpublica.tv\/portada\/?p=92808"},"modified":"2026-08-28T19:47:04","modified_gmt":"2026-08-29T01:47:04","slug":"preven-vientos-fuertes-tolvaneras-y-lluvias-con-posible-granizo-para-este-fin-de-semana","status":"publish","type":"post","link":"https:\/\/www.opinionpublica.tv\/portada\/preven-vientos-fuertes-tolvaneras-y-lluvias-con-posible-granizo-para-este-fin-de-semana\/","title":{"rendered":"Prev\u00e9n tolvaneras, vientos fuertes y lluvias con posible granizo este fin de semana"},"content":{"rendered":"\n<figure class=\"wp-block-image size-large\"><img fetchpriority=\"high\" decoding=\"async\" width=\"1024\" height=\"575\" src=\"https:\/\/www.opinionpublica.tv\/portada\/wp-content\/uploads\/2026\/08\/Preven-tolvaneras-vientos-fuertes-y-lluvias-con-posible-granizo-este-fin-de-semana-1024x575.jpeg\" alt=\"Preve\u0301n tolvaneras, vientos fuertes y lluvias con posible granizo este fin de semana\" class=\"wp-image-92814\" srcset=\"https:\/\/www.opinionpublica.tv\/portada\/wp-content\/uploads\/2026\/08\/Preven-tolvaneras-vientos-fuertes-y-lluvias-con-posible-granizo-este-fin-de-semana-1024x575.jpeg 1024w, https:\/\/www.opinionpublica.tv\/portada\/wp-content\/uploads\/2026\/08\/Preven-tolvaneras-vientos-fuertes-y-lluvias-con-posible-granizo-este-fin-de-semana-300x168.jpeg 300w, https:\/\/www.opinionpublica.tv\/portada\/wp-content\/uploads\/2026\/08\/Preven-tolvaneras-vientos-fuertes-y-lluvias-con-posible-granizo-este-fin-de-semana-767x431.jpeg 767w, https:\/\/www.opinionpublica.tv\/portada\/wp-content\/uploads\/2026\/08\/Preven-tolvaneras-vientos-fuertes-y-lluvias-con-posible-granizo-este-fin-de-semana.jpeg 1280w\" sizes=\"(max-width: 1024px) 100vw, 1024px\" \/><\/figure>\n\n\n\n<p class=\"wp-block-paragraph\"><em>Chihuahua, Chih<\/em>.- La Coordinaci\u00f3n Estatal de Protecci\u00f3n Civil (CEPC) emiti\u00f3 un aviso preventivo ante el pron\u00f3stico de r\u00e1fagas de viento, tolvaneras, altas temperaturas y lluvias con posible ca\u00edda de granizo durante este fin de semana en la entidad.<\/p>\n\n\n\n<p class=\"wp-block-paragraph\">Las rachas podr\u00edan alcanzar velocidades superiores a 45 kil\u00f3metros por hora (km\/h) en municipios del norte, noroeste, sureste y noreste como Ju\u00e1rez, Ahumada, Parral, Jim\u00e9nez y Camargo; superar\u00e1n los 35 km\/h en el centro y suroeste.<\/p>\n\n\n\n<p class=\"wp-block-paragraph\">Se esperan precipitaciones de dispersas a moderadas con chubascos en Ch\u00ednipas, Guazapares y Urique.<\/p>\n\n\n\n<p class=\"wp-block-paragraph\">Ser\u00e1n aisladas a dispersas en Tem\u00f3sachic, Matach\u00ed, Moris, Ocampo, Uruachi, Guachochi, Batopilas, Morelos, Guadalupe y Calvo, Balleza, Nonoava, Rosales, Meoqui, Julimes, Delicias, Saucillo, Satev\u00f3, Valle de Zaragoza, Rosario, El Tule, Huejotit\u00e1n, San Francisco del Oro, Parral, Santa B\u00e1rbara, Matamoros, Allende, L\u00f3pez, Coronado y San Francisco de Conchos.<\/p>\n\n\n\n<p class=\"wp-block-paragraph\">En Ju\u00e1rez, Ahumada, Guadalupe, Ignacio Zaragoza, Madera, G\u00f3mez Far\u00edas, Namiquipa, Bach\u00edniva, Guerrero, Maguarichi, Bocoyna, Carich\u00ed, Cusihuiriachi, Cuauht\u00e9moc, Chihuahua, Aquiles Serd\u00e1n, Aldama, Jim\u00e9nez, Camargo, La Cruz, Coyame y Ojinaga se prev\u00e9n lluvias aisladas.<\/p>\n\n\n\n<p class=\"wp-block-paragraph\">Estas condiciones podr\u00edan estar acompa\u00f1adas de actividad el\u00e9ctrica, r\u00e1fagas de viento y granizo.<\/p>\n\n\n\n<p class=\"wp-block-paragraph\">Las temperaturas m\u00e1ximas alcanzar\u00e1n los 39 grados cent\u00edgrados (\u00b0C) en Ch\u00ednipas, 38\u00b0C en Ju\u00e1rez y Ojinaga, y 34\u00b0C en la capital del estado.<\/p>\n\n\n\n<p class=\"wp-block-paragraph\">Durante el s\u00e1bado 29 de agosto, las condiciones meteorol\u00f3gicas mantendr\u00e1n el ambiente caluroso, con vientos que registrar\u00e1n hasta 55 km\/h y posibles tolvaneras en Julimes, Saucillo, Camargo y La Cruz. Las r\u00e1fagas rebasar\u00e1n los 45 km\/h en Ju\u00e1rez, Ahumada, Delicias, Parral y Jim\u00e9nez, y los 35 km\/h en Chihuahua y otras \u00e1reas.<\/p>\n\n\n\n<p class=\"wp-block-paragraph\">Las precipitaciones ser\u00e1n moderadas a puntualmente fuertes, de 25.1 a 50 mil\u00edmetros, en Ch\u00ednipas y Guazapares, con chubascos dispersos a moderados en las zonas noroeste, oeste y suroeste, y lluvias aisladas a dispersas en Maguarichi, Janos, Casas Grandes, Guerrero, Bocoyna y Guachochi, acompa\u00f1adas de actividad el\u00e9ctrica y posible granizo.<\/p>\n\n\n\n<p class=\"wp-block-paragraph\">Para el domingo 30 de agosto, las rachas se mantendr\u00e1n con velocidades superiores a 55 km\/h, que ocasionar\u00e1n tolvaneras en Jim\u00e9nez y El Oasis (Ojinaga). Registrar\u00e1n hasta 45 km\/h en Palomas (Ascensi\u00f3n), Julimes, Saucillo, Parral, Camargo y Ojinaga.<\/p>\n\n\n\n<p class=\"wp-block-paragraph\">En Ju\u00e1rez, Ahumada, Cuauht\u00e9moc, Delicias y otras localidades del norte, noroeste, oeste, centro y sureste superar\u00e1n los 35 km\/h.<\/p>\n\n\n\n<p class=\"wp-block-paragraph\">Las lluvias continuar\u00e1n con chubascos de dispersos a moderados en las regiones noroeste, oeste y suroeste, precipitaciones de aisladas a dispersas en Matach\u00ed y Bocoyna, y precipitaciones aisladas en Janos, Casas Grandes, Namiquipa, Guerrero y Balleza.<\/p>\n\n\n\n<p class=\"wp-block-paragraph\">El term\u00f3metro alcanzar\u00e1 valores de hasta 40\u00b0C en Ojinaga, 39\u00b0C en Ju\u00e1rez, y 35\u00b0C en Chihuahua y Camargo.<\/p>\n\n\n\n<p class=\"wp-block-paragraph\">La CEPC llama a extremar precauciones, evitar la exposici\u00f3n prolongada a la radiaci\u00f3n solar durante las horas de mayor calor, asegurar objetos que puedan ser derribados por el viento y conducir con precauci\u00f3n en tramos carreteros ante las tolvaneras.<\/p>\n\n\n\n<p class=\"wp-block-paragraph\">Ante cualquier situaci\u00f3n de emergencia o incidente derivado de las condiciones del clima, reportarlo de inmediato a la l\u00ednea 9-1-1, la cual se encuentra disponible las 24 horas del d\u00eda para la atenci\u00f3n oportuna por parte de los cuerpos de seguridad, rescate y protecci\u00f3n civil en todo el estado.<\/p>\n","protected":false},"excerpt":{"rendered":"<p>Chihuahua, Chih.- La Coordinaci\u00f3n Estatal de Protecci\u00f3n Civil (CEPC) emiti\u00f3 un aviso preventivo ante el pron\u00f3stico de r\u00e1fagas de viento, tolvaneras, altas temperaturas y lluvias con posible ca\u00edda de granizo durante este fin de semana en la entidad. Las rachas podr\u00edan alcanzar velocidades superiores a 45 kil\u00f3metros por hora (km\/h) en municipios del norte, noroeste, [&hellip;]<\/p>\n","protected":false},"author":6,"featured_media":92814,"comment_status":"closed","ping_status":"closed","sticky":false,"template":"","format":"standard","meta":{"_acf_changed":false,"_monsterinsights_skip_tracking":false,"slim_seo":{"title":"Prev\u00e9n tolvaneras, vientos fuertes y lluvias con posible granizo este fin de semana - Opini\u00f3n P\u00fablica","description":"Chihuahua, Chih .- La Coordinaci\u00f3n Estatal de Protecci\u00f3n Civil (CEPC) emiti\u00f3 un aviso preventivo ante el pron\u00f3stico de r\u00e1fagas de viento, tolvaneras, altas temp"},"footnotes":""},"categories":[11],"tags":[2301,3701,770],"class_list":["post-92808","post","type-post","status-publish","format-standard","has-post-thumbnail","hentry","category-tendencias","tag-fuertes-vientos","tag-granizo","tag-lluvias-chihuahua"],"acf":[],"_links":{"self":[{"href":"https:\/\/www.opinionpublica.tv\/portada\/wp-json\/wp\/v2\/posts\/92808","targetHints":{"allow":["GET"]}}],"collection":[{"href":"https:\/\/www.opinionpublica.tv\/portada\/wp-json\/wp\/v2\/posts"}],"about":[{"href":"https:\/\/www.opinionpublica.tv\/portada\/wp-json\/wp\/v2\/types\/post"}],"author":[{"embeddable":true,"href":"https:\/\/www.opinionpublica.tv\/portada\/wp-json\/wp\/v2\/users\/6"}],"replies":[{"embeddable":true,"href":"https:\/\/www.opinionpublica.tv\/portada\/wp-json\/wp\/v2\/comments?post=92808"}],"version-history":[{"count":4,"href":"https:\/\/www.opinionpublica.tv\/portada\/wp-json\/wp\/v2\/posts\/92808\/revisions"}],"predecessor-version":[{"id":92815,"href":"https:\/\/www.opinionpublica.tv\/portada\/wp-json\/wp\/v2\/posts\/92808\/revisions\/92815"}],"wp:featuredmedia":[{"embeddable":true,"href":"https:\/\/www.opinionpublica.tv\/portada\/wp-json\/wp\/v2\/media\/92814"}],"wp:attachment":[{"href":"https:\/\/www.opinionpublica.tv\/portada\/wp-json\/wp\/v2\/media?parent=92808"}],"wp:term":[{"taxonomy":"category","embeddable":true,"href":"https:\/\/www.opinionpublica.tv\/portada\/wp-json\/wp\/v2\/categories?post=92808"},{"taxonomy":"post_tag","embeddable":true,"href":"https:\/\/www.opinionpublica.tv\/portada\/wp-json\/wp\/v2\/tags?post=92808"}],"curies":[{"name":"wp","href":"https:\/\/api.w.org\/{rel}","templated":true}]}}