{"id":92763,"date":"2026-08-29T00:01:00","date_gmt":"2026-08-29T06:01:00","guid":{"rendered":"https:\/\/www.opinionpublica.tv\/portada\/?p=92763"},"modified":"2026-08-28T17:57:33","modified_gmt":"2026-08-28T23:57:33","slug":"informalidad-laboral-absorbe-a-un-millon-de-trabajadores-durante-julio","status":"publish","type":"post","link":"https:\/\/www.opinionpublica.tv\/portada\/informalidad-laboral-absorbe-a-un-millon-de-trabajadores-durante-julio\/","title":{"rendered":"La informalidad laboral absorbi\u00f3 a un mill\u00f3n de mexicanos durante julio"},"content":{"rendered":"\n<figure class=\"wp-block-image size-large\"><img fetchpriority=\"high\" decoding=\"async\" width=\"1024\" height=\"575\" src=\"https:\/\/www.opinionpublica.tv\/portada\/wp-content\/uploads\/2026\/08\/La-informalidad-laboral-absorbio-a-un-millon-de-mexicanos-durante-julio-1024x575.webp\" alt=\"La informalidad laboral absorbio\u0301 a un millo\u0301n de mexicanos durante julio\" class=\"wp-image-92767\" srcset=\"https:\/\/www.opinionpublica.tv\/portada\/wp-content\/uploads\/2026\/08\/La-informalidad-laboral-absorbio-a-un-millon-de-mexicanos-durante-julio-1024x575.webp 1024w, https:\/\/www.opinionpublica.tv\/portada\/wp-content\/uploads\/2026\/08\/La-informalidad-laboral-absorbio-a-un-millon-de-mexicanos-durante-julio-300x168.webp 300w, https:\/\/www.opinionpublica.tv\/portada\/wp-content\/uploads\/2026\/08\/La-informalidad-laboral-absorbio-a-un-millon-de-mexicanos-durante-julio-767x431.webp 767w, https:\/\/www.opinionpublica.tv\/portada\/wp-content\/uploads\/2026\/08\/La-informalidad-laboral-absorbio-a-un-millon-de-mexicanos-durante-julio.webp 1200w\" sizes=\"(max-width: 1024px) 100vw, 1024px\" \/><\/figure>\n\n\n\n<p class=\"wp-block-paragraph\">Un mill\u00f3n de personas se incorporaron a la informalidad laboral en julio, lo que impuls\u00f3 el aumento mensual de la ocupaci\u00f3n en el pa\u00eds, de acuerdo con datos publicados este jueves por el Inegi.<\/p>\n\n\n\n<p class=\"wp-block-paragraph\">La Encuesta Nacional de Ocupaci\u00f3n y Empleo (ENOE) report\u00f3 un aumento de 671 mil personas en la poblaci\u00f3n ocupada durante el s\u00e9ptimo mes del a\u00f1o, para llegar a 60.7 millones de personas con empleo en el pa\u00eds.<\/p>\n\n\n\n<p class=\"wp-block-paragraph\">Sin embargo, este incremento mensual estuvo acompa\u00f1ado por un aumento en la informalidad laboral, ya que el n\u00famero de trabajadores en condiciones de informalidad pas\u00f3 de 33.1 a 34.1 millones de personas, su nivel m\u00e1s alto en un a\u00f1o.<\/p>\n\n\n\n<p class=\"wp-block-paragraph\">Con ello, la tasa de informalidad laboral pas\u00f3 de 55 a 56.2 por ciento en s\u00f3lo un mes.<\/p>\n\n\n\n<p class=\"wp-block-paragraph\">Fernando Berm\u00fadez, director de Relaciones Corporativas de ManpowerGroup en Am\u00e9rica Latina, coment\u00f3 que los resultados de la ENOE dan cuenta de un mercado laboral din\u00e1mico, pero con un reto pendiente en materia de formalidad.<\/p>\n\n\n\n<p class=\"wp-block-paragraph\">\u201cLa lectura de fondo es que el pa\u00eds s\u00ed genera ocupaci\u00f3n laboral, pero el reto sigue siendo que ese crecimiento se traduzca en empleos formales, estables y con acceso a seguridad social y prestaciones\u201d, coment\u00f3 el especialista a El Sol de M\u00e9xico.<\/p>\n\n\n\n<p class=\"wp-block-paragraph\">La creaci\u00f3n mensual de puestos de trabajo, acompa\u00f1ada por un aumento de la informalidad, se da en el marco de la realizaci\u00f3n del Mundial de Futbol, cuya mayor actividad en M\u00e9xico se concentr\u00f3 en junio, cuando se celebraron 12 de los 13 encuentros calendarizados en territorio nacional.<\/p>\n\n\n\n<p class=\"wp-block-paragraph\">Para Berm\u00fadez, si bien el comportamiento del mercado laboral en julio responde a m\u00faltiples factores econ\u00f3micos y estacionales y no necesariamente s\u00f3lo al Mundial, el resultado muestra el reto estructural de convertir los aumentos temporales de la demanda laboral y los picos de actividad econ\u00f3mica en oportunidades de empleo formal y sostenible.<\/p>\n\n\n\n<p class=\"wp-block-paragraph\">A\u00f1adi\u00f3 que hay sectores que tradicionalmente concentran una mayor proporci\u00f3n de la actividad informal en M\u00e9xico, entre los que destac\u00f3 el comercio al por menor y la construcci\u00f3n, as\u00ed como las actividades agropecuarias, restaurantes y servicios.<\/p>\n\n\n\n<p class=\"wp-block-paragraph\">\u201cEsto tiene una explicaci\u00f3n importante, ya que son actividades donde existe una alta presencia de micronegocios, trabajadores por cuenta propia, negocios familiares y esquemas de contrataci\u00f3n m\u00e1s flexibles o temporales\u201d, apunt\u00f3.<\/p>\n\n\n\n<p class=\"wp-block-paragraph\">En ese sentido, el experto subray\u00f3 que cuando aumenta la actividad econ\u00f3mica, no necesariamente todo ese crecimiento se convierte autom\u00e1ticamente en puestos formales.<\/p>\n\n\n\n<p class=\"wp-block-paragraph\">En lo que va del a\u00f1o, el mercado laboral del pa\u00eds acumula una generaci\u00f3n neta de 377 mil 764 puestos de trabajo.<\/p>\n\n\n\n<p class=\"wp-block-paragraph\">Esta ganancia neta se explica por un aumento de 1.1 millones de personas en la ocupaci\u00f3n informal entre enero y julio, que compens\u00f3 una contracci\u00f3n de 776 mil 501 plazas en la ocupaci\u00f3n formal.<\/p>\n\n\n\n<p class=\"wp-block-paragraph\">Un an\u00e1lisis de Grupo Monex advirti\u00f3 que \u201clos niveles elevados de informalidad en el pa\u00eds continuar\u00e1n siendo un elemento relevante para evaluar la calidad del empleo, especialmente mientras la actividad econ\u00f3mica no consolide un ritmo de crecimiento m\u00e1s homog\u00e9neo y persistente\u201d.<\/p>\n\n\n\n<p class=\"wp-block-paragraph\">Pobreza laboral disminuye en el pa\u00eds pero crece en 13 estados<\/p>\n\n\n\n<p class=\"wp-block-paragraph\">En comparaci\u00f3n con julio del a\u00f1o pasado, la poblaci\u00f3n ocupada disminuy\u00f3 en 45 mil 352 personas, de acuerdo con el reporte del Inegi.<\/p>\n\n\n\n<p class=\"wp-block-paragraph\">La ENOE tambi\u00e9n destac\u00f3 un aumento de cerca de 20 mil personas en la poblaci\u00f3n desocupada, es decir, quienes no tienen empleo pero est\u00e1n disponibles para trabajar y realizaron acciones para encontrarlo.<\/p>\n\n\n\n<p class=\"wp-block-paragraph\">La tasa de subocupaci\u00f3n, que mide a la poblaci\u00f3n ocupada que tiene necesidad y disponibilidad de ofertar m\u00e1s tiempo de trabajo, fue de 6.7 por ciento, ligeramente inferior a la registrada un mes antes.<\/p>\n\n\n\n<p class=\"wp-block-paragraph\"><em>Con informaci\u00f3n de OEM<\/em>.<\/p>\n","protected":false},"excerpt":{"rendered":"<p>Un mill\u00f3n de personas se incorporaron a la informalidad laboral en julio, lo que impuls\u00f3 el aumento mensual de la ocupaci\u00f3n en el pa\u00eds, de acuerdo con datos publicados este jueves por el Inegi. La Encuesta Nacional de Ocupaci\u00f3n y Empleo (ENOE) report\u00f3 un aumento de 671 mil personas en la poblaci\u00f3n ocupada durante el [&hellip;]<\/p>\n","protected":false},"author":6,"featured_media":92767,"comment_status":"closed","ping_status":"closed","sticky":false,"template":"","format":"standard","meta":{"_acf_changed":false,"_monsterinsights_skip_tracking":false,"slim_seo":{"title":"La informalidad laboral absorbi\u00f3 a un mill\u00f3n de mexicanos durante julio - Opini\u00f3n P\u00fablica","description":"Un mill\u00f3n de personas se incorporaron a la informalidad laboral en julio, lo que impuls\u00f3 el aumento mensual de la ocupaci\u00f3n en el pa\u00eds, de acuerdo con datos pub"},"footnotes":""},"categories":[3],"tags":[312,1323],"class_list":["post-92763","post","type-post","status-publish","format-standard","has-post-thumbnail","hentry","category-principal","tag-desempleo","tag-informalidad"],"acf":[],"_links":{"self":[{"href":"https:\/\/www.opinionpublica.tv\/portada\/wp-json\/wp\/v2\/posts\/92763","targetHints":{"allow":["GET"]}}],"collection":[{"href":"https:\/\/www.opinionpublica.tv\/portada\/wp-json\/wp\/v2\/posts"}],"about":[{"href":"https:\/\/www.opinionpublica.tv\/portada\/wp-json\/wp\/v2\/types\/post"}],"author":[{"embeddable":true,"href":"https:\/\/www.opinionpublica.tv\/portada\/wp-json\/wp\/v2\/users\/6"}],"replies":[{"embeddable":true,"href":"https:\/\/www.opinionpublica.tv\/portada\/wp-json\/wp\/v2\/comments?post=92763"}],"version-history":[{"count":3,"href":"https:\/\/www.opinionpublica.tv\/portada\/wp-json\/wp\/v2\/posts\/92763\/revisions"}],"predecessor-version":[{"id":92768,"href":"https:\/\/www.opinionpublica.tv\/portada\/wp-json\/wp\/v2\/posts\/92763\/revisions\/92768"}],"wp:featuredmedia":[{"embeddable":true,"href":"https:\/\/www.opinionpublica.tv\/portada\/wp-json\/wp\/v2\/media\/92767"}],"wp:attachment":[{"href":"https:\/\/www.opinionpublica.tv\/portada\/wp-json\/wp\/v2\/media?parent=92763"}],"wp:term":[{"taxonomy":"category","embeddable":true,"href":"https:\/\/www.opinionpublica.tv\/portada\/wp-json\/wp\/v2\/categories?post=92763"},{"taxonomy":"post_tag","embeddable":true,"href":"https:\/\/www.opinionpublica.tv\/portada\/wp-json\/wp\/v2\/tags?post=92763"}],"curies":[{"name":"wp","href":"https:\/\/api.w.org\/{rel}","templated":true}]}}