{"id":91850,"date":"2026-08-15T00:01:00","date_gmt":"2026-08-15T06:01:00","guid":{"rendered":"https:\/\/www.opinionpublica.tv\/portada\/?p=91850"},"modified":"2026-08-14T18:19:30","modified_gmt":"2026-08-15T00:19:30","slug":"video-el-evangelio-de-hoy-sabado-15-de-agosto-de-2026","status":"publish","type":"post","link":"https:\/\/www.opinionpublica.tv\/portada\/video-el-evangelio-de-hoy-sabado-15-de-agosto-de-2026\/","title":{"rendered":"Video: El Evangelio de hoy | S\u00e1bado 15 de agosto de 2026"},"content":{"rendered":"\n<figure class=\"wp-block-embed is-type-video is-provider-youtube wp-block-embed-youtube wp-embed-aspect-16-9 wp-has-aspect-ratio\"><div class=\"wp-block-embed__wrapper\">\n<iframe title=\"Evangelio de Hoy Sabado 15 de Agosto de 2026 | REFLEXI\u00d3N | Red Catolica\" width=\"800\" height=\"450\" src=\"https:\/\/www.youtube.com\/embed\/rI7FCO1jaqQ?feature=oembed\" frameborder=\"0\" allow=\"accelerometer; autoplay; clipboard-write; encrypted-media; gyroscope; picture-in-picture; web-share\" referrerpolicy=\"strict-origin-when-cross-origin\" allowfullscreen><\/iframe>\n<\/div><\/figure>\n\n\n\n<p class=\"wp-block-paragraph\"><em>\u00abProclama mi alma la grandeza del Se\u00f1or, se alegra mi esp\u00edritu en Dios, mi salvador.\u00bb Lucas 1, 39-56<\/em>.<\/p>\n\n\n\n<p class=\"wp-block-paragraph\"><strong>Reflexiones para este s\u00e1bado<\/strong><\/p>\n\n\n\n<p class=\"wp-block-paragraph\">1. En la Solemnidad de la Asunci\u00f3n de Mar\u00eda, aprendemos que la verdadera grandeza est\u00e1 en el servicio alegre. Mar\u00eda, llevando a Dios, sale de prisa a ayudar a su prima.<\/p>\n\n\n\n<p class=\"wp-block-paragraph\">2. El Magn\u00edficat es el canto de los humildes. Acost\u00fambrate a alabar a Dios por sus maravillas en tu vida en lugar de quejarte constantemente por lo que te falta.<\/p>\n\n\n\n<p class=\"wp-block-paragraph\">3. Dios enaltece a los humildes y derriba a los soberbios. Que nuestra esperanza est\u00e9 puesta en el cielo, nuestro hogar definitivo, de la mano de nuestra Madre.<\/p>\n","protected":false},"excerpt":{"rendered":"<p>\u00abProclama mi alma la grandeza del Se\u00f1or, se alegra mi esp\u00edritu en Dios, mi salvador.\u00bb Lucas 1, 39-56. Reflexiones para este s\u00e1bado 1. En la Solemnidad de la Asunci\u00f3n de Mar\u00eda, aprendemos que la verdadera grandeza est\u00e1 en el servicio alegre. Mar\u00eda, llevando a Dios, sale de prisa a ayudar a su prima. 2. El [&hellip;]<\/p>\n","protected":false},"author":6,"featured_media":91852,"comment_status":"closed","ping_status":"closed","sticky":false,"template":"","format":"standard","meta":{"_acf_changed":false,"_monsterinsights_skip_tracking":false,"slim_seo":{"title":"Video: El Evangelio de hoy | S\u00e1bado 15 de agosto de 2026 - Opini\u00f3n P\u00fablica","description":"https:\/\/youtu.be\/rI7FCO1jaqQ?si=JzfVubTn2BomIbOI \"Proclama mi alma la grandeza del Se\u00f1or, se alegra mi esp\u00edritu en Dios, mi salvador.\" Lucas 1, 39-56 . Reflexio"},"footnotes":""},"categories":[2,13,8],"tags":[559],"class_list":["post-91850","post","type-post","status-publish","format-standard","has-post-thumbnail","hentry","category-videos-destacados","category-videos-destacados-contenido","category-videos","tag-evangelio-de-hoy"],"acf":[],"_links":{"self":[{"href":"https:\/\/www.opinionpublica.tv\/portada\/wp-json\/wp\/v2\/posts\/91850","targetHints":{"allow":["GET"]}}],"collection":[{"href":"https:\/\/www.opinionpublica.tv\/portada\/wp-json\/wp\/v2\/posts"}],"about":[{"href":"https:\/\/www.opinionpublica.tv\/portada\/wp-json\/wp\/v2\/types\/post"}],"author":[{"embeddable":true,"href":"https:\/\/www.opinionpublica.tv\/portada\/wp-json\/wp\/v2\/users\/6"}],"replies":[{"embeddable":true,"href":"https:\/\/www.opinionpublica.tv\/portada\/wp-json\/wp\/v2\/comments?post=91850"}],"version-history":[{"count":1,"href":"https:\/\/www.opinionpublica.tv\/portada\/wp-json\/wp\/v2\/posts\/91850\/revisions"}],"predecessor-version":[{"id":91851,"href":"https:\/\/www.opinionpublica.tv\/portada\/wp-json\/wp\/v2\/posts\/91850\/revisions\/91851"}],"wp:featuredmedia":[{"embeddable":true,"href":"https:\/\/www.opinionpublica.tv\/portada\/wp-json\/wp\/v2\/media\/91852"}],"wp:attachment":[{"href":"https:\/\/www.opinionpublica.tv\/portada\/wp-json\/wp\/v2\/media?parent=91850"}],"wp:term":[{"taxonomy":"category","embeddable":true,"href":"https:\/\/www.opinionpublica.tv\/portada\/wp-json\/wp\/v2\/categories?post=91850"},{"taxonomy":"post_tag","embeddable":true,"href":"https:\/\/www.opinionpublica.tv\/portada\/wp-json\/wp\/v2\/tags?post=91850"}],"curies":[{"name":"wp","href":"https:\/\/api.w.org\/{rel}","templated":true}]}}