{"id":91690,"date":"2026-08-13T00:01:00","date_gmt":"2026-08-13T06:01:00","guid":{"rendered":"https:\/\/www.opinionpublica.tv\/portada\/?p=91690"},"modified":"2026-08-12T22:24:08","modified_gmt":"2026-08-13T04:24:08","slug":"suprema-corte-de-justicia-avala-creacion-del-fondo-de-pensiones-para-el-bienestar","status":"publish","type":"post","link":"https:\/\/www.opinionpublica.tv\/portada\/suprema-corte-de-justicia-avala-creacion-del-fondo-de-pensiones-para-el-bienestar\/","title":{"rendered":"Avala Suprema Corte de Justicia creaci\u00f3n del Fondo de Pensiones para el Bienestar"},"content":{"rendered":"\n<figure class=\"wp-block-image size-full\"><img fetchpriority=\"high\" decoding=\"async\" width=\"999\" height=\"666\" src=\"https:\/\/www.opinionpublica.tv\/portada\/wp-content\/uploads\/2026\/08\/Avala-Suprema-Corte-de-Justicia-creacion-del-Fondo-de-Pensiones-para-el-Bienestar.avif\" alt=\"Avala Suprema Corte de Justicia creacio\u0301n del Fondo de Pensiones para el Bienestar\" class=\"wp-image-91693\" srcset=\"https:\/\/www.opinionpublica.tv\/portada\/wp-content\/uploads\/2026\/08\/Avala-Suprema-Corte-de-Justicia-creacion-del-Fondo-de-Pensiones-para-el-Bienestar.avif 999w, https:\/\/www.opinionpublica.tv\/portada\/wp-content\/uploads\/2026\/08\/Avala-Suprema-Corte-de-Justicia-creacion-del-Fondo-de-Pensiones-para-el-Bienestar-300x200.avif 300w, https:\/\/www.opinionpublica.tv\/portada\/wp-content\/uploads\/2026\/08\/Avala-Suprema-Corte-de-Justicia-creacion-del-Fondo-de-Pensiones-para-el-Bienestar-768x512.avif 768w\" sizes=\"(max-width: 999px) 100vw, 999px\" \/><\/figure>\n\n\n\n<p class=\"wp-block-paragraph\"><em>Ciudad de M\u00e9xico<\/em>.- La Suprema Corte de Justicia de la Naci\u00f3n (SCJN) aval\u00f3 el decreto por el cual se crea del Fondo de Pensiones para el Bienestar, que promulg\u00f3 el expresidente de M\u00e9xico, Andr\u00e9s Manuel L\u00f3pez Obrador en el Diario Oficial de la Federaci\u00f3n (DOF) durante el \u00faltimo a\u00f1o de su administraci\u00f3n.<\/p>\n\n\n\n<p class=\"wp-block-paragraph\">Por unanimidad de votos, el pleno del M\u00e1ximo Tribunal de Justicia, encabezado por Hugo Aguilar Ortiz, se aprob\u00f3 el proyecto de la ministra Loretta Ortiz Alhf, quien consider\u00f3 infundada la acci\u00f3n de inconstitucionalidad, promovida por diputados federales de oposici\u00f3n.<\/p>\n\n\n\n<p class=\"wp-block-paragraph\">Los inconformes afirmaron que era inconstitucional, pues no establec\u00eda para qu\u00e9 ser\u00edan usados los recursos, ni defin\u00eda las reglas de operaci\u00f3n ni mecanismo de devoluci\u00f3n.<\/p>\n\n\n\n<p class=\"wp-block-paragraph\">\u201cLos recursos depositados en las cuentas individuales contin\u00faan siendo, en todo momento, propiedad de las personas trabajadoras o pensionadas. En ese sentido, a partir del estudio del decreto impugnado, se advierte que la reforma no autoriza la apropiaci\u00f3n por el Estado de las cuentas individuales no extingue el derecho de sus titulares, \u00fanicamente modifica la forma en que determinados recursos no reclamados son administrados\u201d, argumento Ortiz Alhf.<\/p>\n\n\n\n<p class=\"wp-block-paragraph\">En tanto, Ortiz asever\u00f3 que la norma no implica una expropiaci\u00f3n del fondo de los trabajadores.<\/p>\n\n\n\n<p class=\"wp-block-paragraph\">\u201cEs un tema que gener\u00f3 mucha inquietud, se pensaba que era una especie de confiscaci\u00f3n de expropiaci\u00f3n o de privaci\u00f3n de la propiedad, los fondos de los trabajadores, no es as\u00ed, lo \u00fanico que est\u00e1 ocurriendo es que se cambia de administrador hacia un mecanismo distinto, pero con todas las garant\u00edas. Se mantiene la propiedad de los recursos a favor de los trabajadores, se mantiene la posibilidad de que quien acuda a recuperarlos se pueda prever. Realmente, lo \u00fanico que est\u00e1 cambiando es de administraci\u00f3n\u201d.<\/p>\n\n\n\n<p class=\"wp-block-paragraph\">Los ministros consideraron que la transferencia de los recursos no constituye una expropiaci\u00f3n, confiscaci\u00f3n ni p\u00e9rdida de la propiedad, porque la titularidad de los ahorros permanece en todo momento en las personas trabajadoras o pensionadas.<\/p>\n\n\n\n<p class=\"wp-block-paragraph\">Adem\u00e1s, el derecho a reclamar los recursos es imprescriptible. En otras palabras, no existe una fecha l\u00edmite con el objetivo de que la persona trabajadora o sus beneficiarios soliciten su devoluci\u00f3n. Inclusive despu\u00e9s de que los recursos hayan sido transferidos al Fondo, pueden ser reclamados.<\/p>\n\n\n\n<p class=\"wp-block-paragraph\">Y que se garantiza certeza y seguridad jur\u00eddica. La ley tambi\u00e9n contempla mecanismos para proteger esos recursos, como su registro individualizado, la generaci\u00f3n de rendimientos y una reserva financiera destinada a garantizar su devoluci\u00f3n.<\/p>\n\n\n\n<p class=\"wp-block-paragraph\"><em>Con informaci\u00f3n de El Universal<\/em>.<\/p>\n","protected":false},"excerpt":{"rendered":"<p>Ciudad de M\u00e9xico.- La Suprema Corte de Justicia de la Naci\u00f3n (SCJN) aval\u00f3 el decreto por el cual se crea del Fondo de Pensiones para el Bienestar, que promulg\u00f3 el expresidente de M\u00e9xico, Andr\u00e9s Manuel L\u00f3pez Obrador en el Diario Oficial de la Federaci\u00f3n (DOF) durante el \u00faltimo a\u00f1o de su administraci\u00f3n. Por unanimidad de [&hellip;]<\/p>\n","protected":false},"author":6,"featured_media":91693,"comment_status":"closed","ping_status":"closed","sticky":false,"template":"","format":"standard","meta":{"_acf_changed":false,"_monsterinsights_skip_tracking":false,"slim_seo":{"title":"Avala Suprema Corte de Justicia creaci\u00f3n del Fondo de Pensiones para el Bienestar - Opini\u00f3n P\u00fablica","description":"Ciudad de M\u00e9xico .- La Suprema Corte de Justicia de la Naci\u00f3n (SCJN) aval\u00f3 el decreto por el cual se crea del Fondo de Pensiones para el Bienestar, que promulg\u00f3"},"footnotes":""},"categories":[4],"tags":[4230,386],"class_list":["post-91690","post","type-post","status-publish","format-standard","has-post-thumbnail","hentry","category-pulsopolitico","tag-fondo-de-pensiones-para-el-bienestar","tag-scjn"],"acf":[],"_links":{"self":[{"href":"https:\/\/www.opinionpublica.tv\/portada\/wp-json\/wp\/v2\/posts\/91690","targetHints":{"allow":["GET"]}}],"collection":[{"href":"https:\/\/www.opinionpublica.tv\/portada\/wp-json\/wp\/v2\/posts"}],"about":[{"href":"https:\/\/www.opinionpublica.tv\/portada\/wp-json\/wp\/v2\/types\/post"}],"author":[{"embeddable":true,"href":"https:\/\/www.opinionpublica.tv\/portada\/wp-json\/wp\/v2\/users\/6"}],"replies":[{"embeddable":true,"href":"https:\/\/www.opinionpublica.tv\/portada\/wp-json\/wp\/v2\/comments?post=91690"}],"version-history":[{"count":2,"href":"https:\/\/www.opinionpublica.tv\/portada\/wp-json\/wp\/v2\/posts\/91690\/revisions"}],"predecessor-version":[{"id":91694,"href":"https:\/\/www.opinionpublica.tv\/portada\/wp-json\/wp\/v2\/posts\/91690\/revisions\/91694"}],"wp:featuredmedia":[{"embeddable":true,"href":"https:\/\/www.opinionpublica.tv\/portada\/wp-json\/wp\/v2\/media\/91693"}],"wp:attachment":[{"href":"https:\/\/www.opinionpublica.tv\/portada\/wp-json\/wp\/v2\/media?parent=91690"}],"wp:term":[{"taxonomy":"category","embeddable":true,"href":"https:\/\/www.opinionpublica.tv\/portada\/wp-json\/wp\/v2\/categories?post=91690"},{"taxonomy":"post_tag","embeddable":true,"href":"https:\/\/www.opinionpublica.tv\/portada\/wp-json\/wp\/v2\/tags?post=91690"}],"curies":[{"name":"wp","href":"https:\/\/api.w.org\/{rel}","templated":true}]}}