{"id":91665,"date":"2026-08-12T00:01:00","date_gmt":"2026-08-12T06:01:00","guid":{"rendered":"https:\/\/www.opinionpublica.tv\/portada\/?p=91665"},"modified":"2026-08-11T18:59:57","modified_gmt":"2026-08-12T00:59:57","slug":"aprueban-proyecto-de-nuevo-reglamento-de-bienestar-animal-para-el-municipio-de-juarez","status":"publish","type":"post","link":"https:\/\/www.opinionpublica.tv\/portada\/aprueban-proyecto-de-nuevo-reglamento-de-bienestar-animal-para-el-municipio-de-juarez\/","title":{"rendered":"Aprueban proyecto de nuevo Reglamento de Bienestar Animal para Ciudad Ju\u00e1rez"},"content":{"rendered":"\n<figure class=\"wp-block-image size-large\"><img fetchpriority=\"high\" decoding=\"async\" width=\"1024\" height=\"683\" src=\"https:\/\/www.opinionpublica.tv\/portada\/wp-content\/uploads\/2026\/08\/Aprueban-proyecto-de-nuevo-Reglamento-de-Bienestar-Animal-para-Ciudad-Juarez-1024x683.jpeg\" alt=\"Aprueban proyecto de nuevo Reglamento de Bienestar Animal para Ciudad Jua\u0301rez\" class=\"wp-image-91669\" srcset=\"https:\/\/www.opinionpublica.tv\/portada\/wp-content\/uploads\/2026\/08\/Aprueban-proyecto-de-nuevo-Reglamento-de-Bienestar-Animal-para-Ciudad-Juarez-1024x683.jpeg 1024w, https:\/\/www.opinionpublica.tv\/portada\/wp-content\/uploads\/2026\/08\/Aprueban-proyecto-de-nuevo-Reglamento-de-Bienestar-Animal-para-Ciudad-Juarez-300x200.jpeg 300w, https:\/\/www.opinionpublica.tv\/portada\/wp-content\/uploads\/2026\/08\/Aprueban-proyecto-de-nuevo-Reglamento-de-Bienestar-Animal-para-Ciudad-Juarez-768x512.jpeg 768w, https:\/\/www.opinionpublica.tv\/portada\/wp-content\/uploads\/2026\/08\/Aprueban-proyecto-de-nuevo-Reglamento-de-Bienestar-Animal-para-Ciudad-Juarez.jpeg 1280w\" sizes=\"(max-width: 1024px) 100vw, 1024px\" \/><\/figure>\n\n\n\n<p class=\"wp-block-paragraph\"><em>Ciudad Ju\u00e1rez, Chih<\/em>.- Regidores de las Comisiones Edilicias de Ecolog\u00eda y Protecci\u00f3n Civil y de Gobernaci\u00f3n, aprobaron el proyecto de nuevo Reglamento de Bienestar Animal para el Municipio de Ju\u00e1rez, con el que se busca fortalecer la protecci\u00f3n de perros y gatos, promover la tenencia responsable y establecer mecanismos m\u00e1s efectivos para atender casos de maltrato y abandono.<\/p>\n\n\n\n<p class=\"wp-block-paragraph\">Durante la reuni\u00f3n, las y los regidores Laura Fernanda \u00c1valos Medina, Sandra Marbel Valenzuela Mart\u00ednez, Alejandro Daniel Acosta Avi\u00f1a, Gloria Roc\u00edo Mirazo de la Rosa y Jos\u00e9 Eduardo Valenzuela Mart\u00ednez trabajaron en coordinaci\u00f3n con la directora de Atenci\u00f3n y Bienestar Animal, Alma Edith Arredondo Salinas y el director de Justicia C\u00edvica, Jorge Salom\u00e9 Bissuet Galarza.<\/p>\n\n\n\n<p class=\"wp-block-paragraph\">La coordinadora de la Comisi\u00f3n de Ecolog\u00eda y Protecci\u00f3n Civil, regidora Laura Fernanda \u00c1valos Medina, explic\u00f3 que la elaboraci\u00f3n del documento tom\u00f3 varios meses y cont\u00f3 con aportaciones de distintas dependencias municipales, rescatistas, veterinarios y personas dedicadas a la protecci\u00f3n animal.<\/p>\n\n\n\n<p class=\"wp-block-paragraph\">Destac\u00f3 que uno de los principales cambios consiste en la incorporaci\u00f3n de Justicia C\u00edvica, lo que permitir\u00e1 que determinadas faltas administrativas puedan ser sancionadas no solo con multas clasificadas en UMAs, sino tambi\u00e9n con arresto y trabajo en favor de la comunidad, dependiendo de la gravedad de cada caso.<\/p>\n\n\n\n<p class=\"wp-block-paragraph\">Entre las conductas contempladas para atender, se encuentra la desnutrici\u00f3n severa de animales, propuesta que surgi\u00f3 de rescatistas independientes que atienden de manera constante casos de abandono y maltrato.<\/p>\n\n\n\n<p class=\"wp-block-paragraph\">El proyecto tambi\u00e9n contempla sanciones por abandono, no recoger desechos fecales en la v\u00eda p\u00fablica, falta de vacunaci\u00f3n o desparasitaci\u00f3n, ausencia de medios de identificaci\u00f3n, permitir que los animales deambulen sin supervisi\u00f3n, utilizar perros para vigilar lotes o inmuebles deshabitados, hacinamiento y no proporcionar atenci\u00f3n m\u00e9dica necesaria.<\/p>\n\n\n\n<p class=\"wp-block-paragraph\">Las multas propuestas van desde 10 hasta 150 UMAs, mientras que algunas conductas podr\u00e1n generar entre 6 y 36 horas de arresto, adem\u00e1s de horas de trabajo en favor de la comunidad.<\/p>\n\n\n\n<p class=\"wp-block-paragraph\">Entre las sanciones de mayor rango se encuentran el abandono de animales, la mutilaci\u00f3n con fines est\u00e9ticos, el adiestramiento mediante t\u00e9cnicas violentas o lesivas, mantener animales en veh\u00edculos, azoteas, terrazas o balcones, la crianza o venta en lugares no autorizados y transitar con perros con antecedentes de agresi\u00f3n sin los medios de sujeci\u00f3n adecuados.<\/p>\n\n\n\n<p class=\"wp-block-paragraph\">\u00c1valos Medina resalt\u00f3 tambi\u00e9n la incorporaci\u00f3n del concepto de animal comunitario, con el prop\u00f3sito de reconocer a los perros y gatos que viven en colonias y fraccionamientos bajo el cuidado de vecinos.<\/p>\n\n\n\n<p class=\"wp-block-paragraph\">El reglamento contempla la figura de responsables comunitarios, quienes podr\u00e1n hacerse cargo de aspectos como vacunaci\u00f3n, desparasitaci\u00f3n y esterilizaci\u00f3n.<\/p>\n\n\n\n<p class=\"wp-block-paragraph\">Una vez aprobado el reglamento, se prev\u00e9 realizar una campa\u00f1a de comunicaci\u00f3n para promover el registro de estos animales ante la Direcci\u00f3n de Atenci\u00f3n y Bienestar Animal.<\/p>\n\n\n\n<p class=\"wp-block-paragraph\">La directora Alma Edith Arredondo Salinas destac\u00f3 que el documento representa un trabajo consensuado con animalistas, rescatistas, especialistas del \u00e1rea m\u00e9dica y distintas instancias municipales.<\/p>\n\n\n\n<p class=\"wp-block-paragraph\">Consider\u00f3 relevante que las acciones que ya realiza la Direcci\u00f3n de Atenci\u00f3n y Bienestar Animal cuenten con un marco jur\u00eddico actualizado y con herramientas que permitan actuar de manera m\u00e1s r\u00e1pida ante las faltas administrativas.<\/p>\n\n\n\n<p class=\"wp-block-paragraph\">El proyecto ser\u00e1 sometido al procedimiento correspondiente para su aprobaci\u00f3n ante el Cabildo, con lo que se busca establecer nuevas bases para la prevenci\u00f3n del maltrato animal y fortalecer la responsabilidad de quienes tienen animales bajo su tutela.<\/p>\n","protected":false},"excerpt":{"rendered":"<p>Ciudad Ju\u00e1rez, Chih.- Regidores de las Comisiones Edilicias de Ecolog\u00eda y Protecci\u00f3n Civil y de Gobernaci\u00f3n, aprobaron el proyecto de nuevo Reglamento de Bienestar Animal para el Municipio de Ju\u00e1rez, con el que se busca fortalecer la protecci\u00f3n de perros y gatos, promover la tenencia responsable y establecer mecanismos m\u00e1s efectivos para atender casos de [&hellip;]<\/p>\n","protected":false},"author":6,"featured_media":91669,"comment_status":"closed","ping_status":"closed","sticky":false,"template":"","format":"standard","meta":{"_acf_changed":false,"_monsterinsights_skip_tracking":false,"slim_seo":{"title":"Aprueban proyecto de nuevo Reglamento de Bienestar Animal para Ciudad Ju\u00e1rez - Opini\u00f3n P\u00fablica","description":"Ciudad Ju\u00e1rez, Chih .- Regidores de las Comisiones Edilicias de Ecolog\u00eda y Protecci\u00f3n Civil y de Gobernaci\u00f3n, aprobaron el proyecto de nuevo Reglamento de Biene"},"footnotes":""},"categories":[41],"tags":[608,4222],"class_list":["post-91665","post","type-post","status-publish","format-standard","has-post-thumbnail","hentry","category-juarez","tag-ciudad-juarez","tag-reglamento-de-bienestar-animal"],"acf":[],"_links":{"self":[{"href":"https:\/\/www.opinionpublica.tv\/portada\/wp-json\/wp\/v2\/posts\/91665","targetHints":{"allow":["GET"]}}],"collection":[{"href":"https:\/\/www.opinionpublica.tv\/portada\/wp-json\/wp\/v2\/posts"}],"about":[{"href":"https:\/\/www.opinionpublica.tv\/portada\/wp-json\/wp\/v2\/types\/post"}],"author":[{"embeddable":true,"href":"https:\/\/www.opinionpublica.tv\/portada\/wp-json\/wp\/v2\/users\/6"}],"replies":[{"embeddable":true,"href":"https:\/\/www.opinionpublica.tv\/portada\/wp-json\/wp\/v2\/comments?post=91665"}],"version-history":[{"count":3,"href":"https:\/\/www.opinionpublica.tv\/portada\/wp-json\/wp\/v2\/posts\/91665\/revisions"}],"predecessor-version":[{"id":91670,"href":"https:\/\/www.opinionpublica.tv\/portada\/wp-json\/wp\/v2\/posts\/91665\/revisions\/91670"}],"wp:featuredmedia":[{"embeddable":true,"href":"https:\/\/www.opinionpublica.tv\/portada\/wp-json\/wp\/v2\/media\/91669"}],"wp:attachment":[{"href":"https:\/\/www.opinionpublica.tv\/portada\/wp-json\/wp\/v2\/media?parent=91665"}],"wp:term":[{"taxonomy":"category","embeddable":true,"href":"https:\/\/www.opinionpublica.tv\/portada\/wp-json\/wp\/v2\/categories?post=91665"},{"taxonomy":"post_tag","embeddable":true,"href":"https:\/\/www.opinionpublica.tv\/portada\/wp-json\/wp\/v2\/tags?post=91665"}],"curies":[{"name":"wp","href":"https:\/\/api.w.org\/{rel}","templated":true}]}}