{"id":91658,"date":"2026-08-12T00:01:00","date_gmt":"2026-08-12T06:01:00","guid":{"rendered":"https:\/\/www.opinionpublica.tv\/portada\/?p=91658"},"modified":"2026-08-11T18:54:29","modified_gmt":"2026-08-12T00:54:29","slug":"destaca-alcalde-coordinacion-entre-autoridades-tras-reunion-de-mesa-estatal-de-seguridad","status":"publish","type":"post","link":"https:\/\/www.opinionpublica.tv\/portada\/destaca-alcalde-coordinacion-entre-autoridades-tras-reunion-de-mesa-estatal-de-seguridad\/","title":{"rendered":"Destaca alcalde coordinaci\u00f3n de autoridades tras reuni\u00f3n de Mesa Estatal de Seguridad"},"content":{"rendered":"\n<figure class=\"wp-block-image size-large\"><img fetchpriority=\"high\" decoding=\"async\" width=\"1024\" height=\"683\" src=\"https:\/\/www.opinionpublica.tv\/portada\/wp-content\/uploads\/2026\/08\/Destaca-alcalde-coordinacion-de-autoridades-tras-reunion-de-Mesa-Estatal-de-Seguridad-1024x683.jpeg\" alt=\"Destaca alcalde coordinacio\u0301n de autoridades tras reunio\u0301n de Mesa Estatal de Seguridad\" class=\"wp-image-91663\" srcset=\"https:\/\/www.opinionpublica.tv\/portada\/wp-content\/uploads\/2026\/08\/Destaca-alcalde-coordinacion-de-autoridades-tras-reunion-de-Mesa-Estatal-de-Seguridad-1024x683.jpeg 1024w, https:\/\/www.opinionpublica.tv\/portada\/wp-content\/uploads\/2026\/08\/Destaca-alcalde-coordinacion-de-autoridades-tras-reunion-de-Mesa-Estatal-de-Seguridad-300x200.jpeg 300w, https:\/\/www.opinionpublica.tv\/portada\/wp-content\/uploads\/2026\/08\/Destaca-alcalde-coordinacion-de-autoridades-tras-reunion-de-Mesa-Estatal-de-Seguridad-768x512.jpeg 768w, https:\/\/www.opinionpublica.tv\/portada\/wp-content\/uploads\/2026\/08\/Destaca-alcalde-coordinacion-de-autoridades-tras-reunion-de-Mesa-Estatal-de-Seguridad.jpeg 1280w\" sizes=\"(max-width: 1024px) 100vw, 1024px\" \/><\/figure>\n\n\n\n<p class=\"wp-block-paragraph\"><em>Ciudad Ju\u00e1rez, Chih<\/em>.- El presidente municipal, H\u00e9ctor Rafael Ortiz Orpinel, particip\u00f3 este d\u00eda en la reuni\u00f3n de la Mesa Estatal de Seguridad para la Construcci\u00f3n de la Paz, en la que representantes de los tres \u00f3rdenes de Gobierno revisaron la informaci\u00f3n generada por las dependencias encargadas de prevenir y combatir los delitos.<\/p>\n\n\n\n<p class=\"wp-block-paragraph\">En la junta estuvieron la gobernadora Mar\u00eda Eugenia Campos, autoridades de las secretar\u00edas de Seguridad P\u00fablica Estatal y Municipal, as\u00ed como representantes de la Secretar\u00eda de la Defensa Nacional, Guardia Nacional y las fiscal\u00edas generales de la Rep\u00fablica y del Estado.<\/p>\n\n\n\n<p class=\"wp-block-paragraph\">Tambi\u00e9n particip\u00f3 la delegada de Programas para el Bienestar en Chihuahua, Mayra Ch\u00e1vez, junto con funcionarios de las instituciones que integran la estrategia estatal de seguridad y colaboran en la atenci\u00f3n de las situaciones registradas en los municipios.<\/p>\n\n\n\n<p class=\"wp-block-paragraph\">El alcalde Ortiz Orpinel se\u00f1al\u00f3 que la coordinaci\u00f3n entre las autoridades constituye un punto fundamental para mantener la reducci\u00f3n de los \u00edndices delictivos en Ciudad Ju\u00e1rez, por lo que el Gobierno Municipal continuar\u00e1 trabajando bajo la misma din\u00e1mica institucional.<\/p>\n\n\n\n<p class=\"wp-block-paragraph\">\u201cEsta coordinaci\u00f3n nos ha permitido que en Ciudad Ju\u00e1rez tengamos \u00edndices delictivos a la baja en distintos \u00e1mbitos; hay que reconocer el trabajo conjunto que existe entre los tres \u00f3rdenes de Gobierno\u201d, expres\u00f3.<\/p>\n\n\n\n<p class=\"wp-block-paragraph\">A\u00f1adi\u00f3 que estos esfuerzos permiten avanzar hacia un municipio m\u00e1s seguro y atender temas prioritarios para la poblaci\u00f3n, adem\u00e1s de reiterar la disposici\u00f3n del Gobierno Municipal para mantener la colaboraci\u00f3n institucional con el Estado y la Federaci\u00f3n.<\/p>\n\n\n\n<p class=\"wp-block-paragraph\">El alcalde estuvo acompa\u00f1ado por el secretario de Seguridad P\u00fablica Municipal, C\u00e9sar Omar Mu\u00f1oz Morales.<\/p>\n","protected":false},"excerpt":{"rendered":"<p>Ciudad Ju\u00e1rez, Chih.- El presidente municipal, H\u00e9ctor Rafael Ortiz Orpinel, particip\u00f3 este d\u00eda en la reuni\u00f3n de la Mesa Estatal de Seguridad para la Construcci\u00f3n de la Paz, en la que representantes de los tres \u00f3rdenes de Gobierno revisaron la informaci\u00f3n generada por las dependencias encargadas de prevenir y combatir los delitos. En la junta [&hellip;]<\/p>\n","protected":false},"author":6,"featured_media":91663,"comment_status":"closed","ping_status":"closed","sticky":false,"template":"","format":"standard","meta":{"_acf_changed":false,"_monsterinsights_skip_tracking":false,"slim_seo":{"title":"Destaca alcalde coordinaci\u00f3n de autoridades tras reuni\u00f3n de Mesa Estatal de Seguridad - Opini\u00f3n P\u00fablica","description":"Ciudad Ju\u00e1rez, Chih .- El presidente municipal, H\u00e9ctor Rafael Ortiz Orpinel, particip\u00f3 este d\u00eda en la reuni\u00f3n de la Mesa Estatal de Seguridad para la Construcci"},"footnotes":""},"categories":[41],"tags":[608,4221],"class_list":["post-91658","post","type-post","status-publish","format-standard","has-post-thumbnail","hentry","category-juarez","tag-ciudad-juarez","tag-mesa-estatal-de-seguridad"],"acf":[],"_links":{"self":[{"href":"https:\/\/www.opinionpublica.tv\/portada\/wp-json\/wp\/v2\/posts\/91658","targetHints":{"allow":["GET"]}}],"collection":[{"href":"https:\/\/www.opinionpublica.tv\/portada\/wp-json\/wp\/v2\/posts"}],"about":[{"href":"https:\/\/www.opinionpublica.tv\/portada\/wp-json\/wp\/v2\/types\/post"}],"author":[{"embeddable":true,"href":"https:\/\/www.opinionpublica.tv\/portada\/wp-json\/wp\/v2\/users\/6"}],"replies":[{"embeddable":true,"href":"https:\/\/www.opinionpublica.tv\/portada\/wp-json\/wp\/v2\/comments?post=91658"}],"version-history":[{"count":3,"href":"https:\/\/www.opinionpublica.tv\/portada\/wp-json\/wp\/v2\/posts\/91658\/revisions"}],"predecessor-version":[{"id":91664,"href":"https:\/\/www.opinionpublica.tv\/portada\/wp-json\/wp\/v2\/posts\/91658\/revisions\/91664"}],"wp:featuredmedia":[{"embeddable":true,"href":"https:\/\/www.opinionpublica.tv\/portada\/wp-json\/wp\/v2\/media\/91663"}],"wp:attachment":[{"href":"https:\/\/www.opinionpublica.tv\/portada\/wp-json\/wp\/v2\/media?parent=91658"}],"wp:term":[{"taxonomy":"category","embeddable":true,"href":"https:\/\/www.opinionpublica.tv\/portada\/wp-json\/wp\/v2\/categories?post=91658"},{"taxonomy":"post_tag","embeddable":true,"href":"https:\/\/www.opinionpublica.tv\/portada\/wp-json\/wp\/v2\/tags?post=91658"}],"curies":[{"name":"wp","href":"https:\/\/api.w.org\/{rel}","templated":true}]}}