{"id":91629,"date":"2026-08-12T00:01:00","date_gmt":"2026-08-12T06:01:00","guid":{"rendered":"https:\/\/www.opinionpublica.tv\/portada\/?p=91629"},"modified":"2026-08-11T18:08:37","modified_gmt":"2026-08-12T00:08:37","slug":"alistan-gabinete-de-seguridad-para-detectar-narco-candidatos-en-elecciones-2027-uif-realiza-investigaciones-permanentes","status":"publish","type":"post","link":"https:\/\/www.opinionpublica.tv\/portada\/alistan-gabinete-de-seguridad-para-detectar-narco-candidatos-en-elecciones-2027-uif-realiza-investigaciones-permanentes\/","title":{"rendered":"Listo Gabinete de Seguridad contra los narco candidatos en elecciones 2027; UIF realiza investigaci\u00f3n permanente"},"content":{"rendered":"\n<figure class=\"wp-block-image size-full\"><img fetchpriority=\"high\" decoding=\"async\" width=\"800\" height=\"505\" src=\"https:\/\/www.opinionpublica.tv\/portada\/wp-content\/uploads\/2026\/08\/Listo-Gabinete-de-Seguridad-contra-los-narco-candidatos-en-elecciones-2027-UIF-realiza-investigacion-permanente.webp\" alt=\"Listo Gabinete de Seguridad contra los narco candidatos en elecciones 2027; UIF realiza investigacio\u0301n permanente\" class=\"wp-image-91635\" srcset=\"https:\/\/www.opinionpublica.tv\/portada\/wp-content\/uploads\/2026\/08\/Listo-Gabinete-de-Seguridad-contra-los-narco-candidatos-en-elecciones-2027-UIF-realiza-investigacion-permanente.webp 800w, https:\/\/www.opinionpublica.tv\/portada\/wp-content\/uploads\/2026\/08\/Listo-Gabinete-de-Seguridad-contra-los-narco-candidatos-en-elecciones-2027-UIF-realiza-investigacion-permanente-300x189.webp 300w, https:\/\/www.opinionpublica.tv\/portada\/wp-content\/uploads\/2026\/08\/Listo-Gabinete-de-Seguridad-contra-los-narco-candidatos-en-elecciones-2027-UIF-realiza-investigacion-permanente-768x485.webp 768w\" sizes=\"(max-width: 800px) 100vw, 800px\" \/><\/figure>\n\n\n\n<p class=\"wp-block-paragraph\">Rumbo a las elecciones de pr\u00f3ximo a\u00f1o, la presidenta Claudia Sheinbaum Pardo asegur\u00f3 que el gabinete de seguridad ya est\u00e1 preparado para recibir solicitudes sobre supuestos nexos de personas candidatas con el crimen.<\/p>\n\n\n\n<p class=\"wp-block-paragraph\">Sheinbaum Pardo apunt\u00f3 que la Unidad de Inteligencia Financiera (UIF) realiza investigaciones permanentes de alertas que tiene, tanto nacionales como extranjeras, sobre lavado de dinero.<\/p>\n\n\n\n<p class=\"wp-block-paragraph\">En el Sal\u00f3n Tesorer\u00eda record\u00f3 que se modific\u00f3 la ley electoral para que se hiciera una comisi\u00f3n especial del INE para que los partidos pregunten al gabinete de Seguridad y a la Fiscal\u00eda si hay alg\u00fan candidato o candidata que tenga alg\u00fan v\u00ednculo con alg\u00fan grupo delictivo.<\/p>\n\n\n\n<p class=\"wp-block-paragraph\">\u201cHasta la fecha todav\u00eda no se recibe ninguna solicitud, estamos esperando a que inicie el proceso electoral para que pueda ser as\u00ed. Pero el gabinete de Seguridad ya est\u00e1 preparado, ya se determin\u00f3 bajo qu\u00e9 condiciones porque pueden ser miles de casos que tienen que ser investigados\u201d, dijo.<\/p>\n\n\n\n<p class=\"wp-block-paragraph\">\u201cYa se est\u00e1 preparando el gabinete o ya est\u00e1 preparado para poder recibir cualquier solicitud por parte del INE\u201d, coment\u00f3.<\/p>\n\n\n\n<p class=\"wp-block-paragraph\">Se comprometi\u00f3 la mandataria federal tambi\u00e9n a informar sobre los recursos de Genaro Garc\u00eda Luna recuperados, alrededor de 500 mil d\u00f3lares, que ya ingresaron a Tesorer\u00eda.<\/p>\n\n\n\n<p class=\"wp-block-paragraph\"><em>Con informaci\u00f3n de El Universal<\/em>.<\/p>\n","protected":false},"excerpt":{"rendered":"<p>Rumbo a las elecciones de pr\u00f3ximo a\u00f1o, la presidenta Claudia Sheinbaum Pardo asegur\u00f3 que el gabinete de seguridad ya est\u00e1 preparado para recibir solicitudes sobre supuestos nexos de personas candidatas con el crimen. Sheinbaum Pardo apunt\u00f3 que la Unidad de Inteligencia Financiera (UIF) realiza investigaciones permanentes de alertas que tiene, tanto nacionales como extranjeras, sobre [&hellip;]<\/p>\n","protected":false},"author":6,"featured_media":91635,"comment_status":"closed","ping_status":"closed","sticky":false,"template":"","format":"standard","meta":{"_acf_changed":false,"_monsterinsights_skip_tracking":false,"slim_seo":{"title":"Listo Gabinete de Seguridad contra los narco candidatos en elecciones 2027; UIF realiza investigaci\u00f3n permanente - Opini\u00f3n P\u00fablica","description":"Rumbo a las elecciones de pr\u00f3ximo a\u00f1o, la presidenta Claudia Sheinbaum Pardo asegur\u00f3 que el gabinete de seguridad ya est\u00e1 preparado para recibir solicitudes sob"},"footnotes":""},"categories":[3],"tags":[1063,2486,4109],"class_list":["post-91629","post","type-post","status-publish","format-standard","has-post-thumbnail","hentry","category-principal","tag-elecciones-2027","tag-gabinete-de-seguridad-federal","tag-narco-candidatos"],"acf":[],"_links":{"self":[{"href":"https:\/\/www.opinionpublica.tv\/portada\/wp-json\/wp\/v2\/posts\/91629","targetHints":{"allow":["GET"]}}],"collection":[{"href":"https:\/\/www.opinionpublica.tv\/portada\/wp-json\/wp\/v2\/posts"}],"about":[{"href":"https:\/\/www.opinionpublica.tv\/portada\/wp-json\/wp\/v2\/types\/post"}],"author":[{"embeddable":true,"href":"https:\/\/www.opinionpublica.tv\/portada\/wp-json\/wp\/v2\/users\/6"}],"replies":[{"embeddable":true,"href":"https:\/\/www.opinionpublica.tv\/portada\/wp-json\/wp\/v2\/comments?post=91629"}],"version-history":[{"count":4,"href":"https:\/\/www.opinionpublica.tv\/portada\/wp-json\/wp\/v2\/posts\/91629\/revisions"}],"predecessor-version":[{"id":91636,"href":"https:\/\/www.opinionpublica.tv\/portada\/wp-json\/wp\/v2\/posts\/91629\/revisions\/91636"}],"wp:featuredmedia":[{"embeddable":true,"href":"https:\/\/www.opinionpublica.tv\/portada\/wp-json\/wp\/v2\/media\/91635"}],"wp:attachment":[{"href":"https:\/\/www.opinionpublica.tv\/portada\/wp-json\/wp\/v2\/media?parent=91629"}],"wp:term":[{"taxonomy":"category","embeddable":true,"href":"https:\/\/www.opinionpublica.tv\/portada\/wp-json\/wp\/v2\/categories?post=91629"},{"taxonomy":"post_tag","embeddable":true,"href":"https:\/\/www.opinionpublica.tv\/portada\/wp-json\/wp\/v2\/tags?post=91629"}],"curies":[{"name":"wp","href":"https:\/\/api.w.org\/{rel}","templated":true}]}}