{"id":91562,"date":"2026-08-11T00:01:00","date_gmt":"2026-08-11T06:01:00","guid":{"rendered":"https:\/\/www.opinionpublica.tv\/portada\/?p=91562"},"modified":"2026-08-10T17:56:08","modified_gmt":"2026-08-10T23:56:08","slug":"conversaciones","status":"publish","type":"post","link":"https:\/\/www.opinionpublica.tv\/portada\/conversaciones\/","title":{"rendered":"Conversaciones"},"content":{"rendered":"\n<h4 class=\"wp-block-heading\">Ra\u00fal Ruiz<\/h4>\n\n\n\n<p class=\"wp-block-paragraph\">___________________________<\/p>\n\n\n\n<p class=\"wp-block-paragraph\">Antenoche se me ator\u00f3 el tractor.<\/p>\n\n\n\n<p class=\"wp-block-paragraph\">Iba cuesta arriba, muy firme. Abriendo brecha, muy decidido, camino al cielo.<\/p>\n\n\n\n<p class=\"wp-block-paragraph\">El terreno estaba muy llovido y fresco; y dije. Ya me voy. Quien quite y por el camino logro conversar con Dios.<\/p>\n\n\n\n<p class=\"wp-block-paragraph\">\u00a1Cu\u00e1nta humildad la m\u00eda! Ja.<\/p>\n\n\n\n<p class=\"wp-block-paragraph\">Es que ando en un punto existencial en el que no hay mucha claridad.<\/p>\n\n\n\n<p class=\"wp-block-paragraph\">Bueno, pens\u00e1ndolo bien, muy pocas veces en la vida tuve claridad.<\/p>\n\n\n\n<p class=\"wp-block-paragraph\">De hecho, ahora nada de claridad. Todo es bruma.<\/p>\n\n\n\n<p class=\"wp-block-paragraph\">Traigo una bronca directa contra Metalepsis, un tiro cantado. Y mientras no resuelva ese encono, lo dem\u00e1s queda de lado.<\/p>\n\n\n\n<p class=\"wp-block-paragraph\">Pero como dije desde el inicio de esta confrontaci\u00f3n contra el mal\u00e9fico personaje;<\/p>\n\n\n\n<p class=\"wp-block-paragraph\">\u00e9sta no la ganamos sin la voluntad de Dios.<\/p>\n\n\n\n<p class=\"wp-block-paragraph\">Y la vamos a ganar pues desde el principio, se fueron abriendo puertas, caminos.<\/p>\n\n\n\n<p class=\"wp-block-paragraph\">Se fue juntando el personal b\u00e9lico para la lucha.<\/p>\n\n\n\n<p class=\"wp-block-paragraph\">Hay pertrechos, estrategia, t\u00e1cticas y mucho valor.<\/p>\n\n\n\n<p class=\"wp-block-paragraph\">Todo esto, gracias a la conducci\u00f3n de Dios.<\/p>\n\n\n\n<p class=\"wp-block-paragraph\">Pese a tanto apoyo, auxilio, y asistencia, de instituciones y amigos&#8230; Repito, andaba a la baja.<\/p>\n\n\n\n<p class=\"wp-block-paragraph\">Me di cuenta de que lo que consideraba \u00abrecuperaci\u00f3n\u00bb, no existe. Y me puse chiple.<\/p>\n\n\n\n<p class=\"wp-block-paragraph\">Todav\u00eda no hemos tenido el topetazo final. La colisi\u00f3n en la que uno de los dos queda tieso.<\/p>\n\n\n\n<p class=\"wp-block-paragraph\">O a punto de fallecer y es ya cuando entras en esa etapa de recuperaci\u00f3n.<\/p>\n\n\n\n<p class=\"wp-block-paragraph\">Apenas hoy, mi ur\u00f3logo definir\u00e1 la posibilidad de darle killer al ri\u00f1\u00f3n derecho, que es por el momento, la fuente cancer\u00edgena m\u00e1s cabrona que alimenta a Metalepsis, y si todo resulta conforme al plan, entonces s\u00ed podr\u00e9 decir que comienza una etapa de recuperaci\u00f3n.<\/p>\n\n\n\n<p class=\"wp-block-paragraph\">Mientras tanto, buscaba una se\u00f1al protectora.<\/p>\n\n\n\n<p class=\"wp-block-paragraph\">Muchos pensadores se han querido sentar a tomar caf\u00e9, t\u00e9, una chela o un panecillo dulce con chocolatito, con Dios y yo, \u00bfpor qu\u00e9 no?<\/p>\n\n\n\n<p class=\"wp-block-paragraph\">Conozco un libro escrito por Neale Donald Walsch, en el que presenta un di\u00e1logo ficticio o canalizado donde el autor redefine la divinidad como una conciencia de amor universal y co-creaci\u00f3n.<\/p>\n\n\n\n<p class=\"wp-block-paragraph\">Seg\u00fan mi leal saber y entender, no se puede hablar con \u00e9l, es sabido que las tres formas principales de comunicarse con Dios son la oraci\u00f3n, la lectura de la Biblia y el servicio al pr\u00f3jimo.<\/p>\n\n\n\n<p class=\"wp-block-paragraph\">Estas pr\u00e1cticas permiten hablar con \u00c9l, escuchar su gu\u00eda y vivir sus ense\u00f1anzas en el d\u00eda a d\u00eda.<\/p>\n\n\n\n<p class=\"wp-block-paragraph\">Pero mi caso es otro.<\/p>\n\n\n\n<p class=\"wp-block-paragraph\">Yo he vivido poco m\u00e1s de siete d\u00e9cadas y mi conversaci\u00f3n con \u00e9l no ser\u00eda muy amplia.<\/p>\n\n\n\n<p class=\"wp-block-paragraph\">Lo \u00fanico que deseo saber es si me voy o me quedo.<\/p>\n\n\n\n<p class=\"wp-block-paragraph\">Estoy listo para cualquier opci\u00f3n.<\/p>\n\n\n\n<p class=\"wp-block-paragraph\">Porque si me voy, ya he dejado resuelto el despegue, todo listo.<\/p>\n\n\n\n<p class=\"wp-block-paragraph\">Y si me quedo, quiero saber \u00bfpara qu\u00e9? \u00bfa qui\u00e9n voy a ayudar? \u00bfqu\u00e9 plan tiene El para m\u00ed?<\/p>\n\n\n\n<p class=\"wp-block-paragraph\">Traigo para ustedes, mis queridos lectores estas reflexiones pues m\u00e1s que conversaciones, recib\u00ed se\u00f1ales.<\/p>\n\n\n\n<p class=\"wp-block-paragraph\">Por la ma\u00f1ana de ayer que me despert\u00e9, descubr\u00ed mis alforjas llenas de ideas, de personajes de material literario.<\/p>\n\n\n\n<p class=\"wp-block-paragraph\">Si me voy, dejo tres obras inconclusas, pero no siento remordimiento&nbsp; ni pena de irme y queden a la deriva.<\/p>\n\n\n\n<p class=\"wp-block-paragraph\">De todos modos no ser\u00e9 premio Nobel de literatura. Pero, si me quedo, hay mucho jugo por sustraer.<\/p>\n\n\n\n<p class=\"wp-block-paragraph\">RUGY RUGILON. Historias para ni\u00f1os. Con personajes muy atractivos.<\/p>\n\n\n\n<p class=\"wp-block-paragraph\">POPOCATZIN. Superh\u00e9roe mexica. Concepto nacionalista educativo y cultural.<\/p>\n\n\n\n<p class=\"wp-block-paragraph\">POPOCATZIN \u00a1El Video Juego! producto infantil y juvenil enteramente comercial.<\/p>\n\n\n\n<p class=\"wp-block-paragraph\">Apenas abr\u00ed los ojitos y comenzaron a saltar nuevos personajes para la obra de RUGY RUGILON.<\/p>\n\n\n\n<p class=\"wp-block-paragraph\">La obra, aunque inconclusa, funciona con cinco personajes y seis canciones.<\/p>\n\n\n\n<p class=\"wp-block-paragraph\">Ayer, de repente, surgieron seis personajes m\u00e1s y cuatro canciones que tienen que trabajarse.<\/p>\n\n\n\n<p class=\"wp-block-paragraph\">En cosa de una hora, termin\u00e9 de acomodar este material por si hay que esperar el final para otras fechas.<\/p>\n\n\n\n<p class=\"wp-block-paragraph\">Pues de repente, a media ma\u00f1ana, se suelta otra descarga creativa y le marco a mi hermano David Gamboa quien es mi soporte creativo, an\u00edmico, financiero y ahora socio en el proyecto METALEPSIS \u00a1EL VIDEOJUEGO! Producci\u00f3n que realizar\u00edamos con mi hijo Ra\u00fal, pues es ingeniero en comunicaci\u00f3n satelital por la UACJ, con una experiencia de siete a\u00f1os en video juegos.<\/p>\n\n\n\n<p class=\"wp-block-paragraph\">No les hago la historia m\u00e1s larga pues tengo cita con mi ur\u00f3logo quien podr\u00eda sacarme de dudas dependiendo de la lectura de los resultados m\u00e1s recientes de laboratorio y sus observaciones.<\/p>\n\n\n\n<p class=\"wp-block-paragraph\">Tres d\u00edas atr\u00e1s el internista me dijo que estaba listo para la cirug\u00eda del c\u00e1ncer de ri\u00f1\u00f3n.<\/p>\n\n\n\n<p class=\"wp-block-paragraph\">Pue nada, que para las 5 de la tarde David y yo ten\u00edamos ya muy avanzado el proyecto y para las 11 de la noche la construcci\u00f3n de Metalepsis casi terminada.<\/p>\n\n\n\n<p class=\"wp-block-paragraph\">Hasta un veh\u00edculo artillado va a manejar para joder a los enfermos de c\u00e1ncer.<\/p>\n\n\n\n<p class=\"wp-block-paragraph\">Trae un nefasto subordinado que le sirve de asistente, y un ej\u00e9rcito de peque\u00f1os orcos, asquerosos y horripilantes que en nuestras historias, son los encargados de preferir el terrible dolor caracter\u00edstico de la enfermedad.<\/p>\n\n\n\n<p class=\"wp-block-paragraph\">En fin, son se\u00f1ales.<\/p>\n\n\n\n<p class=\"wp-block-paragraph\">Pienso que debo apresurar el paso.<\/p>\n\n\n\n<p class=\"wp-block-paragraph\">Porque&#8230; y que tal que en unos meses m\u00e1s me lleva sin decir \u00a1agua va!<\/p>\n\n\n\n<p class=\"wp-block-paragraph\">Al menos que vaya avanzando la obra.<\/p>\n\n\n\n<p class=\"wp-block-paragraph\">Luego les platico m\u00e1s. Ya viene la ambulancia por m\u00ed para llevarme al consultorio del Dr. Barraza.<\/p>\n\n\n\n<p class=\"wp-block-paragraph\">Abur.<\/p>\n","protected":false},"excerpt":{"rendered":"<p>Ra\u00fal Ruiz ___________________________ Antenoche se me ator\u00f3 el tractor. Iba cuesta arriba, muy firme. Abriendo brecha, muy decidido, camino al cielo. El terreno estaba muy llovido y fresco; y dije. Ya me voy. Quien quite y por el camino logro conversar con Dios. \u00a1Cu\u00e1nta humildad la m\u00eda! Ja. Es que ando en un punto existencial [&hellip;]<\/p>\n","protected":false},"author":6,"featured_media":43347,"comment_status":"closed","ping_status":"closed","sticky":false,"template":"","format":"standard","meta":{"_acf_changed":false,"_monsterinsights_skip_tracking":false,"slim_seo":{"title":"Conversaciones - Opini\u00f3n P\u00fablica","description":"Ra\u00fal Ruiz ___________________________ Antenoche se me ator\u00f3 el tractor. Iba cuesta arriba, muy firme. Abriendo brecha, muy decidido, camino al cielo. El terreno"},"footnotes":""},"categories":[21],"tags":[593,789],"class_list":["post-91562","post","type-post","status-publish","format-standard","has-post-thumbnail","hentry","category-cartapacio","tag-cartapacio","tag-raul-ruiz"],"acf":[],"_links":{"self":[{"href":"https:\/\/www.opinionpublica.tv\/portada\/wp-json\/wp\/v2\/posts\/91562","targetHints":{"allow":["GET"]}}],"collection":[{"href":"https:\/\/www.opinionpublica.tv\/portada\/wp-json\/wp\/v2\/posts"}],"about":[{"href":"https:\/\/www.opinionpublica.tv\/portada\/wp-json\/wp\/v2\/types\/post"}],"author":[{"embeddable":true,"href":"https:\/\/www.opinionpublica.tv\/portada\/wp-json\/wp\/v2\/users\/6"}],"replies":[{"embeddable":true,"href":"https:\/\/www.opinionpublica.tv\/portada\/wp-json\/wp\/v2\/comments?post=91562"}],"version-history":[{"count":1,"href":"https:\/\/www.opinionpublica.tv\/portada\/wp-json\/wp\/v2\/posts\/91562\/revisions"}],"predecessor-version":[{"id":91563,"href":"https:\/\/www.opinionpublica.tv\/portada\/wp-json\/wp\/v2\/posts\/91562\/revisions\/91563"}],"wp:featuredmedia":[{"embeddable":true,"href":"https:\/\/www.opinionpublica.tv\/portada\/wp-json\/wp\/v2\/media\/43347"}],"wp:attachment":[{"href":"https:\/\/www.opinionpublica.tv\/portada\/wp-json\/wp\/v2\/media?parent=91562"}],"wp:term":[{"taxonomy":"category","embeddable":true,"href":"https:\/\/www.opinionpublica.tv\/portada\/wp-json\/wp\/v2\/categories?post=91562"},{"taxonomy":"post_tag","embeddable":true,"href":"https:\/\/www.opinionpublica.tv\/portada\/wp-json\/wp\/v2\/tags?post=91562"}],"curies":[{"name":"wp","href":"https:\/\/api.w.org\/{rel}","templated":true}]}}