{"id":91467,"date":"2026-08-10T00:01:00","date_gmt":"2026-08-10T06:01:00","guid":{"rendered":"https:\/\/www.opinionpublica.tv\/portada\/?p=91467"},"modified":"2026-08-09T14:32:29","modified_gmt":"2026-08-09T20:32:29","slug":"efemerides-10-de-agosto-un-dia-como-hoy-en-la-historia-2","status":"publish","type":"post","link":"https:\/\/www.opinionpublica.tv\/portada\/efemerides-10-de-agosto-un-dia-como-hoy-en-la-historia-2\/","title":{"rendered":"Efem\u00e9rides 10 de agosto | Un d\u00eda como hoy en la historia&#8230;"},"content":{"rendered":"\n<p class=\"wp-block-paragraph\"><em>Un d\u00eda 10 de agosto como hoy, pero de 1897, el investigador alem\u00e1n Felix Hoffman, descubridor del \u00e1cido acetilsalic\u00edlico, registra el producto, componente b\u00e1sico de analg\u00e9sicos que despu\u00e9s se conocer\u00eda como aspirina<\/em>.<\/p>\n\n\n\n<figure class=\"wp-block-image size-large\"><img fetchpriority=\"high\" decoding=\"async\" width=\"1024\" height=\"576\" src=\"https:\/\/www.opinionpublica.tv\/portada\/wp-content\/uploads\/2026\/08\/1897-el-investigador-aleman-Felix-Hoffman-descubridor-del-acido-acetilsalicilico-1024x576.webp\" alt=\"1897, el investigador alema\u0301n Felix Hoffman, descubridor del a\u0301cido acetilsalici\u0301lico\" class=\"wp-image-91468\" srcset=\"https:\/\/www.opinionpublica.tv\/portada\/wp-content\/uploads\/2026\/08\/1897-el-investigador-aleman-Felix-Hoffman-descubridor-del-acido-acetilsalicilico-1024x576.webp 1024w, https:\/\/www.opinionpublica.tv\/portada\/wp-content\/uploads\/2026\/08\/1897-el-investigador-aleman-Felix-Hoffman-descubridor-del-acido-acetilsalicilico-300x169.webp 300w, https:\/\/www.opinionpublica.tv\/portada\/wp-content\/uploads\/2026\/08\/1897-el-investigador-aleman-Felix-Hoffman-descubridor-del-acido-acetilsalicilico-768x432.webp 768w, https:\/\/www.opinionpublica.tv\/portada\/wp-content\/uploads\/2026\/08\/1897-el-investigador-aleman-Felix-Hoffman-descubridor-del-acido-acetilsalicilico-1536x864.webp 1536w, https:\/\/www.opinionpublica.tv\/portada\/wp-content\/uploads\/2026\/08\/1897-el-investigador-aleman-Felix-Hoffman-descubridor-del-acido-acetilsalicilico.webp 1800w\" sizes=\"(max-width: 1024px) 100vw, 1024px\" \/><\/figure>\n\n\n\n<p class=\"wp-block-paragraph\"><strong>Otras efem\u00e9rides<\/strong><\/p>\n\n\n\n<p class=\"wp-block-paragraph\">1557.- Batalla de San Quint\u00edn, en la que tropas espa\u00f1olas vencieron a las francesas y en cuyo recuerdo Felipe II mand\u00f3 construir el Monasterio de El Escorial.<\/p>\n\n\n\n<p class=\"wp-block-paragraph\">1792.- Revoluci\u00f3n Francesa: Constituci\u00f3n de la Comuna de Par\u00eds. Los \u00absans-culottes\u00bb toman las Tuller\u00edas. Cae la monarqu\u00eda.<\/p>\n\n\n\n<p class=\"wp-block-paragraph\">1793.- Inauguraci\u00f3n en Par\u00eds, a orillas del Sena, del Museo Central de las Artes, m\u00e1s tarde llamado Museo del Louvre, que al poco de su apertura se cerr\u00f3 para finalizar las obras y finalmente se reabri\u00f3 el 8 de noviembre.<\/p>\n\n\n\n<p class=\"wp-block-paragraph\">1809.- Primer Grito de Independencia de Ecuador.<\/p>\n\n\n\n<p class=\"wp-block-paragraph\">1819.- Sim\u00f3n Bol\u00edvar entra triunfante con sus tropas en Bogot\u00e1.<\/p>\n\n\n\n<p class=\"wp-block-paragraph\">1836.- Decreto de constituci\u00f3n de los partidos \u00abColorado\u00bb y \u00abBlanco\u00bb, en Uruguay.<\/p>\n\n\n\n<p class=\"wp-block-paragraph\">1906.- P\u00edo X publica la enc\u00edclica \u00abGravissimi Offici\u00bb, contra la ley de separaci\u00f3n de la Iglesia y el Estado en Francia.<\/p>\n\n\n\n<p class=\"wp-block-paragraph\">1920.- Firma del Tratado de Sevres entre Turqu\u00eda y los aliados. El Imperio Otomano pierde las cuatro quintas partes de su territorio.<\/p>\n\n\n\n<p class=\"wp-block-paragraph\">1939.- Estreno mundial en Wisconsin de la pel\u00edcula musical \u00abEl Mago de Oz\u00bb de Victor Fleming protagonizada por Judy Garland.<\/p>\n\n\n\n<p class=\"wp-block-paragraph\">1950.- Estreno en Nueva York del filme de Billy Wilder \u00abEl crep\u00fasculo de los dioses\u00bb protagonizada por Gloria Swanson y William Holden.<\/p>\n\n\n\n<p class=\"wp-block-paragraph\">1962.- En el N\u00famero 15 de \u201cAmazing Fantasy\u201d aparece por primera vez \u201cEl hombre ara\u00f1a\u201d (Spider-Man).<\/p>\n\n\n\n<p class=\"wp-block-paragraph\">1964.- Publicaci\u00f3n de la primera enc\u00edclica del Papa Pablo VI, \u00abEcclesiam Suam\u00bb, sobre la disposici\u00f3n de la Iglesia cat\u00f3lica a dialogar con las dem\u00e1s Iglesias no cristianas.<\/p>\n\n\n\n<p class=\"wp-block-paragraph\">1979.- Michael Jackson publica \u00abOff the Wall\u00bb, quinto \u00e1lbum en solitario y el primero de su nueva etapa como estrella mundial.<\/p>\n\n\n\n<p class=\"wp-block-paragraph\">1984.- El socialcristiano Le\u00f3n Febres Cordero toma de posesi\u00f3n como presidente de Ecuador.<\/p>\n\n\n\n<p class=\"wp-block-paragraph\">1986.- Asesinan al general Arun Vaidda, quien dirigi\u00f3 en 1984 la masacre de entre 600 y 1000 sijs, seg\u00fan distintas fuentes, en el Templo Dorado en Amritsar.<\/p>\n\n\n\n<p class=\"wp-block-paragraph\">1994.- El presidente dominicano, Joaqu\u00edn Balaguer, y el l\u00edder de la oposici\u00f3n, Jos\u00e9 Francisco Pe\u00f1a G\u00f3mez, firman el Pacto por la Democracia para solucionar la crisis pol\u00edtica.<\/p>\n\n\n\n<p class=\"wp-block-paragraph\">1996.- Abdal\u00e1 Bucaram jura como presidente de Ecuador.<\/p>\n\n\n\n<p class=\"wp-block-paragraph\">2004.- La Corte Suprema chilena rechaza la reapertura del proceso por el asesinato en 1976 del diplom\u00e1tico espa\u00f1ol Carmelo Soria.<\/p>\n\n\n\n<p class=\"wp-block-paragraph\">2018.- Colombia se retira de la Uni\u00f3n de Naciones Suramericanas (Unasur) por haberse convertido en \u00abc\u00f3mplice de la dictadura venezolana\u00bb.<\/p>\n\n\n\n<p class=\"wp-block-paragraph\">2019.- El financiero estadounidense Jeffrey Epstein, acusado de abusos y explotaci\u00f3n sexual de menores, es hallado ahorcado en su celda de una c\u00e1rcel federal en Nueva York.<\/p>\n\n\n\n<p class=\"wp-block-paragraph\">2021.- Dimite el Gobernador de Nueva York, Andrew Cuomo, tras reconocer que cometi\u00f3 acoso sexual hacia una mujer que trabajaba en su oficina.<\/p>\n\n\n\n<p class=\"wp-block-paragraph\">2020.- La polic\u00eda de M\u00e9xico captura a H\u00e9ctor Rodolfo N, cabecilla del grupo criminal los Rodolfos y uno de los principales generadores de violencia en la ciudad.<\/p>\n\n\n\n<p class=\"wp-block-paragraph\">2023.- En Ecuador, matan a tiros al candidato presidencial Fernando Villavicencio tras un mitin.<\/p>\n\n\n\n<p class=\"wp-block-paragraph\"><strong>Nacimientos<\/strong><\/p>\n\n\n\n<p class=\"wp-block-paragraph\">1823.- Antonio Gon\u00e7alves D\u00edas, poeta brasile\u00f1o.<\/p>\n\n\n\n<p class=\"wp-block-paragraph\">1883.- Carlos Lav\u00edn Acevedo, music\u00f3logo y compositor chileno.<\/p>\n\n\n\n<p class=\"wp-block-paragraph\">1912.- Jorge Amado, escritor brasile\u00f1o.<\/p>\n\n\n\n<p class=\"wp-block-paragraph\">1923.- Rhonda Fleming, actriz estadounidense.<\/p>\n\n\n\n<p class=\"wp-block-paragraph\">1928.- Eddie Fisher, cantante y productor, estadounidense.<\/p>\n\n\n\n<p class=\"wp-block-paragraph\">1951.- Juan Manuel Santos, expresidente de Colombia.<\/p>\n\n\n\n<p class=\"wp-block-paragraph\">1959.- Rosanna Arquette, actriz estadounidense.<\/p>\n\n\n\n<p class=\"wp-block-paragraph\">1960.- Antonio Banderas, actor espa\u00f1ol.<\/p>\n\n\n\n<p class=\"wp-block-paragraph\"><strong>Defunciones<\/strong><\/p>\n\n\n\n<p class=\"wp-block-paragraph\">1814.- Henri Nestl\u00e9, empresario alem\u00e1n fundador de la compa\u00f1\u00eda de chocolates.<\/p>\n\n\n\n<p class=\"wp-block-paragraph\">1904.- Pierre Waldeck-Rousseau, pol\u00edtico franc\u00e9s.<\/p>\n\n\n\n<p class=\"wp-block-paragraph\">1923.- Joaqu\u00edn Sorolla, pintor espa\u00f1ol.<\/p>\n\n\n\n<p class=\"wp-block-paragraph\">1945.- Robert H. Goddard, pionero estadounidense de la astron\u00e1utica.<\/p>\n\n\n\n<p class=\"wp-block-paragraph\">1988.- Arnulfo Arias, pol\u00edtico paname\u00f1o.<\/p>\n\n\n\n<p class=\"wp-block-paragraph\">1995.- Luis Procuna, torero mexicano.<\/p>\n\n\n\n<p class=\"wp-block-paragraph\">2008.- Isaac Hayes, cantante y compositor estadounidense.<\/p>\n\n\n\n<p class=\"wp-block-paragraph\">2010.- Armando Robles Godoy, cineasta peruano.<\/p>\n\n\n\n<p class=\"wp-block-paragraph\">2021.- Maki Kaji, publicista japon\u00e9s conocido como \u00abel padrino de los sudokus\u00bb.<\/p>\n","protected":false},"excerpt":{"rendered":"<p>Un d\u00eda 10 de agosto como hoy, pero de 1897, el investigador alem\u00e1n Felix Hoffman, descubridor del \u00e1cido acetilsalic\u00edlico, registra el producto, componente b\u00e1sico de analg\u00e9sicos que despu\u00e9s se conocer\u00eda como aspirina. Otras efem\u00e9rides 1557.- Batalla de San Quint\u00edn, en la que tropas espa\u00f1olas vencieron a las francesas y en cuyo recuerdo Felipe II mand\u00f3 [&hellip;]<\/p>\n","protected":false},"author":6,"featured_media":91468,"comment_status":"closed","ping_status":"closed","sticky":false,"template":"","format":"standard","meta":{"_acf_changed":false,"_monsterinsights_skip_tracking":false,"slim_seo":{"title":"Efem\u00e9rides 10 de agosto | Un d\u00eda como hoy en la historia... - Opini\u00f3n P\u00fablica","description":"Un d\u00eda 10 de agosto como hoy, pero de 1897, el investigador alem\u00e1n Felix Hoffman, descubridor del \u00e1cido acetilsalic\u00edlico, registra el producto, componente b\u00e1sic"},"footnotes":""},"categories":[27],"tags":[4198,4197],"class_list":["post-91467","post","type-post","status-publish","format-standard","has-post-thumbnail","hentry","category-un-dia-como-hoy","tag-efemerides-10-de-agosto","tag-felix-hoffman-aspirina"],"acf":[],"_links":{"self":[{"href":"https:\/\/www.opinionpublica.tv\/portada\/wp-json\/wp\/v2\/posts\/91467","targetHints":{"allow":["GET"]}}],"collection":[{"href":"https:\/\/www.opinionpublica.tv\/portada\/wp-json\/wp\/v2\/posts"}],"about":[{"href":"https:\/\/www.opinionpublica.tv\/portada\/wp-json\/wp\/v2\/types\/post"}],"author":[{"embeddable":true,"href":"https:\/\/www.opinionpublica.tv\/portada\/wp-json\/wp\/v2\/users\/6"}],"replies":[{"embeddable":true,"href":"https:\/\/www.opinionpublica.tv\/portada\/wp-json\/wp\/v2\/comments?post=91467"}],"version-history":[{"count":1,"href":"https:\/\/www.opinionpublica.tv\/portada\/wp-json\/wp\/v2\/posts\/91467\/revisions"}],"predecessor-version":[{"id":91469,"href":"https:\/\/www.opinionpublica.tv\/portada\/wp-json\/wp\/v2\/posts\/91467\/revisions\/91469"}],"wp:featuredmedia":[{"embeddable":true,"href":"https:\/\/www.opinionpublica.tv\/portada\/wp-json\/wp\/v2\/media\/91468"}],"wp:attachment":[{"href":"https:\/\/www.opinionpublica.tv\/portada\/wp-json\/wp\/v2\/media?parent=91467"}],"wp:term":[{"taxonomy":"category","embeddable":true,"href":"https:\/\/www.opinionpublica.tv\/portada\/wp-json\/wp\/v2\/categories?post=91467"},{"taxonomy":"post_tag","embeddable":true,"href":"https:\/\/www.opinionpublica.tv\/portada\/wp-json\/wp\/v2\/tags?post=91467"}],"curies":[{"name":"wp","href":"https:\/\/api.w.org\/{rel}","templated":true}]}}