{"id":91355,"date":"2026-08-08T00:01:00","date_gmt":"2026-08-08T06:01:00","guid":{"rendered":"https:\/\/www.opinionpublica.tv\/portada\/?p=91355"},"modified":"2026-08-07T17:10:50","modified_gmt":"2026-08-07T23:10:50","slug":"juristas-y-ex-magistrados-alertan-riesgo-de-censura-rumbo-a-elecciones-de-2027","status":"publish","type":"post","link":"https:\/\/www.opinionpublica.tv\/portada\/juristas-y-ex-magistrados-alertan-riesgo-de-censura-rumbo-a-elecciones-de-2027\/","title":{"rendered":"Juristas y ex magistrados alertan riesgo de censura rumbo a elecciones de 2027"},"content":{"rendered":"\n<figure class=\"wp-block-image size-large\"><img fetchpriority=\"high\" decoding=\"async\" width=\"1024\" height=\"631\" src=\"https:\/\/www.opinionpublica.tv\/portada\/wp-content\/uploads\/2026\/08\/Juristas-y-ex-magistrados-alertan-riesgo-de-censura-rumbo-a-elecciones-de-2027-1024x631.avif\" alt=\"Juristas y ex magistrados alertan riesgo de censura rumbo a elecciones de\" class=\"wp-image-91358\" srcset=\"https:\/\/www.opinionpublica.tv\/portada\/wp-content\/uploads\/2026\/08\/Juristas-y-ex-magistrados-alertan-riesgo-de-censura-rumbo-a-elecciones-de-2027-1024x631.avif 1024w, https:\/\/www.opinionpublica.tv\/portada\/wp-content\/uploads\/2026\/08\/Juristas-y-ex-magistrados-alertan-riesgo-de-censura-rumbo-a-elecciones-de-2027-300x185.avif 300w, https:\/\/www.opinionpublica.tv\/portada\/wp-content\/uploads\/2026\/08\/Juristas-y-ex-magistrados-alertan-riesgo-de-censura-rumbo-a-elecciones-de-2027-768x473.avif 768w, https:\/\/www.opinionpublica.tv\/portada\/wp-content\/uploads\/2026\/08\/Juristas-y-ex-magistrados-alertan-riesgo-de-censura-rumbo-a-elecciones-de-2027.avif 1081w\" sizes=\"(max-width: 1024px) 100vw, 1024px\" \/><\/figure>\n\n\n\n<p class=\"wp-block-paragraph\"><em>Ciudad de M\u00e9xico<\/em>.- Juristas, ex magistrados y especialistas agrupados en el Centro de Estudios para un Proyecto Nacional Alternativo (CEPNA) advirtieron que la propuesta de \u201cLineamientos Generales para la Protecci\u00f3n de los Derechos de las Audiencias\u201d, elaborada por la Comisi\u00f3n Reguladora de Telecomunicaciones, podr\u00eda derivar en censura y autocensura en radio y televisi\u00f3n, con efectos sobre el debate p\u00fablico y el proceso electoral 2026-2027.<\/p>\n\n\n\n<p class=\"wp-block-paragraph\">En el posicionamiento \u201cLibertad de Expresi\u00f3n y Proceso Electoral 2026-2027. Sin debate libre no hay elecciones libres\u201d, los firmantes reconocieron que la propuesta contiene medidas necesarias en materia de accesibilidad y fortalecimiento de los derechos de las audiencias. Sin embargo, se\u00f1alaron que permitir que el gobierno determine qu\u00e9 constituye informaci\u00f3n, opini\u00f3n o tratamiento noticioso, adem\u00e1s de imponer sanciones a los concesionarios, representa un riesgo para la libertad de expresi\u00f3n.<\/p>\n\n\n\n<p class=\"wp-block-paragraph\">\u201cAlertamos sobre el inevitable efecto negativo de esos lineamientos en el debate pol\u00edtico diario y durante los procesos electorales\u201d, se\u00f1alaron.<\/p>\n\n\n\n<p class=\"wp-block-paragraph\">El documento sostiene que la libertad de expresi\u00f3n constituye una condici\u00f3n indispensable para la democracia y recuerda que la Corte Interamericana de Derechos Humanos la ha definido como una \u201cpiedra angular\u201d de toda sociedad democr\u00e1tica, al permitir la existencia de una opini\u00f3n p\u00fablica informada y de una ciudadan\u00eda capaz de contrastar ideas, ejercer la cr\u00edtica y tomar decisiones libres.<\/p>\n\n\n\n<p class=\"wp-block-paragraph\">Los integrantes del CEPNA afirmaron que ninguna elecci\u00f3n puede considerarse aut\u00e9ntica cuando la conversaci\u00f3n p\u00fablica se desarrolla bajo la amenaza de sanciones o en un entorno que incentive la autocensura preventiva por parte de medios de comunicaci\u00f3n y concesionarios.<\/p>\n\n\n\n<p class=\"wp-block-paragraph\">Asimismo, recordaron que desde la reforma de 2024 advirtieron sobre los riesgos de trasladar las facultades de protecci\u00f3n de los derechos de las audiencias a una dependencia gubernamental, en sustituci\u00f3n de un organismo aut\u00f3nomo, al considerar que ello podr\u00eda convertir al gobierno en \u00e1rbitro de los contenidos informativos y del debate p\u00fablico.<\/p>\n\n\n\n<p class=\"wp-block-paragraph\">Firmantes rechazan \u201cregulaci\u00f3n elaborada unilateralmente\u201d por el gobierno<\/p>\n\n\n\n<p class=\"wp-block-paragraph\">Los firmantes se\u00f1alaron que la legislaci\u00f3n electoral vigente otorga al Instituto Nacional Electoral (INE) la administraci\u00f3n de los tiempos de radio y televisi\u00f3n durante los procesos electorales, mientras que el Tribunal Electoral del Poder Judicial de la Federaci\u00f3n (TEPJF) ejerce el control de constitucionalidad y legalidad en la materia, precisamente para evitar que el gobierno intervenga en la valoraci\u00f3n del ejercicio de la libertad de expresi\u00f3n durante las contiendas pol\u00edticas.<\/p>\n\n\n\n<p class=\"wp-block-paragraph\">Advirtieron que una regulaci\u00f3n elaborada unilateralmente por una dependencia gubernamental podr\u00eda convertirse en un mecanismo de presi\u00f3n sobre concesionarios de radio y televisi\u00f3n y limitar el ejercicio pleno de la libertad de expresi\u00f3n, con el riesgo de extender sus efectos a medios impresos y digitales.<\/p>\n\n\n\n<p class=\"wp-block-paragraph\">Por ello, exigieron que la consulta p\u00fablica sobre los lineamientos sea efectiva y que las autoridades atiendan las observaciones formuladas por periodistas, acad\u00e9micos, juristas, especialistas y representantes de la industria de la radiodifusi\u00f3n, a fin de preservar la libertad de expresi\u00f3n y el derecho a la informaci\u00f3n durante el pr\u00f3ximo proceso electoral.<\/p>\n\n\n\n<p class=\"wp-block-paragraph\">El posicionamiento fue suscrito por Jorge Alcocer Villanueva, coordinador general del CEPNA; Jos\u00e9 Ram\u00f3n Coss\u00edo D\u00edaz, ministro en retiro de la Suprema Corte de Justicia de la Naci\u00f3n; Diego Valad\u00e9s R\u00edos, investigador em\u00e9rito de la UNAM y ex procurador general de la Rep\u00fablica; Jes\u00fas Orozco Henr\u00edquez, exmagistrado de la Sala Superior del Tribunal Electoral del Poder Judicial de la Federaci\u00f3n; Morelos Canseco G\u00f3mez, exsubsecretario de Gobierno de la Secretar\u00eda de Gobernaci\u00f3n; Fern\u00e1n Gonz\u00e1lez de Castilla del Valle, exembajador de M\u00e9xico; as\u00ed como Elba Arjona, Mariana Calder\u00f3n, Natalia Reyes Heroles y Alma Zamora.<\/p>\n\n\n\n<p class=\"wp-block-paragraph\"><em>Con informaci\u00f3n de El Universal<\/em>.<\/p>\n","protected":false},"excerpt":{"rendered":"<p>Ciudad de M\u00e9xico.- Juristas, ex magistrados y especialistas agrupados en el Centro de Estudios para un Proyecto Nacional Alternativo (CEPNA) advirtieron que la propuesta de \u201cLineamientos Generales para la Protecci\u00f3n de los Derechos de las Audiencias\u201d, elaborada por la Comisi\u00f3n Reguladora de Telecomunicaciones, podr\u00eda derivar en censura y autocensura en radio y televisi\u00f3n, con efectos [&hellip;]<\/p>\n","protected":false},"author":6,"featured_media":91358,"comment_status":"closed","ping_status":"closed","sticky":false,"template":"","format":"standard","meta":{"_acf_changed":false,"_monsterinsights_skip_tracking":false,"slim_seo":{"title":"Juristas y ex magistrados alertan riesgo de censura rumbo a elecciones de 2027 - Opini\u00f3n P\u00fablica","description":"Ciudad de M\u00e9xico .- Juristas, ex magistrados y especialistas agrupados en el Centro de Estudios para un Proyecto Nacional Alternativo (CEPNA) advirtieron que la"},"footnotes":""},"categories":[4],"tags":[410,1063],"class_list":["post-91355","post","type-post","status-publish","format-standard","has-post-thumbnail","hentry","category-pulsopolitico","tag-censura","tag-elecciones-2027"],"acf":[],"_links":{"self":[{"href":"https:\/\/www.opinionpublica.tv\/portada\/wp-json\/wp\/v2\/posts\/91355","targetHints":{"allow":["GET"]}}],"collection":[{"href":"https:\/\/www.opinionpublica.tv\/portada\/wp-json\/wp\/v2\/posts"}],"about":[{"href":"https:\/\/www.opinionpublica.tv\/portada\/wp-json\/wp\/v2\/types\/post"}],"author":[{"embeddable":true,"href":"https:\/\/www.opinionpublica.tv\/portada\/wp-json\/wp\/v2\/users\/6"}],"replies":[{"embeddable":true,"href":"https:\/\/www.opinionpublica.tv\/portada\/wp-json\/wp\/v2\/comments?post=91355"}],"version-history":[{"count":2,"href":"https:\/\/www.opinionpublica.tv\/portada\/wp-json\/wp\/v2\/posts\/91355\/revisions"}],"predecessor-version":[{"id":91359,"href":"https:\/\/www.opinionpublica.tv\/portada\/wp-json\/wp\/v2\/posts\/91355\/revisions\/91359"}],"wp:featuredmedia":[{"embeddable":true,"href":"https:\/\/www.opinionpublica.tv\/portada\/wp-json\/wp\/v2\/media\/91358"}],"wp:attachment":[{"href":"https:\/\/www.opinionpublica.tv\/portada\/wp-json\/wp\/v2\/media?parent=91355"}],"wp:term":[{"taxonomy":"category","embeddable":true,"href":"https:\/\/www.opinionpublica.tv\/portada\/wp-json\/wp\/v2\/categories?post=91355"},{"taxonomy":"post_tag","embeddable":true,"href":"https:\/\/www.opinionpublica.tv\/portada\/wp-json\/wp\/v2\/tags?post=91355"}],"curies":[{"name":"wp","href":"https:\/\/api.w.org\/{rel}","templated":true}]}}