{"id":91328,"date":"2026-08-08T00:01:00","date_gmt":"2026-08-08T06:01:00","guid":{"rendered":"https:\/\/www.opinionpublica.tv\/portada\/?p=91328"},"modified":"2026-08-07T15:10:29","modified_gmt":"2026-08-07T21:10:29","slug":"efemerides-8-de-agosto-un-dia-como-hoy-en-la-historia-2","status":"publish","type":"post","link":"https:\/\/www.opinionpublica.tv\/portada\/efemerides-8-de-agosto-un-dia-como-hoy-en-la-historia-2\/","title":{"rendered":"Efem\u00e9rides 8 de agosto | Un d\u00eda como hoy en la historia&#8230;"},"content":{"rendered":"\n<p class=\"wp-block-paragraph\"><em>Un d\u00eda 8 de agosto como hoy, pero de 1974, el presidente de Estados Unidos Richard Nixon anuncia su dimisi\u00f3n, con efecto al d\u00eda siguiente, tras descubrirse el espionaje en las oficinas del Partido Dem\u00f3crata por parte de funcionarios de la Casa Blanca, en el esc\u00e1ndalo conocido como &#8216;Watergate&#8217;, nombre del lujoso complejo de apartamentos y oficinas de Washington D.C. donde se hallaba la sede dem\u00f3crata<\/em>.<\/p>\n\n\n\n<figure class=\"wp-block-image size-full\"><img fetchpriority=\"high\" decoding=\"async\" width=\"800\" height=\"554\" src=\"https:\/\/www.opinionpublica.tv\/portada\/wp-content\/uploads\/2026\/08\/1974-el-presidente-de-Estados-Unidos-Richard-Nixon-anuncia-su-dimision.webp\" alt=\"1974, el presidente de Estados Unidos Richard Nixon anuncia su dimisio\u0301n\" class=\"wp-image-91329\" srcset=\"https:\/\/www.opinionpublica.tv\/portada\/wp-content\/uploads\/2026\/08\/1974-el-presidente-de-Estados-Unidos-Richard-Nixon-anuncia-su-dimision.webp 800w, https:\/\/www.opinionpublica.tv\/portada\/wp-content\/uploads\/2026\/08\/1974-el-presidente-de-Estados-Unidos-Richard-Nixon-anuncia-su-dimision-300x208.webp 300w, https:\/\/www.opinionpublica.tv\/portada\/wp-content\/uploads\/2026\/08\/1974-el-presidente-de-Estados-Unidos-Richard-Nixon-anuncia-su-dimision-768x532.webp 768w\" sizes=\"(max-width: 800px) 100vw, 800px\" \/><\/figure>\n\n\n\n<p class=\"wp-block-paragraph\"><strong>Otras efem\u00e9rides<\/strong><\/p>\n\n\n\n<p class=\"wp-block-paragraph\">1508.- El explorador espa\u00f1ol Juan Ponce de Le\u00f3n funda Caparra, el primer asentamiento europeo en Puerto Rico.<\/p>\n\n\n\n<p class=\"wp-block-paragraph\">1588.- Culmina el desastre de la &#8216;Armada Invencible&#8217; enviada por Felipe II contra Inglaterra tras ser atacada por brulotes de la armada inglesa.<\/p>\n\n\n\n<p class=\"wp-block-paragraph\">1774.- El explorador espa\u00f1ol Juan P\u00e9rez descubre a bordo de la fragata &#8216;Santiago&#8217; la costa occidental de Canad\u00e1 y la isla Quadra, hoy Vancouver.<\/p>\n\n\n\n<p class=\"wp-block-paragraph\">1776.- Carlos III fecha en San Ildefonso la Real C\u00e9dula de creaci\u00f3n del virreinato del R\u00edo de la Plata, actual Argentina.<\/p>\n\n\n\n<p class=\"wp-block-paragraph\">1779.- Una erupci\u00f3n del Vesubio destruye la ciudad italiana de Ottajano.<\/p>\n\n\n\n<p class=\"wp-block-paragraph\">1876.- Thomas Edison obtiene la patente de impresi\u00f3n autogr\u00e1fica.<\/p>\n\n\n\n<p class=\"wp-block-paragraph\">1908.- Los aviadores y hermanos Wright (EE.UU.) surcan por primera vez el espacio a\u00e9reo europeo en el hip\u00f3dromo de Hunaudieres (Francia).<\/p>\n\n\n\n<p class=\"wp-block-paragraph\">1912.- Explosi\u00f3n de gris\u00fa en una mina de carb\u00f3n de Bochun (Alemania): 320 muertos.<\/p>\n\n\n\n<p class=\"wp-block-paragraph\">1925.- M\u00e1s de cincuenta mil miembros del Ku Klux Klan protagonizan una marcha en Washington desde el Capitolio hasta el Monumento a George Washington.<\/p>\n\n\n\n<p class=\"wp-block-paragraph\">1929.- Estalla un movimiento revolucionario en Colombia, y graves des\u00f3rdenes en Cartagena y Tolima.<\/p>\n\n\n\n<p class=\"wp-block-paragraph\">1931.- Estalla en Cuba una revuelta contra la dictadura del general Machado. Se registraron violentas luchas durante dos semanas que ocasionaron numerosos muertos.<\/p>\n\n\n\n<p class=\"wp-block-paragraph\">1945.- II Guerra Mundial: La URSS declara la guerra a Jap\u00f3n.<\/p>\n\n\n\n<p class=\"wp-block-paragraph\">1951.- Un incendio destruye en San Salvador la Catedral y el Teatro Nacional.<\/p>\n\n\n\n<p class=\"wp-block-paragraph\">1955.- Fidel Castro forma el \u00abMovimiento 26 de julio\u00bb, una organizaci\u00f3n revolucionaria de vanguardia cubana.<\/p>\n\n\n\n<p class=\"wp-block-paragraph\">1963.- Un grupo organizado asalta el tren de Glasgow-Londres y se apodera de 2 mil 631 millones de libras esterlinas.<\/p>\n\n\n\n<p class=\"wp-block-paragraph\">1966.- El Comit\u00e9 Central chino aprueba la \u00abDecisi\u00f3n sobre la Gran Revoluci\u00f3n Cultural Proletaria\u00bb con lo que estalla el denominado agosto rojo de Pek\u00edn y el \u00abterror rojo\u00bb.<\/p>\n\n\n\n<p class=\"wp-block-paragraph\">1967.- Fundada en Bangkok la ASEAN (Asociaci\u00f3n de Naciones del Sureste Asi\u00e1tico).<\/p>\n\n\n\n<p class=\"wp-block-paragraph\">1967.- Es fundado en Asunci\u00f3n (Paraguay) el diario ABC Color, que ser\u00e1 perseguido y clausurado durante la dictadura del general Stroessner<\/p>\n\n\n\n<p class=\"wp-block-paragraph\">1979.- El presidente iraqu\u00ed, Sadam Hussein, ejecuta a 22 opositores bajo el pretexto de querer derrocarle.<\/p>\n\n\n\n<p class=\"wp-block-paragraph\">1983.- Golpe de Estado en Guatemala: El ministro de Defensa, Oscar Mej\u00eda V\u00edctores, se hace con el poder y sustituye al general Efrain R\u00edos Montt.<\/p>\n\n\n\n<p class=\"wp-block-paragraph\">1988.- La ONU anuncia un alto el fuego entre Ir\u00e1n e Irak tras ocho a\u00f1os de guerra.<\/p>\n\n\n\n<p class=\"wp-block-paragraph\">2000.- Augusto Pinochet pierde su inmunidad parlamentaria por decisi\u00f3n de la Corte Suprema de Chile y queda expuesto a ser procesado por violaciones de los derechos humanos ocurridas en su dictadura durante 17 a\u00f1os.<\/p>\n\n\n\n<p class=\"wp-block-paragraph\">2001.- La NASA logra, despu\u00e9s de cinco intentos fallidos, lanzar al espacio la sonda G\u00e9nesis, con la misi\u00f3n de mostrar el viento solar y el material que form\u00f3 los planetas.<\/p>\n\n\n\n<p class=\"wp-block-paragraph\">2005.- La polic\u00eda argentina detiene al serbio Milan Lukic, inculpado por el Tribunal de La Haya por cr\u00edmenes en Bosnia.<\/p>\n\n\n\n<p class=\"wp-block-paragraph\">2010.- Aludes de lodo y roca, provocados por lluvias torrenciales, sepultan la comarca china de Zhouqu, en la provincia de Gansu, y dejan 1.435 muertos.<\/p>\n\n\n\n<p class=\"wp-block-paragraph\">2016.- Estados Unidos publica m\u00e1s de mil documentos in\u00e9ditos sobre la \u00abguerra sucia\u00bb durante la dictadura en Argentina (1976-1983).<\/p>\n\n\n\n<p class=\"wp-block-paragraph\">2016.- EE.UU. publica m\u00e1s de mil documentos in\u00e9ditos sobre la \u00abguerra sucia\u00bb durante la dictadura en Argentina.<\/p>\n\n\n\n<p class=\"wp-block-paragraph\">2018.- Colombia reconoce a Palestina como un \u00abEstado libre, independiente y soberano\u00bb.<\/p>\n\n\n\n<p class=\"wp-block-paragraph\">2019.- A partir del rechazo a la Ley de aborto en Argentina el a\u00f1o anterior, comienza a celebrarse el D\u00eda Internacional de Acci\u00f3n por las Dos Vidas en ciudades de toda Iberoam\u00e9rica.<\/p>\n\n\n\n<p class=\"wp-block-paragraph\"><strong>Nacimientos<\/strong><\/p>\n\n\n\n<p class=\"wp-block-paragraph\">1879.- Emiliano Zapata, revolucionario mexicano.<\/p>\n\n\n\n<p class=\"wp-block-paragraph\">1919.- Dino de Laurentis, productor de cine italiano.<\/p>\n\n\n\n<p class=\"wp-block-paragraph\">1921.- Esther Williams, actriz y nadadora estadounidense.<\/p>\n\n\n\n<p class=\"wp-block-paragraph\">1929.- Jos\u00e9 Luis Borau, cineasta espa\u00f1ol.<\/p>\n\n\n\n<p class=\"wp-block-paragraph\">1937.- Jorge Cafrune, cantante argentino.<\/p>\n\n\n\n<p class=\"wp-block-paragraph\">1937.- Dustin Hoffman, actor estadounidense.<\/p>\n\n\n\n<p class=\"wp-block-paragraph\">1956.- Cecilia Roth, actriz argentina.<\/p>\n\n\n\n<p class=\"wp-block-paragraph\"><strong>Defunciones<\/strong><\/p>\n\n\n\n<p class=\"wp-block-paragraph\">1588.- Alonso S\u00e1nchez Coello, pintor espa\u00f1ol.<\/p>\n\n\n\n<p class=\"wp-block-paragraph\">1985.- Louise Brooks, actriz y escritora estadounidense.<\/p>\n\n\n\n<p class=\"wp-block-paragraph\">1988.- Robert Ricci, empresario franc\u00e9s de Alta Costura.<\/p>\n\n\n\n<p class=\"wp-block-paragraph\">2006.- Gustavo Arcos, disidente cubano.<\/p>\n\n\n\n<p class=\"wp-block-paragraph\">2017.- Jorge Zorreguieta, pol\u00edtico argentino, padre de la reina M\u00e1xima de Holanda.<\/p>\n\n\n\n<p class=\"wp-block-paragraph\">2020.- Pere Casald\u00e0liga, obispo espa\u00f1ol, defensor de los derechos de los ind\u00edgenas.<\/p>\n\n\n\n<p class=\"wp-block-paragraph\">2022.- Olivia Newton-John, cantante y actriz estadounidense.<\/p>\n","protected":false},"excerpt":{"rendered":"<p>Un d\u00eda 8 de agosto como hoy, pero de 1974, el presidente de Estados Unidos Richard Nixon anuncia su dimisi\u00f3n, con efecto al d\u00eda siguiente, tras descubrirse el espionaje en las oficinas del Partido Dem\u00f3crata por parte de funcionarios de la Casa Blanca, en el esc\u00e1ndalo conocido como &#8216;Watergate&#8217;, nombre del lujoso complejo de apartamentos [&hellip;]<\/p>\n","protected":false},"author":6,"featured_media":91329,"comment_status":"closed","ping_status":"closed","sticky":false,"template":"","format":"standard","meta":{"_acf_changed":false,"_monsterinsights_skip_tracking":false,"slim_seo":{"title":"Efem\u00e9rides 8 de agosto | Un d\u00eda como hoy en la historia... - Opini\u00f3n P\u00fablica","description":"Un d\u00eda 8 de agosto como hoy, pero de 1974, el presidente de Estados Unidos Richard Nixon anuncia su dimisi\u00f3n, con efecto al d\u00eda siguiente, tras descubrirse el e"},"footnotes":""},"categories":[27],"tags":[4178,4179,3297],"class_list":["post-91328","post","type-post","status-publish","format-standard","has-post-thumbnail","hentry","category-un-dia-como-hoy","tag-efemerides-8-de-agosto","tag-richard-nixon","tag-watergate"],"acf":[],"_links":{"self":[{"href":"https:\/\/www.opinionpublica.tv\/portada\/wp-json\/wp\/v2\/posts\/91328","targetHints":{"allow":["GET"]}}],"collection":[{"href":"https:\/\/www.opinionpublica.tv\/portada\/wp-json\/wp\/v2\/posts"}],"about":[{"href":"https:\/\/www.opinionpublica.tv\/portada\/wp-json\/wp\/v2\/types\/post"}],"author":[{"embeddable":true,"href":"https:\/\/www.opinionpublica.tv\/portada\/wp-json\/wp\/v2\/users\/6"}],"replies":[{"embeddable":true,"href":"https:\/\/www.opinionpublica.tv\/portada\/wp-json\/wp\/v2\/comments?post=91328"}],"version-history":[{"count":1,"href":"https:\/\/www.opinionpublica.tv\/portada\/wp-json\/wp\/v2\/posts\/91328\/revisions"}],"predecessor-version":[{"id":91330,"href":"https:\/\/www.opinionpublica.tv\/portada\/wp-json\/wp\/v2\/posts\/91328\/revisions\/91330"}],"wp:featuredmedia":[{"embeddable":true,"href":"https:\/\/www.opinionpublica.tv\/portada\/wp-json\/wp\/v2\/media\/91329"}],"wp:attachment":[{"href":"https:\/\/www.opinionpublica.tv\/portada\/wp-json\/wp\/v2\/media?parent=91328"}],"wp:term":[{"taxonomy":"category","embeddable":true,"href":"https:\/\/www.opinionpublica.tv\/portada\/wp-json\/wp\/v2\/categories?post=91328"},{"taxonomy":"post_tag","embeddable":true,"href":"https:\/\/www.opinionpublica.tv\/portada\/wp-json\/wp\/v2\/tags?post=91328"}],"curies":[{"name":"wp","href":"https:\/\/api.w.org\/{rel}","templated":true}]}}