{"id":91278,"date":"2026-08-07T00:01:00","date_gmt":"2026-08-07T06:01:00","guid":{"rendered":"https:\/\/www.opinionpublica.tv\/portada\/?p=91278"},"modified":"2026-08-06T16:42:38","modified_gmt":"2026-08-06T22:42:38","slug":"banxico-mantiene-por-segunda-vez-consecutiva-su-tasa-de-interes-en-6-50-mantiene-el-nivel-igual-que-la-fed","status":"publish","type":"post","link":"https:\/\/www.opinionpublica.tv\/portada\/banxico-mantiene-por-segunda-vez-consecutiva-su-tasa-de-interes-en-6-50-mantiene-el-nivel-igual-que-la-fed\/","title":{"rendered":"Banxico mantiene por segunda vez consecutiva su tasa de inter\u00e9s en 6.50%; mantiene el nivel, igual a Fed"},"content":{"rendered":"\n<figure class=\"wp-block-image size-large\"><img fetchpriority=\"high\" decoding=\"async\" width=\"1024\" height=\"631\" src=\"https:\/\/www.opinionpublica.tv\/portada\/wp-content\/uploads\/2026\/08\/Banxico-mantiene-por-segunda-vez-consecutiva-su-tasa-de-interes-en-6.50-mantiene-el-nivel-igual-a-Fed-1024x631.avif\" alt=\"Banxico mantiene por segunda vez consecutiva su tasa de intere\u0301s en 6.50%; mantiene el nivel, igual a Fed\" class=\"wp-image-91281\" srcset=\"https:\/\/www.opinionpublica.tv\/portada\/wp-content\/uploads\/2026\/08\/Banxico-mantiene-por-segunda-vez-consecutiva-su-tasa-de-interes-en-6.50-mantiene-el-nivel-igual-a-Fed-1024x631.avif 1024w, https:\/\/www.opinionpublica.tv\/portada\/wp-content\/uploads\/2026\/08\/Banxico-mantiene-por-segunda-vez-consecutiva-su-tasa-de-interes-en-6.50-mantiene-el-nivel-igual-a-Fed-300x185.avif 300w, https:\/\/www.opinionpublica.tv\/portada\/wp-content\/uploads\/2026\/08\/Banxico-mantiene-por-segunda-vez-consecutiva-su-tasa-de-interes-en-6.50-mantiene-el-nivel-igual-a-Fed-768x473.avif 768w, https:\/\/www.opinionpublica.tv\/portada\/wp-content\/uploads\/2026\/08\/Banxico-mantiene-por-segunda-vez-consecutiva-su-tasa-de-interes-en-6.50-mantiene-el-nivel-igual-a-Fed.avif 1081w\" sizes=\"(max-width: 1024px) 100vw, 1024px\" \/><\/figure>\n\n\n\n<p class=\"wp-block-paragraph\">Tal y como lo hab\u00edan anticipado analistas y los mercados financieros y al igual que la Reserva Federal (Fed) de Estados Unidos, el Banco de M\u00e9xico (Banxico) no modific\u00f3 su tasa de inter\u00e9s y la mantuvo nuevamente en 6.50%.<\/p>\n\n\n\n<p class=\"wp-block-paragraph\">Es la segunda vez consecutiva que el banco central mexicano mantiene, por decisi\u00f3n un\u00e1nime, el mismo nivel para el r\u00e9dito que sirve como referencia para determinar el costo del dinero prestado.<\/p>\n\n\n\n<p class=\"wp-block-paragraph\">Con ello, analistas de UBS consideraron que se consolid\u00f3 la postura de pausa prolongada tras haber llevado las tasas reales a terreno neutral en mayo.<\/p>\n\n\n\n<p class=\"wp-block-paragraph\">La decisi\u00f3n que dio a conocer Banxico en el anuncio de pol\u00edtica monetaria, se da un d\u00eda antes de que el Instituto Nacional de Estad\u00edstica y Geograf\u00eda (Inegi) publique el dato de la inflaci\u00f3n correspondiente a julio pasado.<\/p>\n\n\n\n<p class=\"wp-block-paragraph\">Cabe recordar que en la primera quincena del s\u00e9ptimo mes del a\u00f1o en curso, el Inegi inform\u00f3 que el principal indicador que mide los precios al consumidor se coloc\u00f3 en 3.10% en su variaci\u00f3n anual, el nivel m\u00e1s bajo desde diciembre de 2020.<\/p>\n\n\n\n<p class=\"wp-block-paragraph\">De ah\u00ed que el consenso de analistas que participan en la encuesta de Citi, pronostic\u00f3 que no habr\u00eda ning\u00fan cambio en el nivel de la tasa de Banxico.<\/p>\n\n\n\n<p class=\"wp-block-paragraph\">Banxico, en l\u00ednea con la Fed, sin modificar las tasas de inter\u00e9s<\/p>\n\n\n\n<p class=\"wp-block-paragraph\">As\u00ed, al igual que la Fed, decidi\u00f3 mantener el mismo nivel. La semana pasada la Reserva Federal de EU determin\u00f3 seguir con el mismo rango de entre 3.50% y 3.75% para los tipos de inter\u00e9s efectivo de los fondos federales.<\/p>\n\n\n\n<p class=\"wp-block-paragraph\">Sin embargo, fue una decisi\u00f3n dividida, pues nueve de los miembros de la junta votaron a favor de no moverla contra tres que se pronunciaron por un aumento de 25 puntos base.<\/p>\n\n\n\n<p class=\"wp-block-paragraph\">UBS consider\u00f3 que tras la decisi\u00f3n de Banxico, se espera que la mantenga sin movimientos agresivos ante la estabilidad del peso y la actual restricci\u00f3n monetaria, ya que eso le dar\u00e1 margen a Banxico.<\/p>\n\n\n\n<p class=\"wp-block-paragraph\"><em>Con informaci\u00f3n de El Universal<\/em>.<\/p>\n","protected":false},"excerpt":{"rendered":"<p>Tal y como lo hab\u00edan anticipado analistas y los mercados financieros y al igual que la Reserva Federal (Fed) de Estados Unidos, el Banco de M\u00e9xico (Banxico) no modific\u00f3 su tasa de inter\u00e9s y la mantuvo nuevamente en 6.50%. Es la segunda vez consecutiva que el banco central mexicano mantiene, por decisi\u00f3n un\u00e1nime, el mismo [&hellip;]<\/p>\n","protected":false},"author":6,"featured_media":91281,"comment_status":"closed","ping_status":"closed","sticky":false,"template":"","format":"standard","meta":{"_acf_changed":false,"_monsterinsights_skip_tracking":false,"slim_seo":{"title":"Banxico mantiene por segunda vez consecutiva su tasa de inter\u00e9s en 6.50%; mantiene el nivel, igual a Fed - Opini\u00f3n P\u00fablica","description":"Tal y como lo hab\u00edan anticipado analistas y los mercados financieros y al igual que la Reserva Federal (Fed) de Estados Unidos, el Banco de M\u00e9xico (Banxico) no"},"footnotes":""},"categories":[3],"tags":[290,224,768,4168],"class_list":["post-91278","post","type-post","status-publish","format-standard","has-post-thumbnail","hentry","category-principal","tag-banxico","tag-inegi","tag-inflacion","tag-tasa-de-interes"],"acf":[],"_links":{"self":[{"href":"https:\/\/www.opinionpublica.tv\/portada\/wp-json\/wp\/v2\/posts\/91278","targetHints":{"allow":["GET"]}}],"collection":[{"href":"https:\/\/www.opinionpublica.tv\/portada\/wp-json\/wp\/v2\/posts"}],"about":[{"href":"https:\/\/www.opinionpublica.tv\/portada\/wp-json\/wp\/v2\/types\/post"}],"author":[{"embeddable":true,"href":"https:\/\/www.opinionpublica.tv\/portada\/wp-json\/wp\/v2\/users\/6"}],"replies":[{"embeddable":true,"href":"https:\/\/www.opinionpublica.tv\/portada\/wp-json\/wp\/v2\/comments?post=91278"}],"version-history":[{"count":2,"href":"https:\/\/www.opinionpublica.tv\/portada\/wp-json\/wp\/v2\/posts\/91278\/revisions"}],"predecessor-version":[{"id":91282,"href":"https:\/\/www.opinionpublica.tv\/portada\/wp-json\/wp\/v2\/posts\/91278\/revisions\/91282"}],"wp:featuredmedia":[{"embeddable":true,"href":"https:\/\/www.opinionpublica.tv\/portada\/wp-json\/wp\/v2\/media\/91281"}],"wp:attachment":[{"href":"https:\/\/www.opinionpublica.tv\/portada\/wp-json\/wp\/v2\/media?parent=91278"}],"wp:term":[{"taxonomy":"category","embeddable":true,"href":"https:\/\/www.opinionpublica.tv\/portada\/wp-json\/wp\/v2\/categories?post=91278"},{"taxonomy":"post_tag","embeddable":true,"href":"https:\/\/www.opinionpublica.tv\/portada\/wp-json\/wp\/v2\/tags?post=91278"}],"curies":[{"name":"wp","href":"https:\/\/api.w.org\/{rel}","templated":true}]}}