{"id":91235,"date":"2026-08-06T00:01:00","date_gmt":"2026-08-06T06:01:00","guid":{"rendered":"https:\/\/www.opinionpublica.tv\/portada\/?p=91235"},"modified":"2026-08-05T18:53:51","modified_gmt":"2026-08-06T00:53:51","slug":"inauguran-eco-juarez-2026-encuentro-con-estudiantes-y-especialistas-en-arquitectura","status":"publish","type":"post","link":"https:\/\/www.opinionpublica.tv\/portada\/inauguran-eco-juarez-2026-encuentro-con-estudiantes-y-especialistas-en-arquitectura\/","title":{"rendered":"Inauguran ECO Ju\u00e1rez 2026, encuentro con estudiantes y especialistas en arquitectura"},"content":{"rendered":"\n<figure class=\"wp-block-image size-large\"><img fetchpriority=\"high\" decoding=\"async\" width=\"1024\" height=\"683\" src=\"https:\/\/www.opinionpublica.tv\/portada\/wp-content\/uploads\/2026\/08\/Inauguran-ECO-Juarez-2026-encuentro-con-estudiantes-y-especialistas-en-arquitectura-1024x683.jpeg\" alt=\"Inauguran ECO Jua\u0301rez 2026, encuentro con estudiantes y especialistas en arquitectura\" class=\"wp-image-91238\" srcset=\"https:\/\/www.opinionpublica.tv\/portada\/wp-content\/uploads\/2026\/08\/Inauguran-ECO-Juarez-2026-encuentro-con-estudiantes-y-especialistas-en-arquitectura-1024x683.jpeg 1024w, https:\/\/www.opinionpublica.tv\/portada\/wp-content\/uploads\/2026\/08\/Inauguran-ECO-Juarez-2026-encuentro-con-estudiantes-y-especialistas-en-arquitectura-300x200.jpeg 300w, https:\/\/www.opinionpublica.tv\/portada\/wp-content\/uploads\/2026\/08\/Inauguran-ECO-Juarez-2026-encuentro-con-estudiantes-y-especialistas-en-arquitectura-768x512.jpeg 768w, https:\/\/www.opinionpublica.tv\/portada\/wp-content\/uploads\/2026\/08\/Inauguran-ECO-Juarez-2026-encuentro-con-estudiantes-y-especialistas-en-arquitectura.jpeg 1280w\" sizes=\"(max-width: 1024px) 100vw, 1024px\" \/><\/figure>\n\n\n\n<p class=\"wp-block-paragraph\"><em>Ciudad Ju\u00e1rez, Chih<\/em>.- Ju\u00e1rez se convirti\u00f3 en el punto de encuentro de estudiantes, docentes y profesionistas de la arquitectura con el inicio de ECO Ju\u00e1rez 2026: Conexi\u00f3n Frontera, un espacio dedicado al intercambio de conocimientos, innovaci\u00f3n y reflexi\u00f3n sobre el futuro de las ciudades.<\/p>\n\n\n\n<p class=\"wp-block-paragraph\">En representaci\u00f3n del presidente municipal, H\u00e9ctor Rafael Ortiz Orpinel, el director del Instituto Municipal de Investigaci\u00f3n y Planeaci\u00f3n (IMIP), Roberto Mora Palacios, encabez\u00f3 la inauguraci\u00f3n del encuentro.<\/p>\n\n\n\n<p class=\"wp-block-paragraph\">Durante su mensaje de bienvenida, Mora Palacios destac\u00f3 que este tipo de espacios fortalecen el di\u00e1logo y la colaboraci\u00f3n entre las nuevas generaciones y los profesionales del sector, al fomentar la innovaci\u00f3n y el desarrollo de propuestas que contribuyan a construir ciudades m\u00e1s funcionales, sostenibles y humanas.<\/p>\n\n\n\n<p class=\"wp-block-paragraph\">Reconoci\u00f3 el trabajo realizado por los j\u00f3venes organizadores del encuentro, entre ellos Mario Olvera y Jared N\u00fa\u00f1ez, as\u00ed como el respaldo del Consejo Nacional de Estudiantes y Arquitectos Reci\u00e9n Egresados de la Rep\u00fablica Mexicana (CONEARM), de la Asociaci\u00f3n de Ingenieros y Arquitectos de Ciudad Ju\u00e1rez y de las instituciones participantes.<\/p>\n\n\n\n<p class=\"wp-block-paragraph\">Como arquitecto y urbanista, Mora Palacios comparti\u00f3 una reflexi\u00f3n sobre la evoluci\u00f3n de la profesi\u00f3n y los retos que enfrenta ante el avance de la tecnolog\u00eda y la inteligencia artificial, herramientas que est\u00e1n transformando la manera de proyectar y dise\u00f1ar espacios.<\/p>\n\n\n\n<p class=\"wp-block-paragraph\">Se\u00f1al\u00f3 que m\u00e1s all\u00e1 de los cambios tecnol\u00f3gicos, el mayor desaf\u00edo para las nuevas generaciones ser\u00e1 mantener el sentido social de la arquitectura y utilizar el conocimiento para mejorar la calidad de vida de las personas mediante ciudades mejor planeadas y con visi\u00f3n de futuro.<\/p>\n\n\n\n<p class=\"wp-block-paragraph\">Invit\u00f3 a las y los estudiantes a aprovechar cada conferencia, taller y espacio de di\u00e1logo, participando activamente y resolviendo todas sus dudas para fortalecer su formaci\u00f3n profesional.<\/p>\n\n\n\n<p class=\"wp-block-paragraph\">Mario Olvera, coordinador del Consejo de Estudiantes de Arquitectura de Ciudad Ju\u00e1rez, inform\u00f3 que durante la presente semana se desarrollar\u00e1n conferencias, talleres y diversas actividades acad\u00e9micas dirigidas a estudiantes y profesionistas interesados en la innovaci\u00f3n y el desarrollo de la arquitectura, con el prop\u00f3sito de contribuir al mejoramiento de la imagen urbana de Ciudad Ju\u00e1rez.<\/p>\n\n\n\n<p class=\"wp-block-paragraph\">Gilberto Contreras, presidente de la Asociaci\u00f3n de Ingenieros y Arquitectos de Ciudad Ju\u00e1rez, reconoci\u00f3 el esfuerzo de los estudiantes para concretar el encuentro y exhort\u00f3 a los asistentes a aprovechar la oportunidad de convivir con profesionistas, especialistas y representantes de distintos estados del pa\u00eds.<\/p>\n\n\n\n<p class=\"wp-block-paragraph\">Destac\u00f3 que la arquitectura y la ingenier\u00eda representan disciplinas capaces de generar cambios positivos en la sociedad, por lo que invit\u00f3 a los j\u00f3venes a fortalecer sus redes de colaboraci\u00f3n y aprender de las experiencias compartidas durante los cuatro d\u00edas de actividades.<\/p>\n\n\n\n<p class=\"wp-block-paragraph\">En su intervenci\u00f3n, Jared N\u00fa\u00f1ez, embajador internacional del Consejo Nacional de Estudiantes y Arquitectos Reci\u00e9n Egresados de la Rep\u00fablica Mexicana, se\u00f1al\u00f3 que uno de los principales objetivos de ECO Ju\u00e1rez 2026 es acercar a estudiantes, profesionistas y representantes de otros pa\u00edses para fomentar el intercambio de experiencias, el trabajo colaborativo y la construcci\u00f3n de nuevas perspectivas sobre el futuro de la arquitectura y las ciudades.<\/p>\n\n\n\n<p class=\"wp-block-paragraph\">ECO Ju\u00e1rez 2026: Conexi\u00f3n Frontera re\u00fane en Ciudad Ju\u00e1rez a participantes provenientes de diversos estados de la Rep\u00fablica Mexicana y del extranjero, quienes asistir\u00e1n a conferencias, talleres y actividades acad\u00e9micas orientadas al intercambio de conocimientos y al fortalecimiento del ejercicio profesional de la arquitectura, adem\u00e1s de visitar lugares emblem\u00e1ticos de esta localidad.<\/p>\n\n\n\n<p class=\"wp-block-paragraph\">En la ceremonia de apertura tambi\u00e9n acudieron por parte del Gobierno Municipal, la titular de Desarrollo Urbano, Claudia Morales Medina; la directora general de Desarrollo Econ\u00f3mico, Tania Maldonado Gardu\u00f1o y el gerente general del Sistema de Urbanizaci\u00f3n Municipal Adicional (SUMA), Said Estrada De la Torre; adem\u00e1s de Deydree Ch\u00e1vez, presidenta nacional del CONEARM.<\/p>\n","protected":false},"excerpt":{"rendered":"<p>Ciudad Ju\u00e1rez, Chih.- Ju\u00e1rez se convirti\u00f3 en el punto de encuentro de estudiantes, docentes y profesionistas de la arquitectura con el inicio de ECO Ju\u00e1rez 2026: Conexi\u00f3n Frontera, un espacio dedicado al intercambio de conocimientos, innovaci\u00f3n y reflexi\u00f3n sobre el futuro de las ciudades. En representaci\u00f3n del presidente municipal, H\u00e9ctor Rafael Ortiz Orpinel, el director [&hellip;]<\/p>\n","protected":false},"author":6,"featured_media":91238,"comment_status":"closed","ping_status":"closed","sticky":false,"template":"","format":"standard","meta":{"_acf_changed":false,"_monsterinsights_skip_tracking":false,"slim_seo":{"title":"Inauguran ECO Ju\u00e1rez 2026, encuentro con estudiantes y especialistas en arquitectura - Opini\u00f3n P\u00fablica","description":"Ciudad Ju\u00e1rez, Chih .- Ju\u00e1rez se convirti\u00f3 en el punto de encuentro de estudiantes, docentes y profesionistas de la arquitectura con el inicio de ECO Ju\u00e1rez 202"},"footnotes":""},"categories":[41],"tags":[4163,608],"class_list":["post-91235","post","type-post","status-publish","format-standard","has-post-thumbnail","hentry","category-juarez","tag-arquitectura","tag-ciudad-juarez"],"acf":[],"_links":{"self":[{"href":"https:\/\/www.opinionpublica.tv\/portada\/wp-json\/wp\/v2\/posts\/91235","targetHints":{"allow":["GET"]}}],"collection":[{"href":"https:\/\/www.opinionpublica.tv\/portada\/wp-json\/wp\/v2\/posts"}],"about":[{"href":"https:\/\/www.opinionpublica.tv\/portada\/wp-json\/wp\/v2\/types\/post"}],"author":[{"embeddable":true,"href":"https:\/\/www.opinionpublica.tv\/portada\/wp-json\/wp\/v2\/users\/6"}],"replies":[{"embeddable":true,"href":"https:\/\/www.opinionpublica.tv\/portada\/wp-json\/wp\/v2\/comments?post=91235"}],"version-history":[{"count":2,"href":"https:\/\/www.opinionpublica.tv\/portada\/wp-json\/wp\/v2\/posts\/91235\/revisions"}],"predecessor-version":[{"id":91239,"href":"https:\/\/www.opinionpublica.tv\/portada\/wp-json\/wp\/v2\/posts\/91235\/revisions\/91239"}],"wp:featuredmedia":[{"embeddable":true,"href":"https:\/\/www.opinionpublica.tv\/portada\/wp-json\/wp\/v2\/media\/91238"}],"wp:attachment":[{"href":"https:\/\/www.opinionpublica.tv\/portada\/wp-json\/wp\/v2\/media?parent=91235"}],"wp:term":[{"taxonomy":"category","embeddable":true,"href":"https:\/\/www.opinionpublica.tv\/portada\/wp-json\/wp\/v2\/categories?post=91235"},{"taxonomy":"post_tag","embeddable":true,"href":"https:\/\/www.opinionpublica.tv\/portada\/wp-json\/wp\/v2\/tags?post=91235"}],"curies":[{"name":"wp","href":"https:\/\/api.w.org\/{rel}","templated":true}]}}