{"id":91179,"date":"2026-08-05T00:01:00","date_gmt":"2026-08-05T06:01:00","guid":{"rendered":"https:\/\/www.opinionpublica.tv\/portada\/?p=91179"},"modified":"2026-08-04T21:22:33","modified_gmt":"2026-08-05T03:22:33","slug":"piden-a-colegios-de-profesionistas-tener-registro-oficial-en-la-direccion-estatal-de-profesiones","status":"publish","type":"post","link":"https:\/\/www.opinionpublica.tv\/portada\/piden-a-colegios-de-profesionistas-tener-registro-oficial-en-la-direccion-estatal-de-profesiones\/","title":{"rendered":"Colegios de profesionistas deben estar en la Direcci\u00f3n Estatal de Profesiones"},"content":{"rendered":"\n<figure class=\"wp-block-image size-large\"><img fetchpriority=\"high\" decoding=\"async\" width=\"1024\" height=\"678\" src=\"https:\/\/www.opinionpublica.tv\/portada\/wp-content\/uploads\/2026\/08\/Colegios-de-profesionistas-deben-estar-en-la-Direccion-Estatal-de-Profesiones-1024x678.jpeg\" alt=\"Colegios de profesionistas deben estar en la Direccio\u0301n Estatal de Profesiones\" class=\"wp-image-91185\" srcset=\"https:\/\/www.opinionpublica.tv\/portada\/wp-content\/uploads\/2026\/08\/Colegios-de-profesionistas-deben-estar-en-la-Direccion-Estatal-de-Profesiones-1024x678.jpeg 1024w, https:\/\/www.opinionpublica.tv\/portada\/wp-content\/uploads\/2026\/08\/Colegios-de-profesionistas-deben-estar-en-la-Direccion-Estatal-de-Profesiones-300x199.jpeg 300w, https:\/\/www.opinionpublica.tv\/portada\/wp-content\/uploads\/2026\/08\/Colegios-de-profesionistas-deben-estar-en-la-Direccion-Estatal-de-Profesiones-768x508.jpeg 768w, https:\/\/www.opinionpublica.tv\/portada\/wp-content\/uploads\/2026\/08\/Colegios-de-profesionistas-deben-estar-en-la-Direccion-Estatal-de-Profesiones-1536x1017.jpeg 1536w, https:\/\/www.opinionpublica.tv\/portada\/wp-content\/uploads\/2026\/08\/Colegios-de-profesionistas-deben-estar-en-la-Direccion-Estatal-de-Profesiones.jpeg 1600w\" sizes=\"(max-width: 1024px) 100vw, 1024px\" \/><\/figure>\n\n\n\n<p class=\"wp-block-paragraph\"><em>Chihuahua, Chih<\/em>.- La Secretar\u00eda de Educaci\u00f3n y Deporte (SEyD), a trav\u00e9s de la Direcci\u00f3n Estatal de Profesiones convoc\u00f3 a las asociaciones civiles de una misma rama, a realizar su registro oficial ante la dependencia en apego a la legislaci\u00f3n vigente en la materia.<\/p>\n\n\n\n<p class=\"wp-block-paragraph\">El marco normativo define a estas agrupaciones como asociaciones civiles constituidas ante notario y registradas ante el Registro P\u00fablico de la Propiedad, para representar a quienes ejercen una misma disciplina.<\/p>\n\n\n\n<p class=\"wp-block-paragraph\">Al formalizar su incorporaci\u00f3n ante la Direcci\u00f3n Estatal de Profesiones como un colegio de profesionistas, obtienen el respaldo institucional para defender los derechos e intereses leg\u00edtimos de sus agremiados ante instancias gubernamentales y sociales.<\/p>\n\n\n\n<p class=\"wp-block-paragraph\">Este tr\u00e1mite les otorga adem\u00e1s certeza jur\u00eddica e impulsa la excelencia en el ejercicio laboral.<\/p>\n\n\n\n<p class=\"wp-block-paragraph\">Entre sus beneficios se incluye la posibilidad de avalar la pr\u00e1ctica mediante la certificaci\u00f3n profesional bajo est\u00e1ndares \u00e9ticos y de calidad, acceder a esquemas de actualizaci\u00f3n como diplomados o congresos, e integrarse a redes de colaboraci\u00f3n (networking) que potencian la proyecci\u00f3n del gremio.<\/p>\n\n\n\n<p class=\"wp-block-paragraph\">La vinculaci\u00f3n oficial fortalece tambi\u00e9n la reputaci\u00f3n de sus miembros y les permite incidir activamente en iniciativas orientadas a la mejora comunitaria.<\/p>\n\n\n\n<p class=\"wp-block-paragraph\">Las mesas directivas interesadas en dar de alta a sus agrupaciones u obtener informaci\u00f3n detallada sobre los requisitos, pueden acudir a la Direcci\u00f3n Estatal de Profesiones o consultar la p\u00e1gina oficial de la SEyD.<\/p>\n","protected":false},"excerpt":{"rendered":"<p>Chihuahua, Chih.- La Secretar\u00eda de Educaci\u00f3n y Deporte (SEyD), a trav\u00e9s de la Direcci\u00f3n Estatal de Profesiones convoc\u00f3 a las asociaciones civiles de una misma rama, a realizar su registro oficial ante la dependencia en apego a la legislaci\u00f3n vigente en la materia. El marco normativo define a estas agrupaciones como asociaciones civiles constituidas ante [&hellip;]<\/p>\n","protected":false},"author":6,"featured_media":91185,"comment_status":"closed","ping_status":"closed","sticky":false,"template":"","format":"standard","meta":{"_acf_changed":false,"_monsterinsights_skip_tracking":false,"slim_seo":{"title":"Colegios de profesionistas deben estar en la Direcci\u00f3n Estatal de Profesiones - Opini\u00f3n P\u00fablica","description":"Chihuahua, Chih .- La Secretar\u00eda de Educaci\u00f3n y Deporte (SEyD), a trav\u00e9s de la Direcci\u00f3n Estatal de Profesiones convoc\u00f3 a las asociaciones civiles de una misma"},"footnotes":""},"categories":[11],"tags":[4156,563,4155],"class_list":["post-91179","post","type-post","status-publish","format-standard","has-post-thumbnail","hentry","category-tendencias","tag-direccion-estatal-de-profesiones","tag-educacion","tag-secretaria-de-educacion-y-deporte"],"acf":[],"_links":{"self":[{"href":"https:\/\/www.opinionpublica.tv\/portada\/wp-json\/wp\/v2\/posts\/91179","targetHints":{"allow":["GET"]}}],"collection":[{"href":"https:\/\/www.opinionpublica.tv\/portada\/wp-json\/wp\/v2\/posts"}],"about":[{"href":"https:\/\/www.opinionpublica.tv\/portada\/wp-json\/wp\/v2\/types\/post"}],"author":[{"embeddable":true,"href":"https:\/\/www.opinionpublica.tv\/portada\/wp-json\/wp\/v2\/users\/6"}],"replies":[{"embeddable":true,"href":"https:\/\/www.opinionpublica.tv\/portada\/wp-json\/wp\/v2\/comments?post=91179"}],"version-history":[{"count":6,"href":"https:\/\/www.opinionpublica.tv\/portada\/wp-json\/wp\/v2\/posts\/91179\/revisions"}],"predecessor-version":[{"id":91186,"href":"https:\/\/www.opinionpublica.tv\/portada\/wp-json\/wp\/v2\/posts\/91179\/revisions\/91186"}],"wp:featuredmedia":[{"embeddable":true,"href":"https:\/\/www.opinionpublica.tv\/portada\/wp-json\/wp\/v2\/media\/91185"}],"wp:attachment":[{"href":"https:\/\/www.opinionpublica.tv\/portada\/wp-json\/wp\/v2\/media?parent=91179"}],"wp:term":[{"taxonomy":"category","embeddable":true,"href":"https:\/\/www.opinionpublica.tv\/portada\/wp-json\/wp\/v2\/categories?post=91179"},{"taxonomy":"post_tag","embeddable":true,"href":"https:\/\/www.opinionpublica.tv\/portada\/wp-json\/wp\/v2\/tags?post=91179"}],"curies":[{"name":"wp","href":"https:\/\/api.w.org\/{rel}","templated":true}]}}