{"id":91148,"date":"2026-08-05T00:01:00","date_gmt":"2026-08-05T06:01:00","guid":{"rendered":"https:\/\/www.opinionpublica.tv\/portada\/?p=91148"},"modified":"2026-08-04T19:43:21","modified_gmt":"2026-08-05T01:43:21","slug":"luis-donaldo-colosio-definira-a-fin-de-ano-si-buscara-sonora-o-nuevo-leon","status":"publish","type":"post","link":"https:\/\/www.opinionpublica.tv\/portada\/luis-donaldo-colosio-definira-a-fin-de-ano-si-buscara-sonora-o-nuevo-leon\/","title":{"rendered":"Luis Donaldo Colosio definir\u00e1 hasta finales del 2026 si buscar\u00e1 Sonora o Nuevo Le\u00f3n"},"content":{"rendered":"\n<figure class=\"wp-block-image size-large\"><img fetchpriority=\"high\" decoding=\"async\" width=\"1024\" height=\"683\" src=\"https:\/\/www.opinionpublica.tv\/portada\/wp-content\/uploads\/2026\/08\/Luis-Donaldo-Colosio-definira-hasta-finales-del-2026-si-buscara-Sonora-o-Nuevo-Leon-1024x683.webp\" alt=\"Luis Donaldo Colosio definira\u0301 hasta finales del 2026 si buscara\u0301 Sonora o Nuevo Leo\u0301n\" class=\"wp-image-91152\" srcset=\"https:\/\/www.opinionpublica.tv\/portada\/wp-content\/uploads\/2026\/08\/Luis-Donaldo-Colosio-definira-hasta-finales-del-2026-si-buscara-Sonora-o-Nuevo-Leon-1024x683.webp 1024w, https:\/\/www.opinionpublica.tv\/portada\/wp-content\/uploads\/2026\/08\/Luis-Donaldo-Colosio-definira-hasta-finales-del-2026-si-buscara-Sonora-o-Nuevo-Leon-300x200.webp 300w, https:\/\/www.opinionpublica.tv\/portada\/wp-content\/uploads\/2026\/08\/Luis-Donaldo-Colosio-definira-hasta-finales-del-2026-si-buscara-Sonora-o-Nuevo-Leon-768x512.webp 768w, https:\/\/www.opinionpublica.tv\/portada\/wp-content\/uploads\/2026\/08\/Luis-Donaldo-Colosio-definira-hasta-finales-del-2026-si-buscara-Sonora-o-Nuevo-Leon.webp 1200w\" sizes=\"(max-width: 1024px) 100vw, 1024px\" \/><\/figure>\n\n\n\n<p class=\"wp-block-paragraph\"><em>Ciudad de M\u00e9xico<\/em>.- El senador de Movimiento Ciudadano, Luis Donaldo Colosio Riojas, inform\u00f3 que ser\u00e1 a finales de este a\u00f1o cuando decida si buscar\u00e1 la gubernatura de Sonora o la de Nuevo Le\u00f3n.<\/p>\n\n\n\n<p class=\"wp-block-paragraph\">Se\u00f1al\u00f3 que dar\u00e1 a conocer su decisi\u00f3n cuando los tiempos electorales sean los adecuados. \u201cNo quiero adelantarme como lo hacen otras personas, de manera tan\u2026 burda y tan grosera\u201d, expres\u00f3.<\/p>\n\n\n\n<p class=\"wp-block-paragraph\">Insisti\u00f3 en que a\u00fan no es momento de hacer ese anuncio.<\/p>\n\n\n\n<p class=\"wp-block-paragraph\">\u201cAl final del d\u00eda, la gente sabe que mi meta y mi ruta es ayudar a mi pa\u00eds. Mi ruta es M\u00e9xico y, con base en eso, voy a tomar la mejor decisi\u00f3n\u201d, sostuvo el exalcalde de Monterrey, quien en los \u00faltimos meses ha realizado giras de trabajo tanto en Sonora como en Nuevo Le\u00f3n.<\/p>\n\n\n\n<p class=\"wp-block-paragraph\">Colosio Riojas ha desarrollado su carrera pol\u00edtica en Nuevo Le\u00f3n; sin embargo, en esa entidad tendr\u00eda como una de sus principales competidoras a Mariana Rodr\u00edguez, esposa del gobernador Samuel Garc\u00eda, quien aparece como una de las aspirantes mejor posicionadas en las encuestas de intenci\u00f3n de voto.<\/p>\n\n\n\n<p class=\"wp-block-paragraph\">En Sonora, estado de origen de su padre, Luis Donaldo Colosio Murrieta, el senador figura con una mayor intenci\u00f3n de voto que la diputada Patricia Mercado y la coordinadora de Movimiento Ciudadano en la entidad, Natalia Rivera.<\/p>\n\n\n\n<p class=\"wp-block-paragraph\"><em>Con informaci\u00f3n de La Jornada<\/em>.<\/p>\n","protected":false},"excerpt":{"rendered":"<p>Ciudad de M\u00e9xico.- El senador de Movimiento Ciudadano, Luis Donaldo Colosio Riojas, inform\u00f3 que ser\u00e1 a finales de este a\u00f1o cuando decida si buscar\u00e1 la gubernatura de Sonora o la de Nuevo Le\u00f3n. Se\u00f1al\u00f3 que dar\u00e1 a conocer su decisi\u00f3n cuando los tiempos electorales sean los adecuados. \u201cNo quiero adelantarme como lo hacen otras personas, [&hellip;]<\/p>\n","protected":false},"author":6,"featured_media":91152,"comment_status":"closed","ping_status":"closed","sticky":false,"template":"","format":"standard","meta":{"_acf_changed":false,"_monsterinsights_skip_tracking":false,"slim_seo":{"title":"Luis Donaldo Colosio definir\u00e1 hasta finales del 2026 si buscar\u00e1 Sonora o Nuevo Le\u00f3n - Opini\u00f3n P\u00fablica","description":"Ciudad de M\u00e9xico .- El senador de Movimiento Ciudadano, Luis Donaldo Colosio Riojas, inform\u00f3 que ser\u00e1 a finales de este a\u00f1o cuando decida si buscar\u00e1 la gubernat"},"footnotes":""},"categories":[4],"tags":[1063,2002],"class_list":["post-91148","post","type-post","status-publish","format-standard","has-post-thumbnail","hentry","category-pulsopolitico","tag-elecciones-2027","tag-luis-donaldo-colosio"],"acf":[],"_links":{"self":[{"href":"https:\/\/www.opinionpublica.tv\/portada\/wp-json\/wp\/v2\/posts\/91148","targetHints":{"allow":["GET"]}}],"collection":[{"href":"https:\/\/www.opinionpublica.tv\/portada\/wp-json\/wp\/v2\/posts"}],"about":[{"href":"https:\/\/www.opinionpublica.tv\/portada\/wp-json\/wp\/v2\/types\/post"}],"author":[{"embeddable":true,"href":"https:\/\/www.opinionpublica.tv\/portada\/wp-json\/wp\/v2\/users\/6"}],"replies":[{"embeddable":true,"href":"https:\/\/www.opinionpublica.tv\/portada\/wp-json\/wp\/v2\/comments?post=91148"}],"version-history":[{"count":3,"href":"https:\/\/www.opinionpublica.tv\/portada\/wp-json\/wp\/v2\/posts\/91148\/revisions"}],"predecessor-version":[{"id":91153,"href":"https:\/\/www.opinionpublica.tv\/portada\/wp-json\/wp\/v2\/posts\/91148\/revisions\/91153"}],"wp:featuredmedia":[{"embeddable":true,"href":"https:\/\/www.opinionpublica.tv\/portada\/wp-json\/wp\/v2\/media\/91152"}],"wp:attachment":[{"href":"https:\/\/www.opinionpublica.tv\/portada\/wp-json\/wp\/v2\/media?parent=91148"}],"wp:term":[{"taxonomy":"category","embeddable":true,"href":"https:\/\/www.opinionpublica.tv\/portada\/wp-json\/wp\/v2\/categories?post=91148"},{"taxonomy":"post_tag","embeddable":true,"href":"https:\/\/www.opinionpublica.tv\/portada\/wp-json\/wp\/v2\/tags?post=91148"}],"curies":[{"name":"wp","href":"https:\/\/api.w.org\/{rel}","templated":true}]}}