{"id":91132,"date":"2026-08-05T00:01:00","date_gmt":"2026-08-05T06:01:00","guid":{"rendered":"https:\/\/www.opinionpublica.tv\/portada\/?p=91132"},"modified":"2026-08-04T19:02:14","modified_gmt":"2026-08-05T01:02:14","slug":"sheinbaum-firma-decreto-sobre-transparencia-contratos-estaran-disponibles-mensualmente","status":"publish","type":"post","link":"https:\/\/www.opinionpublica.tv\/portada\/sheinbaum-firma-decreto-sobre-transparencia-contratos-estaran-disponibles-mensualmente\/","title":{"rendered":"Sheinbaum firma decreto de transparencia; los contratos estar\u00e1n disponibles por mes"},"content":{"rendered":"\n<figure class=\"wp-block-image size-large\"><img fetchpriority=\"high\" decoding=\"async\" width=\"1024\" height=\"631\" src=\"https:\/\/www.opinionpublica.tv\/portada\/wp-content\/uploads\/2026\/08\/Sheinbaum-firma-decreto-de-transparencia-los-contratos-estaran-disponibles-por-mes-1024x631.avif\" alt=\"Sheinbaum firma decreto de transparencia; los contratos estara\u0301n disponibles por mes\" class=\"wp-image-91136\" srcset=\"https:\/\/www.opinionpublica.tv\/portada\/wp-content\/uploads\/2026\/08\/Sheinbaum-firma-decreto-de-transparencia-los-contratos-estaran-disponibles-por-mes-1024x631.avif 1024w, https:\/\/www.opinionpublica.tv\/portada\/wp-content\/uploads\/2026\/08\/Sheinbaum-firma-decreto-de-transparencia-los-contratos-estaran-disponibles-por-mes-300x185.avif 300w, https:\/\/www.opinionpublica.tv\/portada\/wp-content\/uploads\/2026\/08\/Sheinbaum-firma-decreto-de-transparencia-los-contratos-estaran-disponibles-por-mes-768x473.avif 768w, https:\/\/www.opinionpublica.tv\/portada\/wp-content\/uploads\/2026\/08\/Sheinbaum-firma-decreto-de-transparencia-los-contratos-estaran-disponibles-por-mes.avif 1081w\" sizes=\"(max-width: 1024px) 100vw, 1024px\" \/><\/figure>\n\n\n\n<p class=\"wp-block-paragraph\"><em>Ciudad de M\u00e9xico<\/em>.- La presidenta Claudia Sheinbaum Pardo firm\u00f3 este martes un decreto para fortalecer la transparencia en el Gobierno federal, con el que dijo, se ampliar\u00e1 la informaci\u00f3n p\u00fablica disponible, se actualizar\u00e1n mensualmente los contratos gubernamentales y se incorporar\u00e1n nuevos datos sobre las filiales de Pemex y CFE, auditor\u00edas y fiscalizaci\u00f3n, adem\u00e1s de establecer criterios m\u00e1s estrictos para la reserva de informaci\u00f3n.<\/p>\n\n\n\n<p class=\"wp-block-paragraph\">La secretaria de Anticorrupci\u00f3n y Buen Gobierno, Raquel Buenrostro S\u00e1nchez, explic\u00f3 que el decreto busca ir m\u00e1s all\u00e1 de las obligaciones legales vigentes y fomentar la m\u00e1xima publicidad de la informaci\u00f3n gubernamental, mientras se preparan reformas a la Ley General de Transparencia para incorporar estas disposiciones de manera permanente.<\/p>\n\n\n\n<p class=\"wp-block-paragraph\">Detall\u00f3 que la Plataforma Nacional de Transparencia fue estabilizada tras su transferencia a la Secretar\u00eda por parte del Inai, luego de que presentara fallas constantes, y ahora cuenta con nuevas herramientas para facilitar la descarga y an\u00e1lisis de la informaci\u00f3n. Prometi\u00f3 que, en un plazo m\u00e1ximo de 30 d\u00edas h\u00e1biles, se integrar\u00e1n nuevos contenidos de inter\u00e9s p\u00fablico.<\/p>\n\n\n\n<p class=\"wp-block-paragraph\">Buenrostro se\u00f1al\u00f3 que el decreto se concentra en cuatro ejes: contrataciones p\u00fablicas, filiales de Pemex y CFE, fiscalizaci\u00f3n y auditor\u00edas, adem\u00e1s de una invitaci\u00f3n a los dem\u00e1s poderes y \u00f3rdenes de gobierno para sumarse al principio de m\u00e1xima publicidad.<\/p>\n\n\n\n<p class=\"wp-block-paragraph\">Como parte de las medidas, inform\u00f3 que todos los contratos del Gobierno federal dejar\u00e1n de publicarse de manera trimestral y estar\u00e1n disponibles cada mes para mantener actualizada la informaci\u00f3n sobre adquisiciones y obras p\u00fablicas.<\/p>\n\n\n\n<p class=\"wp-block-paragraph\">Tambi\u00e9n indic\u00f3 que las filiales de Pemex y CFE deber\u00e1n transparentar informaci\u00f3n adicional, como estados financieros, informes presentados ante agencias extranjeras, reglas de gobierno corporativo, pol\u00edticas de operaci\u00f3n y contratos.<\/p>\n\n\n\n<p class=\"wp-block-paragraph\">En materia de fiscalizaci\u00f3n, explic\u00f3 que se publicar\u00e1 informaci\u00f3n adicional sobre los programas anuales de auditor\u00eda, estad\u00edsticas, seguimiento a observaciones y el padr\u00f3n de despachos de auditores externos.<\/p>\n\n\n\n<p class=\"wp-block-paragraph\">Asimismo, adelant\u00f3 que el Gobierno propondr\u00e1 modificaciones a la Ley General de Transparencia para simplificar las causales de reserva de informaci\u00f3n y limitarla \u00fanicamente a los casos de inter\u00e9s p\u00fablico y seguridad nacional, privilegiando la elaboraci\u00f3n de versiones p\u00fablicas cuando sea posible.<\/p>\n\n\n\n<p class=\"wp-block-paragraph\">\u201cEs transparencia total del Gobierno de M\u00e9xico\u201d: Sheinbaum<\/p>\n\n\n\n<p class=\"wp-block-paragraph\">Por su parte, la presidenta Sheinbaum afirm\u00f3 que el decreto forma parte del nuevo esquema de transparencia implementado tras la desaparici\u00f3n del Instituto Nacional de Transparencia (Inai), cuyas funciones fueron absorbidas por la Secretar\u00eda de Anticorrupci\u00f3n y Buen Gobierno.<\/p>\n\n\n\n<p class=\"wp-block-paragraph\">La mandataria sostuvo que el antiguo organismo representaba un gasto superior a mil millones de pesos anuales y asegur\u00f3 que el nuevo modelo permite garantizar el acceso a la informaci\u00f3n sin una estructura burocr\u00e1tica de ese tama\u00f1o.<\/p>\n\n\n\n<p class=\"wp-block-paragraph\">Explic\u00f3 que, con el decreto, ya no quedar\u00e1 a criterio de los servidores p\u00fablicos determinar qu\u00e9 informaci\u00f3n puede hacerse p\u00fablica, sino que existir\u00e1n lineamientos espec\u00edficos para definir los casos en que proceda una reserva por motivos de seguridad nacional o porque exista un procedimiento administrativo o judicial en curso.<\/p>\n\n\n\n<p class=\"wp-block-paragraph\">\u201cEs transparencia total del Gobierno de M\u00e9xico\u201d, afirm\u00f3.<\/p>\n\n\n\n<p class=\"wp-block-paragraph\">Sheinbaum anunci\u00f3 que en aproximadamente un mes se fortalecer\u00e1 a\u00fan m\u00e1s la Plataforma Nacional de Transparencia y reiter\u00f3 que, al inicio del pr\u00f3ximo periodo ordinario de sesiones del Congreso, el Ejecutivo enviar\u00e1 una iniciativa para incorporar el contenido del decreto a la Ley General de Transparencia y garantizar el acceso a la informaci\u00f3n p\u00fablica.<\/p>\n\n\n\n<p class=\"wp-block-paragraph\">Sheinbaum insiste en que no hay censura<\/p>\n\n\n\n<p class=\"wp-block-paragraph\">\u201cPuede ser cuestionada la autorregulaci\u00f3n, pero es mejor eso a la censura. En todo caso, que el pueblo, que la gente, que la ciudadan\u00eda, el radioescucha, que el televidente pueda hacerse su propia opini\u00f3n, pero por lo menos que publiquen su c\u00f3digo de \u00e9tica para ver si ellos mismos lo respetan o no. Y que tengan un espacio donde la gente pueda decir \u2018oye eso no es cierto&#8217;\u201d, insisti\u00f3 la Mandataria federal.<\/p>\n\n\n\n<p class=\"wp-block-paragraph\">\u201cPero para la democracia, es mejor un esquema como el que planteamos que censura, insisti\u00f3 la titular del Ejecutivo federal.<\/p>\n\n\n\n<p class=\"wp-block-paragraph\">Al acusar otra vez a TV Azteca de estar \u201cdedicada a hacer propaganda\u201d en contra de su gobierno, Sheinbaum celebr\u00f3 que hay derecho de r\u00e9plica en las ma\u00f1aneras.<\/p>\n\n\n\n<p class=\"wp-block-paragraph\">\u201c\u00bfCuando hemos dicho que vamos a hacer algo contra TV Azteca? Nunca\u201d, declar\u00f3.<\/p>\n\n\n\n<p class=\"wp-block-paragraph\"><em>Con informaci\u00f3n de El Universal<\/em>.<\/p>\n","protected":false},"excerpt":{"rendered":"<p>Ciudad de M\u00e9xico.- La presidenta Claudia Sheinbaum Pardo firm\u00f3 este martes un decreto para fortalecer la transparencia en el Gobierno federal, con el que dijo, se ampliar\u00e1 la informaci\u00f3n p\u00fablica disponible, se actualizar\u00e1n mensualmente los contratos gubernamentales y se incorporar\u00e1n nuevos datos sobre las filiales de Pemex y CFE, auditor\u00edas y fiscalizaci\u00f3n, adem\u00e1s de establecer [&hellip;]<\/p>\n","protected":false},"author":6,"featured_media":91136,"comment_status":"closed","ping_status":"closed","sticky":false,"template":"","format":"standard","meta":{"_acf_changed":false,"_monsterinsights_skip_tracking":false,"slim_seo":{"title":"Sheinbaum firma decreto de transparencia; los contratos estar\u00e1n disponibles por mes - Opini\u00f3n P\u00fablica","description":"Ciudad de M\u00e9xico .- La presidenta Claudia Sheinbaum Pardo firm\u00f3 este martes un decreto para fortalecer la transparencia en el Gobierno federal, con el que dijo,"},"footnotes":""},"categories":[4],"tags":[307,1292],"class_list":["post-91132","post","type-post","status-publish","format-standard","has-post-thumbnail","hentry","category-pulsopolitico","tag-claudia-sheinbaum","tag-transparencia"],"acf":[],"_links":{"self":[{"href":"https:\/\/www.opinionpublica.tv\/portada\/wp-json\/wp\/v2\/posts\/91132","targetHints":{"allow":["GET"]}}],"collection":[{"href":"https:\/\/www.opinionpublica.tv\/portada\/wp-json\/wp\/v2\/posts"}],"about":[{"href":"https:\/\/www.opinionpublica.tv\/portada\/wp-json\/wp\/v2\/types\/post"}],"author":[{"embeddable":true,"href":"https:\/\/www.opinionpublica.tv\/portada\/wp-json\/wp\/v2\/users\/6"}],"replies":[{"embeddable":true,"href":"https:\/\/www.opinionpublica.tv\/portada\/wp-json\/wp\/v2\/comments?post=91132"}],"version-history":[{"count":4,"href":"https:\/\/www.opinionpublica.tv\/portada\/wp-json\/wp\/v2\/posts\/91132\/revisions"}],"predecessor-version":[{"id":91138,"href":"https:\/\/www.opinionpublica.tv\/portada\/wp-json\/wp\/v2\/posts\/91132\/revisions\/91138"}],"wp:featuredmedia":[{"embeddable":true,"href":"https:\/\/www.opinionpublica.tv\/portada\/wp-json\/wp\/v2\/media\/91136"}],"wp:attachment":[{"href":"https:\/\/www.opinionpublica.tv\/portada\/wp-json\/wp\/v2\/media?parent=91132"}],"wp:term":[{"taxonomy":"category","embeddable":true,"href":"https:\/\/www.opinionpublica.tv\/portada\/wp-json\/wp\/v2\/categories?post=91132"},{"taxonomy":"post_tag","embeddable":true,"href":"https:\/\/www.opinionpublica.tv\/portada\/wp-json\/wp\/v2\/tags?post=91132"}],"curies":[{"name":"wp","href":"https:\/\/api.w.org\/{rel}","templated":true}]}}