{"id":91083,"date":"2026-08-04T00:01:00","date_gmt":"2026-08-04T06:01:00","guid":{"rendered":"https:\/\/www.opinionpublica.tv\/portada\/?p=91083"},"modified":"2026-08-03T18:54:13","modified_gmt":"2026-08-04T00:54:13","slug":"monreal-pide-a-morena-reglas-preferenciales-para-diputados-que-busquen-reeleccion","status":"publish","type":"post","link":"https:\/\/www.opinionpublica.tv\/portada\/monreal-pide-a-morena-reglas-preferenciales-para-diputados-que-busquen-reeleccion\/","title":{"rendered":"Monreal pide a Morena reglas preferenciales para diputados que buscar\u00e1n su reelecci\u00f3n"},"content":{"rendered":"\n<figure class=\"wp-block-image size-large\"><img fetchpriority=\"high\" decoding=\"async\" width=\"1024\" height=\"631\" src=\"https:\/\/www.opinionpublica.tv\/portada\/wp-content\/uploads\/2026\/08\/Monreal-pide-a-Morena-reglas-preferenciales-para-diputados-que-buscaran-su-reeleccion-1024x631.avif\" alt=\"Monreal pide a Morena reglas preferenciales para diputados que buscara\u0301n su reeleccio\u0301n\" class=\"wp-image-91086\" srcset=\"https:\/\/www.opinionpublica.tv\/portada\/wp-content\/uploads\/2026\/08\/Monreal-pide-a-Morena-reglas-preferenciales-para-diputados-que-buscaran-su-reeleccion-1024x631.avif 1024w, https:\/\/www.opinionpublica.tv\/portada\/wp-content\/uploads\/2026\/08\/Monreal-pide-a-Morena-reglas-preferenciales-para-diputados-que-buscaran-su-reeleccion-300x185.avif 300w, https:\/\/www.opinionpublica.tv\/portada\/wp-content\/uploads\/2026\/08\/Monreal-pide-a-Morena-reglas-preferenciales-para-diputados-que-buscaran-su-reeleccion-768x473.avif 768w, https:\/\/www.opinionpublica.tv\/portada\/wp-content\/uploads\/2026\/08\/Monreal-pide-a-Morena-reglas-preferenciales-para-diputados-que-buscaran-su-reeleccion.avif 1081w\" sizes=\"(max-width: 1024px) 100vw, 1024px\" \/><\/figure>\n\n\n\n<p class=\"wp-block-paragraph\">El coordinador de Morena en la C\u00e1mara de Diputados, Ricardo Monreal, solicit\u00f3 a la dirigencia nacional de Morena, a cargo de Ariadna Montiel, que aplique reglas diferenciadas para las y los diputados guindas que busquen la reelecci\u00f3n.<\/p>\n\n\n\n<p class=\"wp-block-paragraph\">A trav\u00e9s de un video que comparti\u00f3 en sus redes sociales, el legislador solicit\u00f3 que no se les obligue a pedir licencia, bajo el argumento de que ello, entorpecer\u00eda el trabajo legislativo.<\/p>\n\n\n\n<p class=\"wp-block-paragraph\">\u00abMi propuesta, respetuosa, a Morena es que no se permitan las mismas reglas, es decir, que no se separen del cargo los legisladores, porque tendr\u00edamos dificultades para la incorporaci\u00f3n de suplentes, dado que en algunos casos no hay suplentes y son los que ahora est\u00e1n fungiendo como propietarios\u00bb, expuso.<\/p>\n\n\n\n<p class=\"wp-block-paragraph\">De los 253 diputados de Morena 41 han pedido licencia<\/p>\n\n\n\n<p class=\"wp-block-paragraph\">Ricardo Monreal inform\u00f3 que, hasta ahora, 41 de los 253 congresistas federales de Morena han pedido licencia para separarse del cargo en distintos momentos, y consider\u00f3 que la cifra incrementar\u00e1 con los que quieren reelegirse.<\/p>\n\n\n\n<p class=\"wp-block-paragraph\">\u00abEntonces no queremos que se interrumpa el trabajo legislativo, ni queremos que haya obst\u00e1culos para la aprobaci\u00f3n de esta agenda legislativa nutrida\u00bb, indic\u00f3.<\/p>\n\n\n\n<p class=\"wp-block-paragraph\">El tambi\u00e9n presidente de la Jucopo explic\u00f3 que a partir del 1 de septiembre, fecha en que inicia el tercer periodo ordinario de sesiones, tendr\u00e1n como preferente una agencia con 20 iniciativas de diversos \u00e1mbitos.<\/p>\n\n\n\n<p class=\"wp-block-paragraph\">\u00abEs una agenda legislativa nutrida, muy ambiciosa y muy importante para la vida del pa\u00eds: actualizar el sistema normativo mexicano y tambi\u00e9n dar respuestas a muchas de las inquietudes, exigencias y demandas nuevas. Cuando menos, tenemos una veintena de temas de urgencia que vamos a deliberar y, en su caso, aprobar\u00bb, puntualiz\u00f3.<\/p>\n\n\n\n<p class=\"wp-block-paragraph\">Record\u00f3 que por \u00faltima ocasi\u00f3n, se permitir\u00e1 la reelecci\u00f3n a los legisladores y a los presidentes municipales: \u00ab2027 ser\u00e1 la \u00fanica ocasi\u00f3n y la \u00faltima que se permitir\u00e1 la reelecci\u00f3n, solo para el caso de legisladores y de ayuntamientos; y en el 30, en el 2030, ya se proh\u00edbe, esa es una disposici\u00f3n constitucional, ya no habr\u00e1 reelecci\u00f3n en ning\u00fan cargo\u00bb.<\/p>\n\n\n\n<p class=\"wp-block-paragraph\">Detall\u00f3 que el proceso de inscripci\u00f3n para reelegirse, programado para hoy lunes 3 de agosto, se pospuso para finales de agosto por lo que hizo votos en que las nuevas reglas permitan buscar la reelecci\u00f3n sin necesidad de pedir licencia.<\/p>\n\n\n\n<p class=\"wp-block-paragraph\"><em>Con informaci\u00f3n de El Universal<\/em>.<\/p>\n","protected":false},"excerpt":{"rendered":"<p>El coordinador de Morena en la C\u00e1mara de Diputados, Ricardo Monreal, solicit\u00f3 a la dirigencia nacional de Morena, a cargo de Ariadna Montiel, que aplique reglas diferenciadas para las y los diputados guindas que busquen la reelecci\u00f3n. A trav\u00e9s de un video que comparti\u00f3 en sus redes sociales, el legislador solicit\u00f3 que no se les [&hellip;]<\/p>\n","protected":false},"author":6,"featured_media":91086,"comment_status":"closed","ping_status":"closed","sticky":false,"template":"","format":"standard","meta":{"_acf_changed":false,"_monsterinsights_skip_tracking":false,"slim_seo":{"title":"Monreal pide a Morena reglas preferenciales para diputados que buscar\u00e1n su reelecci\u00f3n - Opini\u00f3n P\u00fablica","description":"El coordinador de Morena en la C\u00e1mara de Diputados, Ricardo Monreal, solicit\u00f3 a la dirigencia nacional de Morena, a cargo de Ariadna Montiel, que aplique reglas"},"footnotes":""},"categories":[4],"tags":[1063,85,203],"class_list":["post-91083","post","type-post","status-publish","format-standard","has-post-thumbnail","hentry","category-pulsopolitico","tag-elecciones-2027","tag-morena","tag-ricardo-monreal"],"acf":[],"_links":{"self":[{"href":"https:\/\/www.opinionpublica.tv\/portada\/wp-json\/wp\/v2\/posts\/91083","targetHints":{"allow":["GET"]}}],"collection":[{"href":"https:\/\/www.opinionpublica.tv\/portada\/wp-json\/wp\/v2\/posts"}],"about":[{"href":"https:\/\/www.opinionpublica.tv\/portada\/wp-json\/wp\/v2\/types\/post"}],"author":[{"embeddable":true,"href":"https:\/\/www.opinionpublica.tv\/portada\/wp-json\/wp\/v2\/users\/6"}],"replies":[{"embeddable":true,"href":"https:\/\/www.opinionpublica.tv\/portada\/wp-json\/wp\/v2\/comments?post=91083"}],"version-history":[{"count":3,"href":"https:\/\/www.opinionpublica.tv\/portada\/wp-json\/wp\/v2\/posts\/91083\/revisions"}],"predecessor-version":[{"id":91087,"href":"https:\/\/www.opinionpublica.tv\/portada\/wp-json\/wp\/v2\/posts\/91083\/revisions\/91087"}],"wp:featuredmedia":[{"embeddable":true,"href":"https:\/\/www.opinionpublica.tv\/portada\/wp-json\/wp\/v2\/media\/91086"}],"wp:attachment":[{"href":"https:\/\/www.opinionpublica.tv\/portada\/wp-json\/wp\/v2\/media?parent=91083"}],"wp:term":[{"taxonomy":"category","embeddable":true,"href":"https:\/\/www.opinionpublica.tv\/portada\/wp-json\/wp\/v2\/categories?post=91083"},{"taxonomy":"post_tag","embeddable":true,"href":"https:\/\/www.opinionpublica.tv\/portada\/wp-json\/wp\/v2\/tags?post=91083"}],"curies":[{"name":"wp","href":"https:\/\/api.w.org\/{rel}","templated":true}]}}