{"id":91033,"date":"2026-08-03T00:01:00","date_gmt":"2026-08-03T06:01:00","guid":{"rendered":"https:\/\/www.opinionpublica.tv\/portada\/?p=91033"},"modified":"2026-08-02T19:03:43","modified_gmt":"2026-08-03T01:03:43","slug":"lucy-bet-y-lo-que-hay-alla-cautiva-al-publico-en-el-festival-de-teatro-de-la-ciudad","status":"publish","type":"post","link":"https:\/\/www.opinionpublica.tv\/portada\/lucy-bet-y-lo-que-hay-alla-cautiva-al-publico-en-el-festival-de-teatro-de-la-ciudad\/","title":{"rendered":"\u00abLucy, Bet y lo que hay all\u00e1\u00bb cautiva al p\u00fablico en Festival de Teatro de la Ciudad"},"content":{"rendered":"\n<figure class=\"wp-block-image size-large\"><img fetchpriority=\"high\" decoding=\"async\" width=\"1024\" height=\"682\" src=\"https:\/\/www.opinionpublica.tv\/portada\/wp-content\/uploads\/2026\/08\/22Lucy-Bet-y-lo-que-hay-alla22-cautiva-al-publico-en-Festival-de-Teatro-de-la-Ciudad-1024x682.jpeg\" alt=\"%22Lucy, Bet y lo que hay alla\u0301%22 cautiva al pu\u0301blico en Festival de Teatro de la Ciudad\" class=\"wp-image-91037\" srcset=\"https:\/\/www.opinionpublica.tv\/portada\/wp-content\/uploads\/2026\/08\/22Lucy-Bet-y-lo-que-hay-alla22-cautiva-al-publico-en-Festival-de-Teatro-de-la-Ciudad-1024x682.jpeg 1024w, https:\/\/www.opinionpublica.tv\/portada\/wp-content\/uploads\/2026\/08\/22Lucy-Bet-y-lo-que-hay-alla22-cautiva-al-publico-en-Festival-de-Teatro-de-la-Ciudad-300x200.jpeg 300w, https:\/\/www.opinionpublica.tv\/portada\/wp-content\/uploads\/2026\/08\/22Lucy-Bet-y-lo-que-hay-alla22-cautiva-al-publico-en-Festival-de-Teatro-de-la-Ciudad-768x512.jpeg 768w, https:\/\/www.opinionpublica.tv\/portada\/wp-content\/uploads\/2026\/08\/22Lucy-Bet-y-lo-que-hay-alla22-cautiva-al-publico-en-Festival-de-Teatro-de-la-Ciudad-1536x1023.jpeg 1536w, https:\/\/www.opinionpublica.tv\/portada\/wp-content\/uploads\/2026\/08\/22Lucy-Bet-y-lo-que-hay-alla22-cautiva-al-publico-en-Festival-de-Teatro-de-la-Ciudad.jpeg 1600w\" sizes=\"(max-width: 1024px) 100vw, 1024px\" \/><\/figure>\n\n\n\n<p class=\"wp-block-paragraph\"><em>Ciudad Ju\u00e1rez, Chih<\/em>.- Como parte de la edici\u00f3n 44 del Festival de Teatro de la Ciudad, el Instituto para la Cultura del Municipio de Ju\u00e1rez (IPACULT) present\u00f3 la puesta en escena \u201cLucy, Bet y lo que hay all\u00e1\u201d, una historia que llev\u00f3 al p\u00fablico por un viaje de amistad, m\u00fasica, autodescubrimiento y aceptaci\u00f3n.<\/p>\n\n\n\n<p class=\"wp-block-paragraph\">La funci\u00f3n se llev\u00f3 a cabo en el Auditorio C\u00edvico Municipal Benito Ju\u00e1rez, donde las y los asistentes disfrutaron de esta propuesta original de Jes\u00fas Iv\u00e1n Reyes Aguayo, a cargo de la Compa\u00f1\u00eda Symphothy y con clasificaci\u00f3n A.<\/p>\n\n\n\n<p class=\"wp-block-paragraph\">La obra narra la historia de Lucy, una ni\u00f1a de 12 a\u00f1os reci\u00e9n adoptada que descubre en el \u00e1tico de sus abuelos un libro de magia con el que invoca a Bet, un fantasma metalero atrapado en el limbo.<\/p>\n\n\n\n<p class=\"wp-block-paragraph\">A partir de ese encuentro, ambos personajes emprenden un viaje emocional en el que enfrentan diversos miedos y descubren la importancia de la amistad, la aceptaci\u00f3n y la confianza en s\u00ed mismos.<\/p>\n\n\n\n<p class=\"wp-block-paragraph\">A trav\u00e9s de la m\u00fasica metal y una historia llena de sensibilidad, la puesta en escena aborda temas como el temor al rechazo y la necesidad de sentirse suficiente y aceptado, ofreciendo al p\u00fablico una experiencia que combina elementos de fantas\u00eda, humor y reflexi\u00f3n.<\/p>\n\n\n\n<p class=\"wp-block-paragraph\">El elenco estuvo conformado por Mariana Paulina Ochoa Reyes, en el papel de Lucy, y Jes\u00fas Iv\u00e1n Reyes Aguayo, quien dio vida a Bet.<\/p>\n\n\n\n<p class=\"wp-block-paragraph\">Adem\u00e1s de participar como actor, Jes\u00fas Iv\u00e1n Reyes Aguayo es autor, director y musicalizador de la obra, consolidando una propuesta esc\u00e9nica integral que destac\u00f3 dentro de la programaci\u00f3n del festival.<\/p>\n\n\n\n<p class=\"wp-block-paragraph\">La presentaci\u00f3n form\u00f3 parte de las actividades de la edici\u00f3n 44 del Festival de Teatro de la Ciudad, uno de los encuentros culturales m\u00e1s importantes de la frontera, que impulsa el talento local y brinda espacios para la difusi\u00f3n de las artes esc\u00e9nicas.<\/p>\n","protected":false},"excerpt":{"rendered":"<p>Ciudad Ju\u00e1rez, Chih.- Como parte de la edici\u00f3n 44 del Festival de Teatro de la Ciudad, el Instituto para la Cultura del Municipio de Ju\u00e1rez (IPACULT) present\u00f3 la puesta en escena \u201cLucy, Bet y lo que hay all\u00e1\u201d, una historia que llev\u00f3 al p\u00fablico por un viaje de amistad, m\u00fasica, autodescubrimiento y aceptaci\u00f3n. La funci\u00f3n [&hellip;]<\/p>\n","protected":false},"author":6,"featured_media":91037,"comment_status":"closed","ping_status":"closed","sticky":false,"template":"","format":"standard","meta":{"_acf_changed":false,"_monsterinsights_skip_tracking":false,"slim_seo":{"title":"\"Lucy, Bet y lo que hay all\u00e1\" cautiva al p\u00fablico en Festival de Teatro de la Ciudad - Opini\u00f3n P\u00fablica","description":"Ciudad Ju\u00e1rez, Chih .- Como parte de la edici\u00f3n 44 del Festival de Teatro de la Ciudad, el Instituto para la Cultura del Municipio de Ju\u00e1rez (IPACULT) present\u00f3"},"footnotes":""},"categories":[41],"tags":[608,1078,3534],"class_list":["post-91033","post","type-post","status-publish","format-standard","has-post-thumbnail","hentry","category-juarez","tag-ciudad-juarez","tag-cultura","tag-festival-de-teatro-de-la-ciudad"],"acf":[],"_links":{"self":[{"href":"https:\/\/www.opinionpublica.tv\/portada\/wp-json\/wp\/v2\/posts\/91033","targetHints":{"allow":["GET"]}}],"collection":[{"href":"https:\/\/www.opinionpublica.tv\/portada\/wp-json\/wp\/v2\/posts"}],"about":[{"href":"https:\/\/www.opinionpublica.tv\/portada\/wp-json\/wp\/v2\/types\/post"}],"author":[{"embeddable":true,"href":"https:\/\/www.opinionpublica.tv\/portada\/wp-json\/wp\/v2\/users\/6"}],"replies":[{"embeddable":true,"href":"https:\/\/www.opinionpublica.tv\/portada\/wp-json\/wp\/v2\/comments?post=91033"}],"version-history":[{"count":3,"href":"https:\/\/www.opinionpublica.tv\/portada\/wp-json\/wp\/v2\/posts\/91033\/revisions"}],"predecessor-version":[{"id":91038,"href":"https:\/\/www.opinionpublica.tv\/portada\/wp-json\/wp\/v2\/posts\/91033\/revisions\/91038"}],"wp:featuredmedia":[{"embeddable":true,"href":"https:\/\/www.opinionpublica.tv\/portada\/wp-json\/wp\/v2\/media\/91037"}],"wp:attachment":[{"href":"https:\/\/www.opinionpublica.tv\/portada\/wp-json\/wp\/v2\/media?parent=91033"}],"wp:term":[{"taxonomy":"category","embeddable":true,"href":"https:\/\/www.opinionpublica.tv\/portada\/wp-json\/wp\/v2\/categories?post=91033"},{"taxonomy":"post_tag","embeddable":true,"href":"https:\/\/www.opinionpublica.tv\/portada\/wp-json\/wp\/v2\/tags?post=91033"}],"curies":[{"name":"wp","href":"https:\/\/api.w.org\/{rel}","templated":true}]}}