{"id":91023,"date":"2026-08-03T00:01:00","date_gmt":"2026-08-03T06:01:00","guid":{"rendered":"https:\/\/www.opinionpublica.tv\/portada\/?p=91023"},"modified":"2026-08-02T14:56:13","modified_gmt":"2026-08-02T20:56:13","slug":"harfuch-destaca-labor-de-la-marina-contra-delincuencia-y-reduccion-de-48-en-homicidios","status":"publish","type":"post","link":"https:\/\/www.opinionpublica.tv\/portada\/harfuch-destaca-labor-de-la-marina-contra-delincuencia-y-reduccion-de-48-en-homicidios\/","title":{"rendered":"Harfuch destaca labor de la Marina contra delincuencia y baja de 48% en homicidios"},"content":{"rendered":"\n<figure class=\"wp-block-image size-large\"><img fetchpriority=\"high\" decoding=\"async\" width=\"1024\" height=\"681\" src=\"https:\/\/www.opinionpublica.tv\/portada\/wp-content\/uploads\/2026\/08\/Harfuch-destaca-labor-de-la-Marina-contra-delincuencia-y-baja-de-48-en-homicidios-1024x681.webp\" alt=\"Harfuch destaca labor de la Marina contra delincuencia y baja de 48% en homicidios\" class=\"wp-image-91026\" srcset=\"https:\/\/www.opinionpublica.tv\/portada\/wp-content\/uploads\/2026\/08\/Harfuch-destaca-labor-de-la-Marina-contra-delincuencia-y-baja-de-48-en-homicidios-1024x681.webp 1024w, https:\/\/www.opinionpublica.tv\/portada\/wp-content\/uploads\/2026\/08\/Harfuch-destaca-labor-de-la-Marina-contra-delincuencia-y-baja-de-48-en-homicidios-300x200.webp 300w, https:\/\/www.opinionpublica.tv\/portada\/wp-content\/uploads\/2026\/08\/Harfuch-destaca-labor-de-la-Marina-contra-delincuencia-y-baja-de-48-en-homicidios-768x511.webp 768w, https:\/\/www.opinionpublica.tv\/portada\/wp-content\/uploads\/2026\/08\/Harfuch-destaca-labor-de-la-Marina-contra-delincuencia-y-baja-de-48-en-homicidios.webp 1200w\" sizes=\"(max-width: 1024px) 100vw, 1024px\" \/><\/figure>\n\n\n\n<p class=\"wp-block-paragraph\"><em>Ciudad de M\u00e9xico<\/em>.- Al apadrinar a la nueva generaci\u00f3n de guardiamarinas, el secretario de Seguridad y Protecci\u00f3n Ciudadana, Omar Garc\u00eda Harfuch, reconoci\u00f3 a la Secretar\u00eda de Marina como pieza clave en el combate a la delincuencia organizada y la protecci\u00f3n del pa\u00eds. Destac\u00f3 que, en esta administraci\u00f3n de gobierno, la instituci\u00f3n naval ha decomisado m\u00e1s de 80 toneladas de coca\u00edna en el mar y ha contribuido a reducir 48 por ciento los homicidios en el pa\u00eds.<\/p>\n\n\n\n<p class=\"wp-block-paragraph\">Garc\u00eda Harfuch asisti\u00f3 el pasado s\u00e1bado, como Padrino de la Generaci\u00f3n 2022\u20132026 de la Heroica Escuela Naval Militar, a la tradicional Cena-Baile celebrada en Ant\u00f3n Lizardo, Veracruz, en la que tambi\u00e9n participaron el secretario de Marina, Raymundo Pedro Morales \u00c1ngeles, y la gobernadora de Veracruz, Roc\u00edo Nahle Garc\u00eda.<\/p>\n\n\n\n<p class=\"wp-block-paragraph\">En un comunicado, la Secretar\u00eda de Seguridad y Protecci\u00f3n Ciudadana (SSPC), inform\u00f3 que su titular dijo a los oficiales marinos que est\u00e1n asumiendo una de las mayores responsabilidades que puede tener un servidor p\u00fablico: proteger a M\u00e9xico.<\/p>\n\n\n\n<p class=\"wp-block-paragraph\">\u201cNo lo hicieron por un grado o por una condecoraci\u00f3n o reconocimiento. Lo hicieron porque decidieron que su vida tendr\u00eda un prop\u00f3sito m\u00e1s grande que ustedes mismos. El uniforme representa la confianza de millones de mexicanas y mexicanos. Esa confianza se gana todos los d\u00edas con integridad, humildad, disciplina, profesionalismo y ejemplo\u201d, les dijo.<\/p>\n\n\n\n<p class=\"wp-block-paragraph\">Record\u00f3 que han asegurado cerca de 80 toneladas de coca\u00edna en mares mexicanos, afectando de manera significativa la capacidad operativa y financiera de las organizaciones criminales.<\/p>\n\n\n\n<p class=\"wp-block-paragraph\">Uno de los m\u00e1s recientes decomisos al narcotr\u00e1fico ocurri\u00f3 el 21 de julio, cuando la Marina intercept\u00f3 en las costas de Chiapas una embarcaci\u00f3n con 1.5 toneladas de coca\u00edna y detuvo a cinco personas.<\/p>\n\n\n\n<p class=\"wp-block-paragraph\">Garc\u00eda Harfuch tambi\u00e9n destac\u00f3 que la coordinaci\u00f3n entre la Secretar\u00eda de Marina, Secretar\u00eda de la Defensa Nacional, Guardia Nacional, Fiscal\u00eda General de la Rep\u00fablica, Secretar\u00eda de Seguridad y Protecci\u00f3n Ciudadana, el Centro Nacional de Inteligencia y las autoridades estatales ha permitido reducir en 48 por ciento el promedio diario de homicidios dolosos desde el inicio de la administraci\u00f3n, lo que representa 41 homicidios menos cada d\u00eda.<\/p>\n\n\n\n<p class=\"wp-block-paragraph\"><em>Con informaci\u00f3n de La Jornada<\/em>.<\/p>\n","protected":false},"excerpt":{"rendered":"<p>Ciudad de M\u00e9xico.- Al apadrinar a la nueva generaci\u00f3n de guardiamarinas, el secretario de Seguridad y Protecci\u00f3n Ciudadana, Omar Garc\u00eda Harfuch, reconoci\u00f3 a la Secretar\u00eda de Marina como pieza clave en el combate a la delincuencia organizada y la protecci\u00f3n del pa\u00eds. Destac\u00f3 que, en esta administraci\u00f3n de gobierno, la instituci\u00f3n naval ha decomisado m\u00e1s [&hellip;]<\/p>\n","protected":false},"author":6,"featured_media":91026,"comment_status":"closed","ping_status":"closed","sticky":false,"template":"","format":"standard","meta":{"_acf_changed":false,"_monsterinsights_skip_tracking":false,"slim_seo":{"title":"Harfuch destaca labor de la Marina contra delincuencia y baja de 48% en homicidios - Opini\u00f3n P\u00fablica","description":"Ciudad de M\u00e9xico .- Al apadrinar a la nueva generaci\u00f3n de guardiamarinas, el secretario de Seguridad y Protecci\u00f3n Ciudadana, Omar Garc\u00eda Harfuch, reconoci\u00f3 a la"},"footnotes":""},"categories":[4],"tags":[1349,4141],"class_list":["post-91023","post","type-post","status-publish","format-standard","has-post-thumbnail","hentry","category-pulsopolitico","tag-omar-garcia-harfuch","tag-secretaria-de-marina"],"acf":[],"_links":{"self":[{"href":"https:\/\/www.opinionpublica.tv\/portada\/wp-json\/wp\/v2\/posts\/91023","targetHints":{"allow":["GET"]}}],"collection":[{"href":"https:\/\/www.opinionpublica.tv\/portada\/wp-json\/wp\/v2\/posts"}],"about":[{"href":"https:\/\/www.opinionpublica.tv\/portada\/wp-json\/wp\/v2\/types\/post"}],"author":[{"embeddable":true,"href":"https:\/\/www.opinionpublica.tv\/portada\/wp-json\/wp\/v2\/users\/6"}],"replies":[{"embeddable":true,"href":"https:\/\/www.opinionpublica.tv\/portada\/wp-json\/wp\/v2\/comments?post=91023"}],"version-history":[{"count":3,"href":"https:\/\/www.opinionpublica.tv\/portada\/wp-json\/wp\/v2\/posts\/91023\/revisions"}],"predecessor-version":[{"id":91027,"href":"https:\/\/www.opinionpublica.tv\/portada\/wp-json\/wp\/v2\/posts\/91023\/revisions\/91027"}],"wp:featuredmedia":[{"embeddable":true,"href":"https:\/\/www.opinionpublica.tv\/portada\/wp-json\/wp\/v2\/media\/91026"}],"wp:attachment":[{"href":"https:\/\/www.opinionpublica.tv\/portada\/wp-json\/wp\/v2\/media?parent=91023"}],"wp:term":[{"taxonomy":"category","embeddable":true,"href":"https:\/\/www.opinionpublica.tv\/portada\/wp-json\/wp\/v2\/categories?post=91023"},{"taxonomy":"post_tag","embeddable":true,"href":"https:\/\/www.opinionpublica.tv\/portada\/wp-json\/wp\/v2\/tags?post=91023"}],"curies":[{"name":"wp","href":"https:\/\/api.w.org\/{rel}","templated":true}]}}