{"id":90946,"date":"2026-08-02T00:01:00","date_gmt":"2026-08-02T06:01:00","guid":{"rendered":"https:\/\/www.opinionpublica.tv\/portada\/?p=90946"},"modified":"2026-08-01T17:38:46","modified_gmt":"2026-08-01T23:38:46","slug":"la-isla-de-los-dinosaurios","status":"publish","type":"post","link":"https:\/\/www.opinionpublica.tv\/portada\/la-isla-de-los-dinosaurios\/","title":{"rendered":"La isla de los dinosaurios"},"content":{"rendered":"\n<h4 class=\"wp-block-heading\">Jos\u00e9 Woldenberg<\/h4>\n\n\n\n<p class=\"wp-block-paragraph\">___________________________<\/p>\n\n\n\n<p class=\"wp-block-paragraph\">\u201cLa pol\u00edtica (como la entiendo) consiste en confiar en las instituciones y en desconfiar en quienes las dirigen\u201d. Javier Cercas. El peri\u00f3dico de la democracia.<\/p>\n\n\n\n<p class=\"wp-block-paragraph\">Le\u00ed las instrucciones que la presidenta le dio a uno de sus subordinados y no s\u00e9 por qu\u00e9, como en una nebulosa, cre\u00ed recordar una vieja pel\u00edcula mexicana titulada La isla de los dinosaurios. La memoria no solo act\u00faa de manera err\u00e1tica sino sorpresiva. Las asociaciones que el \u201ccoco\u201d hace son disparadas de muy diferente manera y nunca dejan de asombrar.<\/p>\n\n\n\n<p class=\"wp-block-paragraph\">Y dado que no estaba seguro siquiera de la existencia de la pel\u00edcula (confiar en la memoria a estas alturas es peligroso), fui a ese repositorio hist\u00f3rico que es la monumental Historia documental del cine mexicano, de Emilio Garc\u00eda Riera. En el tomo 9, publicado por ERA en 1978, la encontr\u00e9. Filmada en 1966 y dirigida por Rafael Portillo, actuaban, entre otros, Armando Silvestre, Alma Delia Fuentes y Elsa C\u00e1rdenas.<\/p>\n\n\n\n<p class=\"wp-block-paragraph\">Tengo la impresi\u00f3n de que Garc\u00eda Riera no pudo verla porque lo que transcribe es la \u201cs\u00edntesis publicitaria del argumento\u201d. Yo hago ahora una s\u00edntesis de la s\u00edntesis: un cient\u00edfico mexicano est\u00e1 persuadido que la Atl\u00e1ntida est\u00e1 situada cerca de las Bermudas y logra integrar una expedici\u00f3n para probar su convicci\u00f3n. No llegan a su destino.<\/p>\n\n\n\n<p class=\"wp-block-paragraph\">Una fuerte tormenta los obliga a descender en un islote desconocido. Y ah\u00ed se topan con \u201cuna tribu de hombres que viven como hace millones de a\u00f1os. No conocen a\u00fan el lenguaje humano y se entienden por sonidos guturales\u2026\u201d. Sobra decir que sucede de todo, incluso una historia de amor, pero lo que deseo subrayar es que se trata del encuentro con un pasado remoto de la humanidad, una isla en la cual subsisten los dinosaurios.<\/p>\n\n\n\n<p class=\"wp-block-paragraph\">Se trata de una pel\u00edcula muy anterior a Parque Jur\u00e1sico (1993) y su secuela, pero si mal no entiendo, en la mexicana los investigadores no solo encuentran dinosaurios, sino hombres estancados en aquel per\u00edodo prehist\u00f3rico. Un choque brutal entre la civilizaci\u00f3n y el atraso, entre las destrezas y conocimientos generados a lo largo de miles de a\u00f1os y los h\u00e1bitos y costumbres (supuestos) de las comunidades primitivas.<\/p>\n\n\n\n<p class=\"wp-block-paragraph\">\u00bfPor qu\u00e9 el cerebro conect\u00f3 unos dichos de la presidenta con esa pel\u00edcula? Quiz\u00e1 porque en un recorrido de Claudia Sheinbaum por el Parque del Jaguar en Tulum \u00e9sta le dijo al titular de la Comisi\u00f3n Nacional de \u00c1reas Naturales Protegidas: \u201cHay que gobernar con sentido com\u00fan y para la gente. Cuando las normas se ponen por encima de la gente y el sentido com\u00fan, est\u00e1 mal. No cumplas con la norma, es lo que te estoy diciendo\u201d.<\/p>\n\n\n\n<p class=\"wp-block-paragraph\">No cumplas con la norma fue el dictado. Otra vez la convicci\u00f3n personal por encima de la ley, la \u201cbuena intenci\u00f3n\u201d superior a la obligaci\u00f3n legal (ver el art\u00edculo de Ra\u00fal Trejo D. en Nexos virtual).<\/p>\n\n\n\n<p class=\"wp-block-paragraph\">No creo que la propia presidenta recuerde que cuando tom\u00f3 posesi\u00f3n de su encargo dijo: \u201cprotesto guardar y hacer guardar la Constituci\u00f3n Pol\u00edtica de los Estados Unidos Mexicanos y las leyes que de ella emanen\u2026\u201d (art\u00edculo 87). O a lo mejor piensa que se trat\u00f3 de un ritual sin sustancia, una representaci\u00f3n que no compromete, dado que su voluntad est\u00e1 por encima de la ley.<\/p>\n\n\n\n<p class=\"wp-block-paragraph\">No han comprendido que el imperio de la ley es superior al imperio de los hombres, como lo escribi\u00f3 en estas mismas p\u00e1ginas Lorenzo C\u00f3rdova.<\/p>\n\n\n\n<p class=\"wp-block-paragraph\">Mientras el primero intenta ofrecer un conjunto de garant\u00edas universales, entre las que se encuentran la protecci\u00f3n de los derechos de los individuos y establece los l\u00edmites y facultades de las autoridades; el imperio de los hombres suele ser arbitrario, caprichoso y por ello injusto, dado que porta una cauda de prejuicios e intereses personales.<\/p>\n\n\n\n<p class=\"wp-block-paragraph\">\u00bfNo estaremos volando hacia la isla de los dinosaurios?<\/p>\n","protected":false},"excerpt":{"rendered":"<p>Jos\u00e9 Woldenberg ___________________________ \u201cLa pol\u00edtica (como la entiendo) consiste en confiar en las instituciones y en desconfiar en quienes las dirigen\u201d. Javier Cercas. El peri\u00f3dico de la democracia. Le\u00ed las instrucciones que la presidenta le dio a uno de sus subordinados y no s\u00e9 por qu\u00e9, como en una nebulosa, cre\u00ed recordar una vieja pel\u00edcula [&hellip;]<\/p>\n","protected":false},"author":6,"featured_media":43694,"comment_status":"closed","ping_status":"closed","sticky":false,"template":"","format":"standard","meta":{"_acf_changed":false,"_monsterinsights_skip_tracking":false,"slim_seo":{"title":"La isla de los dinosaurios - Opini\u00f3n P\u00fablica","description":"Jos\u00e9 Woldenberg ___________________________ \u201cLa pol\u00edtica (como la entiendo) consiste en confiar en las instituciones y en desconfiar en quienes las dirigen\u201d. Ja"},"footnotes":""},"categories":[26],"tags":[782],"class_list":["post-90946","post","type-post","status-publish","format-standard","has-post-thumbnail","hentry","category-de-chile-dulce-y-manteca-columna-invitada","tag-jose-woldenberg"],"acf":[],"_links":{"self":[{"href":"https:\/\/www.opinionpublica.tv\/portada\/wp-json\/wp\/v2\/posts\/90946","targetHints":{"allow":["GET"]}}],"collection":[{"href":"https:\/\/www.opinionpublica.tv\/portada\/wp-json\/wp\/v2\/posts"}],"about":[{"href":"https:\/\/www.opinionpublica.tv\/portada\/wp-json\/wp\/v2\/types\/post"}],"author":[{"embeddable":true,"href":"https:\/\/www.opinionpublica.tv\/portada\/wp-json\/wp\/v2\/users\/6"}],"replies":[{"embeddable":true,"href":"https:\/\/www.opinionpublica.tv\/portada\/wp-json\/wp\/v2\/comments?post=90946"}],"version-history":[{"count":1,"href":"https:\/\/www.opinionpublica.tv\/portada\/wp-json\/wp\/v2\/posts\/90946\/revisions"}],"predecessor-version":[{"id":90947,"href":"https:\/\/www.opinionpublica.tv\/portada\/wp-json\/wp\/v2\/posts\/90946\/revisions\/90947"}],"wp:featuredmedia":[{"embeddable":true,"href":"https:\/\/www.opinionpublica.tv\/portada\/wp-json\/wp\/v2\/media\/43694"}],"wp:attachment":[{"href":"https:\/\/www.opinionpublica.tv\/portada\/wp-json\/wp\/v2\/media?parent=90946"}],"wp:term":[{"taxonomy":"category","embeddable":true,"href":"https:\/\/www.opinionpublica.tv\/portada\/wp-json\/wp\/v2\/categories?post=90946"},{"taxonomy":"post_tag","embeddable":true,"href":"https:\/\/www.opinionpublica.tv\/portada\/wp-json\/wp\/v2\/tags?post=90946"}],"curies":[{"name":"wp","href":"https:\/\/api.w.org\/{rel}","templated":true}]}}