{"id":90857,"date":"2026-08-01T00:01:00","date_gmt":"2026-08-01T06:01:00","guid":{"rendered":"https:\/\/www.opinionpublica.tv\/portada\/?p=90857"},"modified":"2026-07-31T16:10:41","modified_gmt":"2026-07-31T22:10:41","slug":"asi-en-los-pinos-como-en-la-tierra-historias-incomodas-de-siete-familias-presidenciales-en-mexico-diana-penagos-jessica-saenz-y-alberto-tavira","status":"publish","type":"post","link":"https:\/\/www.opinionpublica.tv\/portada\/asi-en-los-pinos-como-en-la-tierra-historias-incomodas-de-siete-familias-presidenciales-en-mexico-diana-penagos-jessica-saenz-y-alberto-tavira\/","title":{"rendered":"As\u00ed en Los Pinos como en la tierra: historias inc\u00f3modas de 7 familias presidenciales"},"content":{"rendered":"\n<figure class=\"wp-block-image size-large\"><img fetchpriority=\"high\" decoding=\"async\" width=\"745\" height=\"1024\" src=\"https:\/\/www.opinionpublica.tv\/portada\/wp-content\/uploads\/2026\/07\/Asi-en-Los-Pinos-como-en-la-tierra-historias-incomodas-de-7-familias-presidenciales-745x1024.jpg\" alt=\"Asi\u0301 en Los Pinos como en la tierra historias inco\u0301modas de 7 familias presidenciales\" class=\"wp-image-90862\" srcset=\"https:\/\/www.opinionpublica.tv\/portada\/wp-content\/uploads\/2026\/07\/Asi-en-Los-Pinos-como-en-la-tierra-historias-incomodas-de-7-familias-presidenciales-745x1024.jpg 745w, https:\/\/www.opinionpublica.tv\/portada\/wp-content\/uploads\/2026\/07\/Asi-en-Los-Pinos-como-en-la-tierra-historias-incomodas-de-7-familias-presidenciales-218x300.jpg 218w, https:\/\/www.opinionpublica.tv\/portada\/wp-content\/uploads\/2026\/07\/Asi-en-Los-Pinos-como-en-la-tierra-historias-incomodas-de-7-familias-presidenciales-768x1056.jpg 768w, https:\/\/www.opinionpublica.tv\/portada\/wp-content\/uploads\/2026\/07\/Asi-en-Los-Pinos-como-en-la-tierra-historias-incomodas-de-7-familias-presidenciales.jpg 1091w\" sizes=\"(max-width: 745px) 100vw, 745px\" \/><\/figure>\n\n\n\n<p class=\"wp-block-paragraph\">Los periodistas de Qui\u00e9n indagan sobre las familias presidenciales.<\/p>\n\n\n\n<p class=\"wp-block-paragraph\">Desde su fundaci\u00f3n, la revista Qui\u00e9n se ha dedicado a investigar la vida y las contradicciones de figuras p\u00fablicas: no s\u00f3lo de la far\u00e1ndula, sino tambi\u00e9n de nuestra clase pol\u00edtica. Tras la bandera del llamado \u201cperiodismo del coraz\u00f3n\u201d, sus editores y autores han construido una premiada carrera alrededor de investigaciones novedosas y provocadoras.<\/p>\n\n\n\n<p class=\"wp-block-paragraph\">As\u00ed en Los Pinos como en la Tierra es una bit\u00e1cora de guerra que retrata la vida en la redacci\u00f3n y la investigaci\u00f3n de calle de la emblem\u00e1tica publicaci\u00f3n. En la historia de sus investigaciones sobre las familias Pe\u00f1a, Calder\u00f3n, Fox, Zedillo, Salinas de Gortari, L\u00f3pez Portillo y D\u00edaz Ordaz, los autores trazan un retrato agudo sobre los pol\u00edticos mexicanos y su relaci\u00f3n con los medios y la ciudadan\u00eda.<\/p>\n","protected":false},"excerpt":{"rendered":"<p>Los periodistas de Qui\u00e9n indagan sobre las familias presidenciales. Desde su fundaci\u00f3n, la revista Qui\u00e9n se ha dedicado a investigar la vida y las contradicciones de figuras p\u00fablicas: no s\u00f3lo de la far\u00e1ndula, sino tambi\u00e9n de nuestra clase pol\u00edtica. Tras la bandera del llamado \u201cperiodismo del coraz\u00f3n\u201d, sus editores y autores han construido una premiada [&hellip;]<\/p>\n","protected":false},"author":6,"featured_media":90862,"comment_status":"closed","ping_status":"closed","sticky":false,"template":"","format":"standard","meta":{"_acf_changed":false,"_monsterinsights_skip_tracking":false,"slim_seo":{"title":"As\u00ed en Los Pinos como en la tierra: historias inc\u00f3modas de 7 familias presidenciales - Opini\u00f3n P\u00fablica","description":"Los periodistas de Qui\u00e9n indagan sobre las familias presidenciales. Desde su fundaci\u00f3n, la revista Qui\u00e9n se ha dedicado a investigar la vida y las contradiccion"},"footnotes":""},"categories":[1007],"tags":[507,1115],"class_list":["post-90857","post","type-post","status-publish","format-standard","has-post-thumbnail","hentry","category-el-libro-de-la-semana","tag-lectura","tag-libro-de-la-semana"],"acf":[],"_links":{"self":[{"href":"https:\/\/www.opinionpublica.tv\/portada\/wp-json\/wp\/v2\/posts\/90857","targetHints":{"allow":["GET"]}}],"collection":[{"href":"https:\/\/www.opinionpublica.tv\/portada\/wp-json\/wp\/v2\/posts"}],"about":[{"href":"https:\/\/www.opinionpublica.tv\/portada\/wp-json\/wp\/v2\/types\/post"}],"author":[{"embeddable":true,"href":"https:\/\/www.opinionpublica.tv\/portada\/wp-json\/wp\/v2\/users\/6"}],"replies":[{"embeddable":true,"href":"https:\/\/www.opinionpublica.tv\/portada\/wp-json\/wp\/v2\/comments?post=90857"}],"version-history":[{"count":3,"href":"https:\/\/www.opinionpublica.tv\/portada\/wp-json\/wp\/v2\/posts\/90857\/revisions"}],"predecessor-version":[{"id":90863,"href":"https:\/\/www.opinionpublica.tv\/portada\/wp-json\/wp\/v2\/posts\/90857\/revisions\/90863"}],"wp:featuredmedia":[{"embeddable":true,"href":"https:\/\/www.opinionpublica.tv\/portada\/wp-json\/wp\/v2\/media\/90862"}],"wp:attachment":[{"href":"https:\/\/www.opinionpublica.tv\/portada\/wp-json\/wp\/v2\/media?parent=90857"}],"wp:term":[{"taxonomy":"category","embeddable":true,"href":"https:\/\/www.opinionpublica.tv\/portada\/wp-json\/wp\/v2\/categories?post=90857"},{"taxonomy":"post_tag","embeddable":true,"href":"https:\/\/www.opinionpublica.tv\/portada\/wp-json\/wp\/v2\/tags?post=90857"}],"curies":[{"name":"wp","href":"https:\/\/api.w.org\/{rel}","templated":true}]}}