{"id":90845,"date":"2026-08-01T00:01:00","date_gmt":"2026-08-01T06:01:00","guid":{"rendered":"https:\/\/www.opinionpublica.tv\/portada\/?p=90845"},"modified":"2026-07-31T15:50:16","modified_gmt":"2026-07-31T21:50:16","slug":"la-emboscada-sicologica-de-marina-del-pilar-hector-de-mauleon","status":"publish","type":"post","link":"https:\/\/www.opinionpublica.tv\/portada\/la-emboscada-sicologica-de-marina-del-pilar-hector-de-mauleon\/","title":{"rendered":"Video: La emboscada sicol\u00f3gica de Marina del Pilar | H\u00e9ctor de Maule\u00f3n"},"content":{"rendered":"\n<p class=\"wp-block-paragraph\"><a href=\"https:\/\/www.youtube.com\/@Latinusus\"><\/a><\/p>\n\n\n\n<figure class=\"wp-block-embed is-type-video is-provider-youtube wp-block-embed-youtube wp-embed-aspect-16-9 wp-has-aspect-ratio\"><div class=\"wp-block-embed__wrapper\">\n<iframe title=\"La emboscada sicol\u00f3gica de Marina del Pilar: H\u00e9ctor de Maule\u00f3n\" width=\"800\" height=\"450\" src=\"https:\/\/www.youtube.com\/embed\/SLAK9YpFxfg?feature=oembed\" frameborder=\"0\" allow=\"accelerometer; autoplay; clipboard-write; encrypted-media; gyroscope; picture-in-picture; web-share\" referrerpolicy=\"strict-origin-when-cross-origin\" allowfullscreen><\/iframe>\n<\/div><\/figure>\n\n\n\n<p class=\"wp-block-paragraph\">El periodista e historiador, H\u00e9ctor de Maule\u00f3n, habla sobre lo que \u00e9l considera \u00abuna emboscada sicol\u00f3gica de la gobernadora de Baja California Marina del Pilar \u00c1vila Olmeda\u00bb.<\/p>\n\n\n\n<p class=\"wp-block-paragraph\"><em>Cr\u00e9ditos: Latinus<\/em>.<\/p>\n","protected":false},"excerpt":{"rendered":"<p>El periodista e historiador, H\u00e9ctor de Maule\u00f3n, habla sobre lo que \u00e9l considera \u00abuna emboscada sicol\u00f3gica de la gobernadora de Baja California Marina del Pilar \u00c1vila Olmeda\u00bb. Cr\u00e9ditos: Latinus.<\/p>\n","protected":false},"author":6,"featured_media":90850,"comment_status":"closed","ping_status":"closed","sticky":false,"template":"","format":"standard","meta":{"_acf_changed":false,"_monsterinsights_skip_tracking":false,"slim_seo":{"title":"Video: La emboscada sicol\u00f3gica de Marina del Pilar | H\u00e9ctor de Maule\u00f3n - Opini\u00f3n P\u00fablica","description":"https:\/\/youtu.be\/SLAK9YpFxfg?si=saJrl20z0kIE0ps4 El periodista e historiador, H\u00e9ctor de Maule\u00f3n, habla sobre lo que \u00e9l considera \"una emboscada sicol\u00f3gica de la"},"footnotes":""},"categories":[13,2,8],"tags":[664,3970],"class_list":["post-90845","post","type-post","status-publish","format-standard","has-post-thumbnail","hentry","category-videos-destacados-contenido","category-videos-destacados","category-videos","tag-hector-de-mauleon","tag-marina-del-pilar-avila-olmeda"],"acf":[],"_links":{"self":[{"href":"https:\/\/www.opinionpublica.tv\/portada\/wp-json\/wp\/v2\/posts\/90845","targetHints":{"allow":["GET"]}}],"collection":[{"href":"https:\/\/www.opinionpublica.tv\/portada\/wp-json\/wp\/v2\/posts"}],"about":[{"href":"https:\/\/www.opinionpublica.tv\/portada\/wp-json\/wp\/v2\/types\/post"}],"author":[{"embeddable":true,"href":"https:\/\/www.opinionpublica.tv\/portada\/wp-json\/wp\/v2\/users\/6"}],"replies":[{"embeddable":true,"href":"https:\/\/www.opinionpublica.tv\/portada\/wp-json\/wp\/v2\/comments?post=90845"}],"version-history":[{"count":4,"href":"https:\/\/www.opinionpublica.tv\/portada\/wp-json\/wp\/v2\/posts\/90845\/revisions"}],"predecessor-version":[{"id":90852,"href":"https:\/\/www.opinionpublica.tv\/portada\/wp-json\/wp\/v2\/posts\/90845\/revisions\/90852"}],"wp:featuredmedia":[{"embeddable":true,"href":"https:\/\/www.opinionpublica.tv\/portada\/wp-json\/wp\/v2\/media\/90850"}],"wp:attachment":[{"href":"https:\/\/www.opinionpublica.tv\/portada\/wp-json\/wp\/v2\/media?parent=90845"}],"wp:term":[{"taxonomy":"category","embeddable":true,"href":"https:\/\/www.opinionpublica.tv\/portada\/wp-json\/wp\/v2\/categories?post=90845"},{"taxonomy":"post_tag","embeddable":true,"href":"https:\/\/www.opinionpublica.tv\/portada\/wp-json\/wp\/v2\/tags?post=90845"}],"curies":[{"name":"wp","href":"https:\/\/api.w.org\/{rel}","templated":true}]}}