{"id":90814,"date":"2026-07-31T00:01:00","date_gmt":"2026-07-31T06:01:00","guid":{"rendered":"https:\/\/www.opinionpublica.tv\/portada\/?p=90814"},"modified":"2026-07-30T20:18:22","modified_gmt":"2026-07-31T02:18:22","slug":"amanecer","status":"publish","type":"post","link":"https:\/\/www.opinionpublica.tv\/portada\/amanecer\/","title":{"rendered":"Amanecer"},"content":{"rendered":"\n<h4 class=\"wp-block-heading\">Ra\u00fal Ruiz<\/h4>\n\n\n\n<p class=\"wp-block-paragraph\">___________________________<\/p>\n\n\n\n<p class=\"wp-block-paragraph\">Hoy amanec\u00ed divertido.<\/p>\n\n\n\n<p class=\"wp-block-paragraph\">Todav\u00eda la noche oscura, pero los sentidos comienzan a despertar.<\/p>\n\n\n\n<p class=\"wp-block-paragraph\">Me remont\u00e9 a la canci\u00f3n de Armando Manzanero que comienza:<\/p>\n\n\n\n<p class=\"wp-block-paragraph\">\u00abAmanecer y ver tu rostro sonre\u00edr es un placer, un privilegio para m\u00ed\u00bb.<\/p>\n\n\n\n<p class=\"wp-block-paragraph\">\u00abAmor, son las 5:00 a.m. te estoy acercando un vaso con un batido de fresa que te va a encantar.<\/p>\n\n\n\n<p class=\"wp-block-paragraph\">Suerte.<\/p>\n\n\n\n<p class=\"wp-block-paragraph\">Es la voz de mi mujer que me trae el primer alimento del d\u00eda. Tengo que salir pronto de la sarcopenia o el c\u00e1ncer me mata. Hago entre cinco y siete comidas y colaciones.<\/p>\n\n\n\n<p class=\"wp-block-paragraph\">Un par de sorbidos y no pasa nada. S\u00f3lo unas carcajadas que parecen irrumpir la noche y me culpan por adelantar el final del descanso nocturno.<\/p>\n\n\n\n<p class=\"wp-block-paragraph\">\u00bfDe qu\u00e9 te r\u00edes? Pregunt\u00f3.<\/p>\n\n\n\n<p class=\"wp-block-paragraph\">O deber\u00eda decir&#8230; \u00bfde qui\u00e9n te r\u00edes?<\/p>\n\n\n\n<p class=\"wp-block-paragraph\">De nadie. Le contesto. S\u00f3lo que me pareci\u00f3 haber amanecido en una pel\u00edcula de humor argentino. Ya los conoces como son de mamones.<\/p>\n\n\n\n<p class=\"wp-block-paragraph\">Sin abrir los ojos todav\u00eda, le digo: Es una fresca bebida con el ligero sabor a fresa.<\/p>\n\n\n\n<p class=\"wp-block-paragraph\">\u00abTe das cuenta. nunca aprecias nada. y eso que le puse cinco fresas maduras.\u00bb Me reclama.<\/p>\n\n\n\n<p class=\"wp-block-paragraph\">Espera, \u00bfy esa combinaci\u00f3n con un extra\u00f1o polvillo que escurre por las papilas laterales?<\/p>\n\n\n\n<p class=\"wp-block-paragraph\">\u00abAh, es que le pongo una cucharita de: POLIGES.<\/p>\n\n\n\n<p class=\"wp-block-paragraph\">Calcio prote\u00ednas, grasas, vitaminas y minerales. Un suplemento alimenticio que te mand\u00f3 mi mam\u00e1\u00bb.<\/p>\n\n\n\n<p class=\"wp-block-paragraph\">Y este c\u00e1lido festival de nueces con almendras. Nomamespancho.<\/p>\n\n\n\n<p class=\"wp-block-paragraph\">Muy nutritivo comienza el d\u00eda. Y al abrir los ojos, su rostro, envuelto en el hirsuto pelo bajo los primeros rayos del sol, me llenan de fuerza para comenzar el d\u00eda.<\/p>\n\n\n\n<p class=\"wp-block-paragraph\">B\u00e9belo, no me quieras dormir con tu l\u00e9xico mam\u00f3n de gourmet.<\/p>\n\n\n\n<p class=\"wp-block-paragraph\">Oye werita, \u00bfEn serio piensas que amanezco muy mam\u00f3n?<\/p>\n\n\n\n<p class=\"wp-block-paragraph\">NO.<\/p>\n\n\n\n<p class=\"wp-block-paragraph\">Respondi\u00f3 sin detenimiento.<\/p>\n\n\n\n<p class=\"wp-block-paragraph\">\u00abT\u00fa desde el momento en que duermes eres mam\u00f3n. As\u00ed que amaneces igual y as\u00ed pasas el resto del d\u00eda. Pero bueno, as\u00ed te conoc\u00ed y as\u00ed me gustaste. \u00bfListo para iniciar el d\u00eda contra tu monstruo Metalepsis?<\/p>\n\n\n\n<p class=\"wp-block-paragraph\">Mientras te afeito, d\u00edctale a tu reproductor de audio el arranque de Cartapacio y v\u00e1monos al IMSS a la consulta con tu doctora familiar.<\/p>\n\n\n\n<p class=\"wp-block-paragraph\">Puntuales llegaron los camilleros que orden\u00f3 To\u00f1o Andreu, y partimos r\u00e1pidamente al punto convenido por el personal del IMSS.<\/p>\n\n\n\n<p class=\"wp-block-paragraph\">Quienes nuevamente me quisieron hacer la jugada del rat\u00f3n loco, pero hoy me la PEREZCUELLARON.<\/p>\n\n\n\n<p class=\"wp-block-paragraph\">Traigo un equipo de camilleros depocamadre, sinceramente muy perros, Alfredo y Francisco. Ya hablaremos de ellos en otro cap\u00edtulo.<\/p>\n\n\n\n<p class=\"wp-block-paragraph\">Para cuando llegamos, mi doctora hab\u00eda le\u00eddo ya todos los reportes de laboratorio.<\/p>\n\n\n\n<p class=\"wp-block-paragraph\">Me recibe con una gran sonrisa y una grata noticia.<\/p>\n\n\n\n<p class=\"wp-block-paragraph\">\u00abLos ant\u00edgenos prost\u00e1ticos bajaron en un mes de 5 a 1, hemos controlado la glucosa en par\u00e1metros de 110, hasta 135. Ya sin medicamentos, s\u00f3lo bajo control alimenticio.<\/p>\n\n\n\n<p class=\"wp-block-paragraph\">S\u00f3lo una ligera arritmia que detecta el electrocardiograma nos descompone la fiesta, pero yo digo que estamos listos para la siguiente cirug\u00eda\u00bb.<\/p>\n\n\n\n<p class=\"wp-block-paragraph\">Hoy viernes, tengo cita con el internista para que confirmes estos datos.<\/p>\n\n\n\n<p class=\"wp-block-paragraph\">Con raz\u00f3n, no vi a Metalepsis ayer, ni hoy. \u00a1ni los juertes dolores de espalda!<\/p>\n\n\n\n<p class=\"wp-block-paragraph\">D\u00e9jenme flotar. Que ya pronto saldremos de \u00e9sta.<\/p>\n\n\n\n<p class=\"wp-block-paragraph\">Les seguir\u00e9 contando.<\/p>\n\n\n\n<p class=\"wp-block-paragraph\">Bendito sea Dios.<\/p>\n","protected":false},"excerpt":{"rendered":"<p>Ra\u00fal Ruiz ___________________________ Hoy amanec\u00ed divertido. Todav\u00eda la noche oscura, pero los sentidos comienzan a despertar. Me remont\u00e9 a la canci\u00f3n de Armando Manzanero que comienza: \u00abAmanecer y ver tu rostro sonre\u00edr es un placer, un privilegio para m\u00ed\u00bb. \u00abAmor, son las 5:00 a.m. te estoy acercando un vaso con un batido de fresa que [&hellip;]<\/p>\n","protected":false},"author":6,"featured_media":43347,"comment_status":"closed","ping_status":"closed","sticky":false,"template":"","format":"standard","meta":{"_acf_changed":false,"_monsterinsights_skip_tracking":false,"slim_seo":{"title":"Amanecer - Opini\u00f3n P\u00fablica","description":"Ra\u00fal Ruiz ___________________________ Hoy amanec\u00ed divertido. Todav\u00eda la noche oscura, pero los sentidos comienzan a despertar. Me remont\u00e9 a la canci\u00f3n de Armand"},"footnotes":""},"categories":[21],"tags":[593,789],"class_list":["post-90814","post","type-post","status-publish","format-standard","has-post-thumbnail","hentry","category-cartapacio","tag-cartapacio","tag-raul-ruiz"],"acf":[],"_links":{"self":[{"href":"https:\/\/www.opinionpublica.tv\/portada\/wp-json\/wp\/v2\/posts\/90814","targetHints":{"allow":["GET"]}}],"collection":[{"href":"https:\/\/www.opinionpublica.tv\/portada\/wp-json\/wp\/v2\/posts"}],"about":[{"href":"https:\/\/www.opinionpublica.tv\/portada\/wp-json\/wp\/v2\/types\/post"}],"author":[{"embeddable":true,"href":"https:\/\/www.opinionpublica.tv\/portada\/wp-json\/wp\/v2\/users\/6"}],"replies":[{"embeddable":true,"href":"https:\/\/www.opinionpublica.tv\/portada\/wp-json\/wp\/v2\/comments?post=90814"}],"version-history":[{"count":2,"href":"https:\/\/www.opinionpublica.tv\/portada\/wp-json\/wp\/v2\/posts\/90814\/revisions"}],"predecessor-version":[{"id":90816,"href":"https:\/\/www.opinionpublica.tv\/portada\/wp-json\/wp\/v2\/posts\/90814\/revisions\/90816"}],"wp:featuredmedia":[{"embeddable":true,"href":"https:\/\/www.opinionpublica.tv\/portada\/wp-json\/wp\/v2\/media\/43347"}],"wp:attachment":[{"href":"https:\/\/www.opinionpublica.tv\/portada\/wp-json\/wp\/v2\/media?parent=90814"}],"wp:term":[{"taxonomy":"category","embeddable":true,"href":"https:\/\/www.opinionpublica.tv\/portada\/wp-json\/wp\/v2\/categories?post=90814"},{"taxonomy":"post_tag","embeddable":true,"href":"https:\/\/www.opinionpublica.tv\/portada\/wp-json\/wp\/v2\/tags?post=90814"}],"curies":[{"name":"wp","href":"https:\/\/api.w.org\/{rel}","templated":true}]}}