{"id":90654,"date":"2026-07-29T00:01:00","date_gmt":"2026-07-29T06:01:00","guid":{"rendered":"https:\/\/www.opinionpublica.tv\/portada\/?p=90654"},"modified":"2026-07-29T08:40:11","modified_gmt":"2026-07-29T14:40:11","slug":"exhorta-estado-a-reforzar-medidas-para-prevenir-golpes-de-calor","status":"publish","type":"post","link":"https:\/\/www.opinionpublica.tv\/portada\/exhorta-estado-a-reforzar-medidas-para-prevenir-golpes-de-calor\/","title":{"rendered":"Exhorta Estado a reforzar medidas para prevenir golpes de calor en Chihuahua"},"content":{"rendered":"\n<figure class=\"wp-block-image size-large\"><img fetchpriority=\"high\" decoding=\"async\" width=\"1024\" height=\"576\" src=\"https:\/\/www.opinionpublica.tv\/portada\/wp-content\/uploads\/2026\/07\/Exhorta-Estado-a-reforzar-medidas-para-prevenir-golpes-de-calor-1024x576.jpeg\" alt=\"Exhorta Estado a reforzar medidas para prevenir golpes de calor\" class=\"wp-image-90655\" srcset=\"https:\/\/www.opinionpublica.tv\/portada\/wp-content\/uploads\/2026\/07\/Exhorta-Estado-a-reforzar-medidas-para-prevenir-golpes-de-calor-1024x576.jpeg 1024w, https:\/\/www.opinionpublica.tv\/portada\/wp-content\/uploads\/2026\/07\/Exhorta-Estado-a-reforzar-medidas-para-prevenir-golpes-de-calor-300x169.jpeg 300w, https:\/\/www.opinionpublica.tv\/portada\/wp-content\/uploads\/2026\/07\/Exhorta-Estado-a-reforzar-medidas-para-prevenir-golpes-de-calor-768x432.jpeg 768w, https:\/\/www.opinionpublica.tv\/portada\/wp-content\/uploads\/2026\/07\/Exhorta-Estado-a-reforzar-medidas-para-prevenir-golpes-de-calor.jpeg 1280w\" sizes=\"(max-width: 1024px) 100vw, 1024px\" \/><\/figure>\n\n\n\n<p class=\"wp-block-paragraph\">El Gobierno del Estado, a trav\u00e9s de la Secretar\u00eda de Salud llam\u00f3 a la ciudadan\u00eda a reforzar las medidas para prevenir golpes de calor, especialmente en ni\u00f1as, ni\u00f1os, adultos mayores, mujeres embarazadas y personas con enfermedades cr\u00f3nicas.<\/p>\n\n\n\n<p class=\"wp-block-paragraph\">La coordinadora de Epidemiolog\u00eda del Distrito de Salud II Ju\u00e1rez, Carolina Preciado, se\u00f1al\u00f3 que en el caso de los menores de edad es primordial no dejarlos al interior de los veh\u00edculos, aunque las ventanas est\u00e9n abiertas o el autom\u00f3vil se encuentre a la sombra.<\/p>\n\n\n\n<p class=\"wp-block-paragraph\">Recomend\u00f3 mantener cerradas las puertas y la cajuela, incluso cuando el autom\u00f3vil est\u00e9 estacionado en casa y tener las llaves fuera de su alcance.<\/p>\n\n\n\n<p class=\"wp-block-paragraph\">Indic\u00f3 que tanto ni\u00f1as y ni\u00f1os como adultos mayores, deben mantenerse hidratados, evitar que realicen actividades f\u00edsicas al aire libre entre las 11:00 de la ma\u00f1ana y las 5:00 de la tarde, permanecer en espacios frescos y ventilados, y vestir ropa ligera y de colores claros.<\/p>\n\n\n\n<p class=\"wp-block-paragraph\">La funcionaria agreg\u00f3 que es importante estar atentos a s\u00edntomas como dolor de cabeza, mareos, sudoraci\u00f3n excesiva, piel caliente, debilidad, v\u00f3mito o somnolencia y, en caso de presentarlos, solicitar de inmediato atenci\u00f3n m\u00e9dica.<\/p>\n\n\n\n<p class=\"wp-block-paragraph\">Preciado enfatiz\u00f3 que atender estas recomendaciones es fundamental para salvaguardar la salud de los grupos m\u00e1s vulnerables de la poblaci\u00f3n y prevenir padecimientos relacionados con las altas temperaturas.<\/p>\n","protected":false},"excerpt":{"rendered":"<p>El Gobierno del Estado, a trav\u00e9s de la Secretar\u00eda de Salud llam\u00f3 a la ciudadan\u00eda a reforzar las medidas para prevenir golpes de calor, especialmente en ni\u00f1as, ni\u00f1os, adultos mayores, mujeres embarazadas y personas con enfermedades cr\u00f3nicas. La coordinadora de Epidemiolog\u00eda del Distrito de Salud II Ju\u00e1rez, Carolina Preciado, se\u00f1al\u00f3 que en el caso de [&hellip;]<\/p>\n","protected":false},"author":6,"featured_media":90655,"comment_status":"closed","ping_status":"closed","sticky":false,"template":"","format":"standard","meta":{"_acf_changed":false,"_monsterinsights_skip_tracking":false,"slim_seo":{"title":"Exhorta Estado a reforzar medidas para prevenir golpes de calor en Chihuahua - Opini\u00f3n P\u00fablica","description":"El Gobierno del Estado, a trav\u00e9s de la Secretar\u00eda de Salud llam\u00f3 a la ciudadan\u00eda a reforzar las medidas para prevenir golpes de calor, especialmente en ni\u00f1as, n"},"footnotes":""},"categories":[11],"tags":[4091,1277,2262],"class_list":["post-90654","post","type-post","status-publish","format-standard","has-post-thumbnail","hentry","category-tendencias","tag-clima","tag-gobierno-del-estado","tag-salud-publica"],"acf":[],"_links":{"self":[{"href":"https:\/\/www.opinionpublica.tv\/portada\/wp-json\/wp\/v2\/posts\/90654","targetHints":{"allow":["GET"]}}],"collection":[{"href":"https:\/\/www.opinionpublica.tv\/portada\/wp-json\/wp\/v2\/posts"}],"about":[{"href":"https:\/\/www.opinionpublica.tv\/portada\/wp-json\/wp\/v2\/types\/post"}],"author":[{"embeddable":true,"href":"https:\/\/www.opinionpublica.tv\/portada\/wp-json\/wp\/v2\/users\/6"}],"replies":[{"embeddable":true,"href":"https:\/\/www.opinionpublica.tv\/portada\/wp-json\/wp\/v2\/comments?post=90654"}],"version-history":[{"count":2,"href":"https:\/\/www.opinionpublica.tv\/portada\/wp-json\/wp\/v2\/posts\/90654\/revisions"}],"predecessor-version":[{"id":90666,"href":"https:\/\/www.opinionpublica.tv\/portada\/wp-json\/wp\/v2\/posts\/90654\/revisions\/90666"}],"wp:featuredmedia":[{"embeddable":true,"href":"https:\/\/www.opinionpublica.tv\/portada\/wp-json\/wp\/v2\/media\/90655"}],"wp:attachment":[{"href":"https:\/\/www.opinionpublica.tv\/portada\/wp-json\/wp\/v2\/media?parent=90654"}],"wp:term":[{"taxonomy":"category","embeddable":true,"href":"https:\/\/www.opinionpublica.tv\/portada\/wp-json\/wp\/v2\/categories?post=90654"},{"taxonomy":"post_tag","embeddable":true,"href":"https:\/\/www.opinionpublica.tv\/portada\/wp-json\/wp\/v2\/tags?post=90654"}],"curies":[{"name":"wp","href":"https:\/\/api.w.org\/{rel}","templated":true}]}}