{"id":90546,"date":"2026-07-27T00:01:00","date_gmt":"2026-07-27T06:01:00","guid":{"rendered":"https:\/\/www.opinionpublica.tv\/portada\/?p=90546"},"modified":"2026-07-26T21:34:11","modified_gmt":"2026-07-27T03:34:11","slug":"llama-educacion-vial-a-no-utilizar-el-celular-al-conducir-por-alta-incidencia-de-accidentes","status":"publish","type":"post","link":"https:\/\/www.opinionpublica.tv\/portada\/llama-educacion-vial-a-no-utilizar-el-celular-al-conducir-por-alta-incidencia-de-accidentes\/","title":{"rendered":"Llama Educaci\u00f3n Vial a no utilizar el celular al conducir por alto riesgo de accidentes"},"content":{"rendered":"\n<figure class=\"wp-block-image size-large\"><img fetchpriority=\"high\" decoding=\"async\" width=\"1024\" height=\"461\" src=\"https:\/\/www.opinionpublica.tv\/portada\/wp-content\/uploads\/2026\/07\/Llama-Educacion-Vial-a-no-utilizar-el-celular-al-conducir-por-alto-riesgo-de-accidentes-1024x461.jpeg\" alt=\"Llama Educacio\u0301n Vial a no utilizar el celular al conducir por alto riesgo de accidentes\" class=\"wp-image-90550\" srcset=\"https:\/\/www.opinionpublica.tv\/portada\/wp-content\/uploads\/2026\/07\/Llama-Educacion-Vial-a-no-utilizar-el-celular-al-conducir-por-alto-riesgo-de-accidentes-1024x461.jpeg 1024w, https:\/\/www.opinionpublica.tv\/portada\/wp-content\/uploads\/2026\/07\/Llama-Educacion-Vial-a-no-utilizar-el-celular-al-conducir-por-alto-riesgo-de-accidentes-300x135.jpeg 300w, https:\/\/www.opinionpublica.tv\/portada\/wp-content\/uploads\/2026\/07\/Llama-Educacion-Vial-a-no-utilizar-el-celular-al-conducir-por-alto-riesgo-de-accidentes-768x346.jpeg 768w, https:\/\/www.opinionpublica.tv\/portada\/wp-content\/uploads\/2026\/07\/Llama-Educacion-Vial-a-no-utilizar-el-celular-al-conducir-por-alto-riesgo-de-accidentes-1536x691.jpeg 1536w, https:\/\/www.opinionpublica.tv\/portada\/wp-content\/uploads\/2026\/07\/Llama-Educacion-Vial-a-no-utilizar-el-celular-al-conducir-por-alto-riesgo-de-accidentes.jpeg 1600w\" sizes=\"(max-width: 1024px) 100vw, 1024px\" \/><\/figure>\n\n\n\n<p class=\"wp-block-paragraph\"><em>Ciudad Ju\u00e1rez, Chih<\/em>.- Utilizar el tel\u00e9fono celular o cualquier otro distractor mientras se conduce no solo afecta la fluidez del tr\u00e1nsito vehicular, sino que tambi\u00e9n incrementa el riesgo de accidentes. Por ello, agentes de la Coordinaci\u00f3n General de Seguridad Vial, adscritos al \u00e1rea de Educaci\u00f3n Vial, realizan acciones de concientizaci\u00f3n en distintos cruceros de la ciudad para informar a los automovilistas sobre los riesgos de esta pr\u00e1ctica.<\/p>\n\n\n\n<p class=\"wp-block-paragraph\">Mediante la entrega de volantes, los polic\u00edas viales exhortan a las y los conductores a evitar el uso del tel\u00e9fono celular mientras el veh\u00edculo est\u00e1 en circulaci\u00f3n o encendido, ya que, adem\u00e1s del riesgo que representa para la seguridad vial, esta conducta es motivo de sanci\u00f3n.<\/p>\n\n\n\n<p class=\"wp-block-paragraph\">Las vialidades donde se han llevado a cabo estas acciones son:<\/p>\n\n\n\n<p class=\"wp-block-paragraph\">\u2022 21 de Marzo y avenida Adolfo L\u00f3pez Mateos<\/p>\n\n\n\n<p class=\"wp-block-paragraph\">\u2022 Mezquital y Almendro<\/p>\n\n\n\n<p class=\"wp-block-paragraph\">\u2022 Paseo del Sur y bulevar Independencia<\/p>\n\n\n\n<p class=\"wp-block-paragraph\">\u2022 Puerto de Palos y Puerto Dunquerque<\/p>\n\n\n\n<p class=\"wp-block-paragraph\">\u2022 Reforma y Municipio Libre<\/p>\n\n\n\n<p class=\"wp-block-paragraph\">\u2022 Ram\u00f3n Ray\u00f3n y Santiago Troncoso<\/p>\n\n\n\n<p class=\"wp-block-paragraph\">\u2022 Rinc\u00f3n de Extremadura y Santiago Troncoso<\/p>\n\n\n\n<p class=\"wp-block-paragraph\">\u2022 Plutarco El\u00edas Calles y Ej\u00e9rcito Nacional<\/p>\n\n\n\n<p class=\"wp-block-paragraph\">\u2022 Yep\u00f3mera y Hacienda del Para\u00edso<\/p>\n\n\n\n<p class=\"wp-block-paragraph\">De acuerdo con el Reglamento de Vialidad y Tr\u00e1nsito para el Municipio de Ju\u00e1rez, en el art\u00edculo 88, fracci\u00f3n XX, los conductores de cualquier tipo de veh\u00edculo tienen la obligaci\u00f3n de no conducir operando o accionando tel\u00e9fonos celulares o cualquier otro aparato electr\u00f3nico, el\u00e9ctrico o mec\u00e1nico que provoque distracci\u00f3n, salvo que se utilicen dispositivos de manos libres que no obstruyan la visibilidad.<\/p>\n","protected":false},"excerpt":{"rendered":"<p>Ciudad Ju\u00e1rez, Chih.- Utilizar el tel\u00e9fono celular o cualquier otro distractor mientras se conduce no solo afecta la fluidez del tr\u00e1nsito vehicular, sino que tambi\u00e9n incrementa el riesgo de accidentes. Por ello, agentes de la Coordinaci\u00f3n General de Seguridad Vial, adscritos al \u00e1rea de Educaci\u00f3n Vial, realizan acciones de concientizaci\u00f3n en distintos cruceros de la [&hellip;]<\/p>\n","protected":false},"author":6,"featured_media":90550,"comment_status":"closed","ping_status":"closed","sticky":false,"template":"","format":"standard","meta":{"_acf_changed":false,"_monsterinsights_skip_tracking":false,"slim_seo":{"title":"Llama Educaci\u00f3n Vial a no utilizar el celular al conducir por alto riesgo de accidentes - Opini\u00f3n P\u00fablica","description":"Ciudad Ju\u00e1rez, Chih .- Utilizar el tel\u00e9fono celular o cualquier otro distractor mientras se conduce no solo afecta la fluidez del tr\u00e1nsito vehicular, sino que t"},"footnotes":""},"categories":[41],"tags":[2277,399,608,3820],"class_list":["post-90546","post","type-post","status-publish","format-standard","has-post-thumbnail","hentry","category-juarez","tag-accidentes-automovilisticos","tag-celulares","tag-ciudad-juarez","tag-educacion-vial"],"acf":[],"_links":{"self":[{"href":"https:\/\/www.opinionpublica.tv\/portada\/wp-json\/wp\/v2\/posts\/90546","targetHints":{"allow":["GET"]}}],"collection":[{"href":"https:\/\/www.opinionpublica.tv\/portada\/wp-json\/wp\/v2\/posts"}],"about":[{"href":"https:\/\/www.opinionpublica.tv\/portada\/wp-json\/wp\/v2\/types\/post"}],"author":[{"embeddable":true,"href":"https:\/\/www.opinionpublica.tv\/portada\/wp-json\/wp\/v2\/users\/6"}],"replies":[{"embeddable":true,"href":"https:\/\/www.opinionpublica.tv\/portada\/wp-json\/wp\/v2\/comments?post=90546"}],"version-history":[{"count":3,"href":"https:\/\/www.opinionpublica.tv\/portada\/wp-json\/wp\/v2\/posts\/90546\/revisions"}],"predecessor-version":[{"id":90551,"href":"https:\/\/www.opinionpublica.tv\/portada\/wp-json\/wp\/v2\/posts\/90546\/revisions\/90551"}],"wp:featuredmedia":[{"embeddable":true,"href":"https:\/\/www.opinionpublica.tv\/portada\/wp-json\/wp\/v2\/media\/90550"}],"wp:attachment":[{"href":"https:\/\/www.opinionpublica.tv\/portada\/wp-json\/wp\/v2\/media?parent=90546"}],"wp:term":[{"taxonomy":"category","embeddable":true,"href":"https:\/\/www.opinionpublica.tv\/portada\/wp-json\/wp\/v2\/categories?post=90546"},{"taxonomy":"post_tag","embeddable":true,"href":"https:\/\/www.opinionpublica.tv\/portada\/wp-json\/wp\/v2\/tags?post=90546"}],"curies":[{"name":"wp","href":"https:\/\/api.w.org\/{rel}","templated":true}]}}