{"id":90449,"date":"2026-07-26T00:01:00","date_gmt":"2026-07-26T06:01:00","guid":{"rendered":"https:\/\/www.opinionpublica.tv\/portada\/?p=90449"},"modified":"2026-07-25T18:19:39","modified_gmt":"2026-07-26T00:19:39","slug":"en-junio-repuntan-casos-de-mujeres-victimas-de-lesiones-dolosas-y-violencia-familiar","status":"publish","type":"post","link":"https:\/\/www.opinionpublica.tv\/portada\/en-junio-repuntan-casos-de-mujeres-victimas-de-lesiones-dolosas-y-violencia-familiar\/","title":{"rendered":"Repuntan en junio casos de mujeres v\u00edctimas de lesiones dolosas y violencia familiar"},"content":{"rendered":"\n<figure class=\"wp-block-image size-full\"><img fetchpriority=\"high\" decoding=\"async\" width=\"1006\" height=\"620\" src=\"https:\/\/www.opinionpublica.tv\/portada\/wp-content\/uploads\/2026\/07\/Repuntan-en-junio-casos-de-mujeres-victimas-de-lesiones-dolosas-y-violencia-familiar.avif\" alt=\"Repuntan en junio casos de mujeres vi\u0301ctimas de lesiones dolosas y violencia familiar\" class=\"wp-image-90452\" srcset=\"https:\/\/www.opinionpublica.tv\/portada\/wp-content\/uploads\/2026\/07\/Repuntan-en-junio-casos-de-mujeres-victimas-de-lesiones-dolosas-y-violencia-familiar.avif 1006w, https:\/\/www.opinionpublica.tv\/portada\/wp-content\/uploads\/2026\/07\/Repuntan-en-junio-casos-de-mujeres-victimas-de-lesiones-dolosas-y-violencia-familiar-300x185.avif 300w, https:\/\/www.opinionpublica.tv\/portada\/wp-content\/uploads\/2026\/07\/Repuntan-en-junio-casos-de-mujeres-victimas-de-lesiones-dolosas-y-violencia-familiar-768x473.avif 768w\" sizes=\"(max-width: 1006px) 100vw, 1006px\" \/><\/figure>\n\n\n\n<p class=\"wp-block-paragraph\">Las mujeres v\u00edctimas de lesiones dolosas alcanzaron en junio un total de 7 mil 476, la segunda cifra m\u00e1s alta de que se registr\u00f3 en el reporte mensual de violencia contra las mujeres del Sistema Nacional de Seguridad P\u00fablica, que data de 2015.<\/p>\n\n\n\n<p class=\"wp-block-paragraph\">Ello significa que al menos 249 mujeres mayores de 30 a\u00f1os fueron v\u00edctimas de este delito del fuero com\u00fan diariamente en el pa\u00eds, principalmente en el Estado de M\u00e9xico, Guanajuato, Aguascalientes, Baja California Sur, Hidalgo, Michoac\u00e1n y Sinaloa, en tasa por cada 100 mil habitantes.<\/p>\n\n\n\n<p class=\"wp-block-paragraph\">De enero a junio, suman 42 mil 21 v\u00edctimas mujeres de lesiones dolosas, de acuerdo con el informe elaborado por el Sistema Nacional de Seguridad P\u00fablica con base en las carpetas de investigaci\u00f3n iniciadas por las fiscal\u00edas o procuradur\u00edas estatales.<\/p>\n\n\n\n<p class=\"wp-block-paragraph\">En este a\u00f1o, el segundo del sexenio de la presidenta Claudia Sheinbaum Pardo, se rebasaron por primera vez las siete mil v\u00edctimas mujeres de lesiones dolosas, siendo mayo el que impuso r\u00e9cord hist\u00f3rico de 7 mil 940 v\u00edctimas, en cifras del reporte de violencia contra las mujeres.<\/p>\n\n\n\n<p class=\"wp-block-paragraph\">El delito de lesiones dolosas es considerado un paso antes al homicidio o feminicidio por autoridades ministeriales y de la defensa de derechos humanos. Es competencia de las fiscal\u00edas o procuradur\u00edas estatales.<\/p>\n\n\n\n<p class=\"wp-block-paragraph\">Seg\u00fan el informe, Estado de M\u00e9xico es el primer lugar con una tasa de 148.9 v\u00edctimas mujeres de lesiones dolosas por cada 100 mil habitantes. Le siguen Guanajuato, 135.8 v\u00edctimas; Aguascalientes, 128; Baja California Sur, 100; Hidalgo, 92; Michoac\u00e1n, 86; Sinaloa, 77.9.<\/p>\n\n\n\n<p class=\"wp-block-paragraph\">Asimismo, el delito de violencia familiar registr\u00f3 en junio la segunda cifra m\u00e1s alta con 25 mil 31 carpetas de investigaci\u00f3n abiertas en el pa\u00eds, entre ellas la del caso del exdirector de Petr\u00f3leos Mexicanos (Pemex), V\u00edctor Padilla, vinculado a proceso por violencia familiar contra su esposa Mar\u00eda Felicia Jim\u00e9nez y su hijo de seis a\u00f1os de edad.<\/p>\n\n\n\n<p class=\"wp-block-paragraph\">Sin embargo, el exfuncionario y acad\u00e9mico recuper\u00f3 su libertad del penal de Atlacholoaya, en el municipio de Xochitepec, Morelos, donde estuvo unos d\u00edas.<\/p>\n\n\n\n<p class=\"wp-block-paragraph\"><em>Con informaci\u00f3n de El Universal<\/em>.<\/p>\n","protected":false},"excerpt":{"rendered":"<p>Las mujeres v\u00edctimas de lesiones dolosas alcanzaron en junio un total de 7 mil 476, la segunda cifra m\u00e1s alta de que se registr\u00f3 en el reporte mensual de violencia contra las mujeres del Sistema Nacional de Seguridad P\u00fablica, que data de 2015. Ello significa que al menos 249 mujeres mayores de 30 a\u00f1os fueron [&hellip;]<\/p>\n","protected":false},"author":6,"featured_media":90452,"comment_status":"closed","ping_status":"closed","sticky":false,"template":"","format":"standard","meta":{"_acf_changed":false,"_monsterinsights_skip_tracking":false,"slim_seo":{"title":"Repuntan en junio casos de mujeres v\u00edctimas de lesiones dolosas y violencia familiar - Opini\u00f3n P\u00fablica","description":"Las mujeres v\u00edctimas de lesiones dolosas alcanzaron en junio un total de 7 mil 476, la segunda cifra m\u00e1s alta de que se registr\u00f3 en el reporte mensual de violen"},"footnotes":""},"categories":[4],"tags":[458,3919],"class_list":["post-90449","post","type-post","status-publish","format-standard","has-post-thumbnail","hentry","category-pulsopolitico","tag-mujeres","tag-violencia-familiar-y-vicaria"],"acf":[],"_links":{"self":[{"href":"https:\/\/www.opinionpublica.tv\/portada\/wp-json\/wp\/v2\/posts\/90449","targetHints":{"allow":["GET"]}}],"collection":[{"href":"https:\/\/www.opinionpublica.tv\/portada\/wp-json\/wp\/v2\/posts"}],"about":[{"href":"https:\/\/www.opinionpublica.tv\/portada\/wp-json\/wp\/v2\/types\/post"}],"author":[{"embeddable":true,"href":"https:\/\/www.opinionpublica.tv\/portada\/wp-json\/wp\/v2\/users\/6"}],"replies":[{"embeddable":true,"href":"https:\/\/www.opinionpublica.tv\/portada\/wp-json\/wp\/v2\/comments?post=90449"}],"version-history":[{"count":2,"href":"https:\/\/www.opinionpublica.tv\/portada\/wp-json\/wp\/v2\/posts\/90449\/revisions"}],"predecessor-version":[{"id":90453,"href":"https:\/\/www.opinionpublica.tv\/portada\/wp-json\/wp\/v2\/posts\/90449\/revisions\/90453"}],"wp:featuredmedia":[{"embeddable":true,"href":"https:\/\/www.opinionpublica.tv\/portada\/wp-json\/wp\/v2\/media\/90452"}],"wp:attachment":[{"href":"https:\/\/www.opinionpublica.tv\/portada\/wp-json\/wp\/v2\/media?parent=90449"}],"wp:term":[{"taxonomy":"category","embeddable":true,"href":"https:\/\/www.opinionpublica.tv\/portada\/wp-json\/wp\/v2\/categories?post=90449"},{"taxonomy":"post_tag","embeddable":true,"href":"https:\/\/www.opinionpublica.tv\/portada\/wp-json\/wp\/v2\/tags?post=90449"}],"curies":[{"name":"wp","href":"https:\/\/api.w.org\/{rel}","templated":true}]}}